{"id":1011648,"date":"2026-05-11T19:59:15","date_gmt":"2026-05-11T19:59:15","guid":{"rendered":"https:\/\/www.europesays.com\/de\/1011648\/"},"modified":"2026-05-11T19:59:15","modified_gmt":"2026-05-11T19:59:15","slug":"pro-bahn-kritisiert-anhaltende-zugausfaelle-beim-trilex","status":"publish","type":"post","link":"https:\/\/www.europesays.com\/de\/1011648\/","title":{"rendered":"Pro Bahn kritisiert anhaltende Zugausf\u00e4lle beim Trilex"},"content":{"rendered":"<p>Zugausf\u00e4lle, kurze Z\u00fcge, volle Abteile: Beim Trilex spitzt sich die Lage weiter zu. Der Fahrgastverband fordert schnelle \u00dcbergangsl\u00f6sungen.<\/p>\n<p>Anhaltende Fahrzeugengp\u00e4sse sorgen beim Trilex in Ostsachsen weiterhin f\u00fcr Probleme im Regionalverkehr. Auf wichtigen Verbindungen zwischen Dresden, Bischofswerda, G\u00f6rlitz und Zittau kommt es regelm\u00e4\u00dfig zu kurzfristigen Zugausf\u00e4llen, verk\u00fcrzten Zugverb\u00e4nden und stark \u00fcberf\u00fcllten Z\u00fcgen. Darauf hat der Fahrgastverband Pro Bahn aufmerksam gemacht. Betroffen seien vor allem Pendler, Sch\u00fclerinnen und Sch\u00fcler sowie Reisende im grenz\u00fcberschreitenden Verkehr, teilte der Verband mit.<\/p>\n<p>\u201eViele Fahrg\u00e4ste erleben derzeit t\u00e4glich, wie schwierig und unzuverl\u00e4ssig Bahnfahren in der Region geworden ist\u201c, erkl\u00e4rte Ingo Koschenz, Sprecher der Pro\u2011Bahn\u2011Regionalgruppe Ostsachsen. Gerade zu den Hauptverkehrszeiten sei die Belastung besonders gro\u00df. \u00dcberf\u00fcllte Z\u00fcge f\u00fchrten nicht nur zu Komforteinbu\u00dfen, sondern erschwerten auch die Fahrradmitnahme und sorgten bei vielen Reisenden f\u00fcr zus\u00e4tzlichen Stress.<\/p>\n<p>Nach Angaben des Betreibers sind mehrere Fahrzeuge gleichzeitig wegen Fristarbeiten und technischer Sch\u00e4den nicht einsatzf\u00e4hig. Dadurch fehle es an ausreichend Reservefahrzeugen, um den Fahrplan stabil abzusichern. Pro Bahn begr\u00fc\u00dft zwar, dass der Betreiber offen \u00fcber die Probleme informiert, fordert aber zugleich konkrete und kurzfristige Ma\u00dfnahmen. \u201eDie Fahrg\u00e4ste erwarten zu Recht, dass sich die Situation schnell verbessert\u201c, so Koschenz.<\/p>\n","protected":false},"excerpt":{"rendered":"Zugausf\u00e4lle, kurze Z\u00fcge, volle Abteile: Beim Trilex spitzt sich die Lage weiter zu. Der Fahrgastverband fordert schnelle \u00dcbergangsl\u00f6sungen.&hellip;\n","protected":false},"author":2,"featured_media":1011649,"comment_status":"","ping_status":"","sticky":false,"template":"","format":"standard","meta":{"footnotes":"","_share_on_mastodon":"0"},"categories":[1835],"tags":[125058,2227,3364,29,2386,30,13856,19495,4935,859,171469],"class_list":["post-1011648","post","type-post","status-publish","format-standard","has-post-thumbnail","category-dresden","tag-zugausflle","tag-bahnverkehr","tag-de","tag-deutschland","tag-dresden","tag-germany","tag-ostsachsen","tag-pro-bahn","tag-regionalverkehr","tag-sachsen","tag-trilex"],"share_on_mastodon":{"url":"https:\/\/pubeurope.com\/@de\/116557720330730559","error":""},"_links":{"self":[{"href":"https:\/\/www.europesays.com\/de\/wp-json\/wp\/v2\/posts\/1011648","targetHints":{"allow":["GET"]}}],"collection":[{"href":"https:\/\/www.europesays.com\/de\/wp-json\/wp\/v2\/posts"}],"about":[{"href":"https:\/\/www.europesays.com\/de\/wp-json\/wp\/v2\/types\/post"}],"author":[{"embeddable":true,"href":"https:\/\/www.europesays.com\/de\/wp-json\/wp\/v2\/users\/2"}],"replies":[{"embeddable":true,"href":"https:\/\/www.europesays.com\/de\/wp-json\/wp\/v2\/comments?post=1011648"}],"version-history":[{"count":0,"href":"https:\/\/www.europesays.com\/de\/wp-json\/wp\/v2\/posts\/1011648\/revisions"}],"wp:featuredmedia":[{"embeddable":true,"href":"https:\/\/www.europesays.com\/de\/wp-json\/wp\/v2\/media\/1011649"}],"wp:attachment":[{"href":"https:\/\/www.europesays.com\/de\/wp-json\/wp\/v2\/media?parent=1011648"}],"wp:term":[{"taxonomy":"category","embeddable":true,"href":"https:\/\/www.europesays.com\/de\/wp-json\/wp\/v2\/categories?post=1011648"},{"taxonomy":"post_tag","embeddable":true,"href":"https:\/\/www.europesays.com\/de\/wp-json\/wp\/v2\/tags?post=1011648"}],"curies":[{"name":"wp","href":"https:\/\/api.w.org\/{rel}","templated":true}]}}