{"id":1011707,"date":"2026-05-11T20:31:25","date_gmt":"2026-05-11T20:31:25","guid":{"rendered":"https:\/\/www.europesays.com\/de\/1011707\/"},"modified":"2026-05-11T20:31:25","modified_gmt":"2026-05-11T20:31:25","slug":"cdu-will-gehaelter-von-intendanten-bei-ard-zdf-und-dritten-deckeln-politik","status":"publish","type":"post","link":"https:\/\/www.europesays.com\/de\/1011707\/","title":{"rendered":"CDU will Geh\u00e4lter von Intendanten bei ARD, ZDF und Dritten deckeln! | Politik"},"content":{"rendered":"<p><a class=\"skip-content skip-content--link\" href=\"#in-content-skip-link-target-v-0-0\">TTS-Player \u00fcberspringen\u21b5<\/a><a id=\"in-content-skip-link-target-v-0-0\" class=\"skip-content--target-link-hidden skip-content skip-content--target-link\" href=\"#in-content-skip-link-target-v-0-0\">Artikel weiterlesen<\/a><\/p>\n<p>Magdeburg (Sachsen-Anhalt) \u2013<b> Mega-Geh\u00e4lter f\u00fcr die Intendanten bei den \u00d6ffentlich-Rechtlichen und gleichzeitig Schrumpfprogramm wie zuletzt beim MDR \u2013 f\u00fcr die CDU in Sachsen-Anhalt ist damit eine Grenze erreicht. Die Landtagsfraktion fordert einen klaren Gehaltsdeckel: K\u00fcnftig soll kein Intendant mehr verdienen als der Ministerpr\u00e4sident im Sendegebiet. Am Montag legte die Fraktion in Magdeburg ein entsprechendes Positionspapier vor.<\/b><\/p>\n<p>\u201eEs ist nun mal dem B\u00fcrger schwer zu erkl\u00e4ren, dass Intendantengeh\u00e4lter h\u00f6her sind als die von Ministerpr\u00e4sidenten, die viel mehr Verantwortung tragen\u201c, erkl\u00e4rte der medienpolitische Sprecher Markus Kurze (55). Die Intendantenverg\u00fctungen beim <a href=\"https:\/\/www.bild.de\/themen\/organisationen\/zdf\/organisation-news-fotos-videos-19409352.bild.html\" class=\"text-link\" rel=\"nofollow noopener\" target=\"_blank\">ZDF<\/a> und den <a href=\"https:\/\/www.bild.de\/themen\/organisationen\/ard\/organisation-news-fotos-videos-19409060.bild.html\" class=\"text-link\" rel=\"nofollow noopener\" target=\"_blank\">ARD\u2011Anstalten<\/a> liegen zwischen 220.000 und 430.000 Euro im Jahr. Die Ministerpr\u00e4sidenten der L\u00e4nder kommen dagegen grob auf 186.000 bis 252.000 Euro brutto j\u00e4hrlich.<\/p>\n<p><img decoding=\"async\" width=\"992\" height=\"558\" alt=\"RBB-Intendantin Ulrike Demmer (53) ist eine Ausnahme. Ihr Gehalt liegt unter dem eines der beiden Landeschefs\" src=\"https:\/\/www.europesays.com\/de\/wp-content\/uploads\/2026\/05\/026e84e5371a7c5e48a43c29a79987db,d479f616.jpeg\"   class=\"landscape\" loading=\"lazy\"\/><\/p>\n<p class=\"fig__caption__text\">RBB-Intendantin Ulrike Demmer (53) ist eine Ausnahme. Ihr Gehalt liegt unter dem eines der beiden Landeschefs<\/p>\n<p>Foto: IMAGO\/epd<\/p>\n<p>Einzige Ausnahme ist der RBB, der f\u00fcr Berlin und Brandenburg sendet. Intendantin Ulrike Demmer (53) erh\u00e4lt rund 220.000 Euro im Jahr. In Berlin verdient der Regierende B\u00fcrgermeister <a href=\"https:\/\/www.bild.de\/politik\/meinung-kommentare-kolumnen\/mail-von-martenstein-lieber-kai-wegner-69e4e984064e04c985e992cc\" class=\"text-link\" rel=\"nofollow noopener\" target=\"_blank\">Kai Wegner<\/a> (53, CDU) mit ungef\u00e4hr 229.300 Euro etwas mehr als sie. In Brandenburg ist es wiederum umgekehrt. Dort kommt Ministerpr\u00e4sident Dietmar Woidke (64, SPD) auf rund 212.200 Euro j\u00e4hrlich \u2013 7800 Euro weniger als die Intendantin.<\/p>\n<p>Auch keine utopischen Geh\u00e4lter f\u00fcr Stars<\/p>\n<p>Im Positionspapier der <a href=\"https:\/\/www.bild.de\/politik\/inland\/cdu\/cdu-csu-alle-infos-76661590.bild.html\" class=\"text-link\" rel=\"nofollow noopener\" target=\"_blank\">CDU <\/a>hei\u00dft es w\u00f6rtlich: \u201eDie Verg\u00fctung von F\u00fchrungskr\u00e4ften muss am \u00f6ffentlichen Dienst und nicht am privaten Sektor orientiert sein. Geh\u00e4lter f\u00fcr Stars und Moderatoren in utopischen H\u00f6hen darf es beim \u00d6RR nicht geben.\u201c<\/p>\n<p><a class=\"article-image__anchor\" href=\"https:\/\/debatte.bild.de\/debatte\/sollten-die-intendanten-gehalter-im-orr-gedeckelt-werden\" target=\"_blank\" rel=\"noopener nofollow\"><img decoding=\"async\" width=\"992\" height=\"186\" alt=\"\" src=\"https:\/\/www.europesays.com\/de\/wp-content\/uploads\/2026\/05\/baba1a337eabebfb56d4ca29e5d2b986,1117e2e9.png\"   class=\"dynamic\" loading=\"lazy\"\/><\/a><\/p>\n<p>Foto: BILD Visual<\/p>\n<p>Die Gehaltsfrage ist Teil eines gr\u00f6\u00dferen Reformprozesses. Bereits vor drei Jahren setzte der Landtag von Sachsen-Anhalt eine Enquete-Kommission mit dem Titel \u201eDas Vertrauen in den \u00f6ffentlich-rechtlichen Rundfunk durch Transparenz und Reformwillen st\u00e4rken\u201c ein. In diesem Gremium arbeiten Abgeordnete aller Fraktionen. In einigen Wochen sollen die Gesamtergebnisse vorgestellt werden.<\/p>\n<p>Mehr zum Thema<\/p>\n<p>Die CDU dr\u00e4ngt auch auf den Abbau von Doppelangeboten bei ARD und ZDF. Den Rundfunkbeitrag von aktuell 18,36 Euro pro Monat will sie stabil halten. Langfristig strebe man sogar eine Senkung an, sagte CDU-Obmann Marco Tullner (57). Auch der Programmauftrag ist der CDU zu weit gefasst. Er solle sich st\u00e4rker auf Nachrichten, Bildung und Kultur konzentrieren. <\/p>\n","protected":false},"excerpt":{"rendered":"TTS-Player \u00fcberspringen\u21b5Artikel weiterlesen Magdeburg (Sachsen-Anhalt) \u2013 Mega-Geh\u00e4lter f\u00fcr die Intendanten bei den \u00d6ffentlich-Rechtlichen und gleichzeitig Schrumpfprogramm wie zuletzt&hellip;\n","protected":false},"author":2,"featured_media":1011708,"comment_status":"","ping_status":"","sticky":false,"template":"","format":"standard","meta":{"footnotes":"","_share_on_mastodon":"0"},"categories":[1773],"tags":[223,31,29,214,30,70440,8755,5849,860,471,1780,138370,215,1448],"class_list":["post-1011707","post","type-post","status-publish","format-standard","has-post-thumbnail","category-serien","tag-ard","tag-cdu","tag-deutschland","tag-entertainment","tag-germany","tag-gez","tag-intendant","tag-rundfunkbeitrag","tag-sachsen-anhalt","tag-serien","tag-series","tag-team-first","tag-unterhaltung","tag-zdf"],"share_on_mastodon":{"url":"https:\/\/pubeurope.com\/@de\/116557847333499655","error":""},"_links":{"self":[{"href":"https:\/\/www.europesays.com\/de\/wp-json\/wp\/v2\/posts\/1011707","targetHints":{"allow":["GET"]}}],"collection":[{"href":"https:\/\/www.europesays.com\/de\/wp-json\/wp\/v2\/posts"}],"about":[{"href":"https:\/\/www.europesays.com\/de\/wp-json\/wp\/v2\/types\/post"}],"author":[{"embeddable":true,"href":"https:\/\/www.europesays.com\/de\/wp-json\/wp\/v2\/users\/2"}],"replies":[{"embeddable":true,"href":"https:\/\/www.europesays.com\/de\/wp-json\/wp\/v2\/comments?post=1011707"}],"version-history":[{"count":0,"href":"https:\/\/www.europesays.com\/de\/wp-json\/wp\/v2\/posts\/1011707\/revisions"}],"wp:featuredmedia":[{"embeddable":true,"href":"https:\/\/www.europesays.com\/de\/wp-json\/wp\/v2\/media\/1011708"}],"wp:attachment":[{"href":"https:\/\/www.europesays.com\/de\/wp-json\/wp\/v2\/media?parent=1011707"}],"wp:term":[{"taxonomy":"category","embeddable":true,"href":"https:\/\/www.europesays.com\/de\/wp-json\/wp\/v2\/categories?post=1011707"},{"taxonomy":"post_tag","embeddable":true,"href":"https:\/\/www.europesays.com\/de\/wp-json\/wp\/v2\/tags?post=1011707"}],"curies":[{"name":"wp","href":"https:\/\/api.w.org\/{rel}","templated":true}]}}