{"id":1012962,"date":"2026-05-12T08:28:17","date_gmt":"2026-05-12T08:28:17","guid":{"rendered":"https:\/\/www.europesays.com\/de\/1012962\/"},"modified":"2026-05-12T08:28:17","modified_gmt":"2026-05-12T08:28:17","slug":"tempo-30-auf-der-evinger-strasse-stadt-reagiert-auf-forderung-nach-sicherem-schulweg","status":"publish","type":"post","link":"https:\/\/www.europesays.com\/de\/1012962\/","title":{"rendered":"Tempo 30 auf der Evinger Stra\u00dfe: Stadt reagiert auf Forderung nach sicherem Schulweg"},"content":{"rendered":"<p>\t\tTempo 30 auf der Evinger Stra\u00dfe<br \/>\n\t\t\t\t\tStadt reagiert auf Forderung nach sicherem Schulweg<\/p>\n<p>\t\t<img alt=\"\" src=\"https:\/\/www.europesays.com\/de\/wp-content\/uploads\/2025\/05\/630_0036_48786_.jpg\"  class=\"avatar avatar-36 photo avatar-default\" height=\"36\" width=\"36\" loading=\"eager\" decoding=\"async\"\/>\t\t<a class=\"article-author__name\" href=\"https:\/\/www.ruhrnachrichten.de\/author\/andreas-schroeter\/\" rel=\"author nofollow noopener\" target=\"_blank\">Andreas Schr\u00f6ter<\/a><br \/>\n\t\tRedakteur<\/p>\n<p>    <a href=\"https:\/\/www.ruhrnachrichten.de\/wp-content\/uploads\/2026\/05\/12\/06\/630_0900_6188735_-1648x824.jpg\" rel=\"nofollow noopener\" target=\"_blank\"><\/p>\n<p>            <img loading=\"lazy\" decoding=\"async\" src=\"https:\/\/www.europesays.com\/de\/wp-content\/uploads\/2026\/05\/630_0900_6188764_-640x428.jpg\" width=\"640\" height=\"428\"  alt=\"Auf der Evinger Stra\u00dfe gilt ab sofort in H\u00f6he der Einm\u00fcndung zur Lothringer Stra\u00dfe wochentags von 7 bis 17 Uhr Tempo 39.\"\/><\/p>\n<p>    <\/a><br \/>\n    Auf der Evinger Stra\u00dfe gilt ab sofort in H\u00f6he der Einm\u00fcndung zur Lothringer Stra\u00dfe wochentags von 7 bis 17 Uhr Tempo 39. \u00a9 R\u00fcdiger Hagenbucher<\/p>\n<p class=\"article__teaser-text\">Eltern hatten Tempo 30 auf der B54 gefordert. Nun stehen die Schilder. In Eving wird \u00fcber Sicherheit, Ampeln und Kontrollen diskutiert.<\/p>\n<p>2 Min Lesezeit<\/p>\n","protected":false},"excerpt":{"rendered":"Tempo 30 auf der Evinger Stra\u00dfe Stadt reagiert auf Forderung nach sicherem Schulweg Andreas Schr\u00f6ter Redakteur Auf der&hellip;\n","protected":false},"author":2,"featured_media":1012963,"comment_status":"","ping_status":"","sticky":false,"template":"","format":"standard","meta":{"footnotes":"","_share_on_mastodon":"0"},"categories":[1833],"tags":[3364,29,217,13484,30,1209,3587],"class_list":["post-1012962","post","type-post","status-publish","format-standard","has-post-thumbnail","category-dortmund","tag-de","tag-deutschland","tag-dortmund","tag-eving","tag-germany","tag-nordrhein-westfalen","tag-verkehr-mobilitaet"],"share_on_mastodon":{"url":"https:\/\/pubeurope.com\/@de\/116560665701833550","error":""},"_links":{"self":[{"href":"https:\/\/www.europesays.com\/de\/wp-json\/wp\/v2\/posts\/1012962","targetHints":{"allow":["GET"]}}],"collection":[{"href":"https:\/\/www.europesays.com\/de\/wp-json\/wp\/v2\/posts"}],"about":[{"href":"https:\/\/www.europesays.com\/de\/wp-json\/wp\/v2\/types\/post"}],"author":[{"embeddable":true,"href":"https:\/\/www.europesays.com\/de\/wp-json\/wp\/v2\/users\/2"}],"replies":[{"embeddable":true,"href":"https:\/\/www.europesays.com\/de\/wp-json\/wp\/v2\/comments?post=1012962"}],"version-history":[{"count":0,"href":"https:\/\/www.europesays.com\/de\/wp-json\/wp\/v2\/posts\/1012962\/revisions"}],"wp:featuredmedia":[{"embeddable":true,"href":"https:\/\/www.europesays.com\/de\/wp-json\/wp\/v2\/media\/1012963"}],"wp:attachment":[{"href":"https:\/\/www.europesays.com\/de\/wp-json\/wp\/v2\/media?parent=1012962"}],"wp:term":[{"taxonomy":"category","embeddable":true,"href":"https:\/\/www.europesays.com\/de\/wp-json\/wp\/v2\/categories?post=1012962"},{"taxonomy":"post_tag","embeddable":true,"href":"https:\/\/www.europesays.com\/de\/wp-json\/wp\/v2\/tags?post=1012962"}],"curies":[{"name":"wp","href":"https:\/\/api.w.org\/{rel}","templated":true}]}}