{"id":1013127,"date":"2026-05-12T10:05:23","date_gmt":"2026-05-12T10:05:23","guid":{"rendered":"https:\/\/www.europesays.com\/de\/1013127\/"},"modified":"2026-05-12T10:05:23","modified_gmt":"2026-05-12T10:05:23","slug":"122-neue-und-guenstige-wohnungen-fuer-pasing","status":"publish","type":"post","link":"https:\/\/www.europesays.com\/de\/1013127\/","title":{"rendered":"122 neue und g\u00fcnstige Wohnungen f\u00fcr Pasing"},"content":{"rendered":"<p>            <img loading=\"lazy\" decoding=\"async\" width=\"696\" height=\"394\" class=\"entry-thumb\" src=\"https:\/\/www.europesays.com\/de\/wp-content\/uploads\/2026\/05\/Neubauquartier-Paul-Gerhard-Allee-Pasing_Nusselstrasse_5-Thilo-Haerdtlein-696x394.jpg\"   alt=\"122 neue und g\u00fcnstige Wohnungen f\u00fcr Pasing\" title=\"122 neue und g\u00fcnstige Wohnungen f\u00fcr Pasing\"\/>\u00a9 Thilo H\u00e4rdtlein<\/p>\n<p><strong>Die M\u00fcnchner Wohnen ist nun auch im Neubauquartier an der Pasinger Paul-Gerhardt-Allee vertreten: Die st\u00e4dtische Wohnungsbaugesellschaft beginnt dieser Tage mit der Vermietung von 122 Neubauwohnungen in zwei Einzelprojekten.<\/strong><\/p>\n<p>Mit ihrem Engagement im M\u00fcnchner Westen schafft die M\u00fcnchner Wohnen bezahlbaren Wohnraum in einem der gr\u00f6\u00dften neuen Stadtquartiere der Landeshauptstadt. Die st\u00e4dtische Wohnungsbaugesellschaft kann in zwei Einzelprojekten entlang der Hermine-von-Parish-Stra\u00dfe Wohnraum f\u00fcr mehr als 300 Mieter*innen zur Verf\u00fcgung stellen und tr\u00e4gt zu einer lebendigen und starken Nachbarschaft im neuen Quartier bei: durch passende Wohnungen f\u00fcr Mieter*innen in unterschiedlichen Lebenslagen, gemeinschaftliche Angebote und wichtige soziale Infrastruktur.<\/p>\n<p>Eines der beiden Projekte hat die M\u00fcnchner Wohnen am Eingang des neuen Quartiers zwischen Hermine-von-Parish-Stra\u00dfe und Franz-Langinger-Stra\u00dfe verwirklicht. Neben neuem Wohnraum werden in der Liegenschaft, das aus drei Einzelgeb\u00e4uden besteht, f\u00fcr das neue Quartier wichtige soziale und gemeinschaftliche Nutzungen eingerichtet: eine Kindertageseinrichtung, ein Nachbarschaftstreff sowie ein Kinder- und Familientreff. Auch eine so genannte \u201eSorgende Hausgemeinschaft\u201c mit sieben freifinanzierten Wohneinheiten ist integriert; Dieses Wohnkonzept f\u00f6rdert das nachbarschaftliche Miteinander und richtet sich insbesondere an Menschen, die sich gegenseitig im Alltag unterst\u00fctzen m\u00f6chten. Insgesamt bietet das markante Neubauprojekt 54 Wohnungen, 47 von ihnen werden nach den Vorgaben der Einkommensorientierten F\u00f6rderung (EOF) \u00fcber das Wohnungsportal der Landeshauptstadt M\u00fcnchen (SOWON) vermietet.<\/p>\n<p><strong>Schl\u00fcsselfertige \u00dcbergabe<\/strong><\/p>\n<p>Nur wenige Meter entfernt, zwischen Berdux- und Hermine-von-Parish-Stra\u00dfe, vermietet die M\u00fcnchner Wohnen weitere 68 g\u00fcnstige Wohnungen. Hier handelt es sich um einen schl\u00fcsselfertigen Ankauf, der k\u00fcrzlich \u00fcbergeben wurde. Die M\u00fcnchner Wohnen hatte drei Einzelh\u00e4user eines gr\u00f6\u00dferen Wohnbauprojekts, das von der INDUWO Wohnbau, einem Schwesterunternehmen der DEMOS Wohnbau GmbH, erstellt wurde, erworben. Alle 68 Wohnungen werden auch hier nach den Vorgaben der Einkommensorientierter F\u00f6rderung \u00fcber das SOWON-Portal vermietet. Ein besonderes Merkmal des Projekts sind die gemeinschaftlich nutzbaren Dachg\u00e4rten auf zwei der Geb\u00e4ude, die mit ihrer Begr\u00fcnung zur Aufenthaltsqualit\u00e4t im Quartier beitragen.<\/p>\n<p>\u201eWo M\u00fcnchen w\u00e4chst, ist auch die Wohnungsbaugesellschaft der Landeshauptstadt vertreten\u201c, sagt J\u00f6rg Franzen, Vorsitzender der Gesch\u00e4ftsf\u00fchrung der M\u00fcnchner Wohnen. \u201eMit den 122 neuen Wohnungen an der Paul-Gerhardt-Allee \u2013 sowohl aus Kooperationen als auch aus eigener Baut\u00e4tigkeit \u2013 schaffen wir auch in diesem Neubauquartier bezahlbaren Wohnraum f\u00fcr breite Bev\u00f6lkerungsschichten und leisten zugleich einen wichtigen Beitrag f\u00fcr eine lebendige, sozial ausgewogene Nachbarschaft. Mein Dank gilt allen Kolleginnen und Kollegen, die diese Projekte in Pasing erfolgreich begleitet haben.\u201c<\/p>\n","protected":false},"excerpt":{"rendered":"\u00a9 Thilo H\u00e4rdtlein Die M\u00fcnchner Wohnen ist nun auch im Neubauquartier an der Pasinger Paul-Gerhardt-Allee vertreten: Die st\u00e4dtische&hellip;\n","protected":false},"author":2,"featured_media":1013128,"comment_status":"","ping_status":"","sticky":false,"template":"","format":"standard","meta":{"footnotes":"","_share_on_mastodon":"0"},"categories":[1827],"tags":[218096,772,29,30,1268,58079],"class_list":["post-1013127","post","type-post","status-publish","format-standard","has-post-thumbnail","category-muenchen","tag-122-neue-und-guenstige-wohnungen-fuer-pasing","tag-bayern","tag-deutschland","tag-germany","tag-muenchen","tag-muenchner-wohnen"],"share_on_mastodon":{"url":"https:\/\/pubeurope.com\/@de\/116561046944380067","error":""},"_links":{"self":[{"href":"https:\/\/www.europesays.com\/de\/wp-json\/wp\/v2\/posts\/1013127","targetHints":{"allow":["GET"]}}],"collection":[{"href":"https:\/\/www.europesays.com\/de\/wp-json\/wp\/v2\/posts"}],"about":[{"href":"https:\/\/www.europesays.com\/de\/wp-json\/wp\/v2\/types\/post"}],"author":[{"embeddable":true,"href":"https:\/\/www.europesays.com\/de\/wp-json\/wp\/v2\/users\/2"}],"replies":[{"embeddable":true,"href":"https:\/\/www.europesays.com\/de\/wp-json\/wp\/v2\/comments?post=1013127"}],"version-history":[{"count":0,"href":"https:\/\/www.europesays.com\/de\/wp-json\/wp\/v2\/posts\/1013127\/revisions"}],"wp:featuredmedia":[{"embeddable":true,"href":"https:\/\/www.europesays.com\/de\/wp-json\/wp\/v2\/media\/1013128"}],"wp:attachment":[{"href":"https:\/\/www.europesays.com\/de\/wp-json\/wp\/v2\/media?parent=1013127"}],"wp:term":[{"taxonomy":"category","embeddable":true,"href":"https:\/\/www.europesays.com\/de\/wp-json\/wp\/v2\/categories?post=1013127"},{"taxonomy":"post_tag","embeddable":true,"href":"https:\/\/www.europesays.com\/de\/wp-json\/wp\/v2\/tags?post=1013127"}],"curies":[{"name":"wp","href":"https:\/\/api.w.org\/{rel}","templated":true}]}}