{"id":1013396,"date":"2026-05-12T12:30:15","date_gmt":"2026-05-12T12:30:15","guid":{"rendered":"https:\/\/www.europesays.com\/de\/1013396\/"},"modified":"2026-05-12T12:30:15","modified_gmt":"2026-05-12T12:30:15","slug":"dresden-himmelfahrt-mit-jazz-wein-und-kultur","status":"publish","type":"post","link":"https:\/\/www.europesays.com\/de\/1013396\/","title":{"rendered":"Dresden: Himmelfahrt mit Jazz, Wein und Kultur"},"content":{"rendered":"<p>\ud83c\udf77 Kulinarik &amp; Biergarten<\/p>\n<p><b>Weinsommer \u2013 Himmelfahrtswochenende auf Schloss Wackerbarth | 12:00\u201318:00 Uhr | Schloss Wackerbarth, Radebeul<\/b><br \/>S\u00e4chsischer Wein, Maienluft und ein weiter Blick \u00fcber das Elbtal \u2013 das Barockschloss Wackerbarth in Radebeul ist an Himmelfahrt eine der sch\u00f6nsten Adressen in der gesamten Region. Zum Start des Weinsommers \u00f6ffnet das Gut seine Weinberge und bietet F\u00fchrungen sowie Weinbergswanderungen an. Wer es beschaulicher mag, l\u00e4sst sich das Gel\u00e4nde bei Live-Musik und einem erlesenen Glas Wei\u00dfburgunder auf der Terrasse gem\u00fctlich eingehen. Ein Sekt- oder Weinfr\u00fchst\u00fcck zum Feiertag ist nat\u00fcrlich auch buchbar!\u00a0 Eintritt frei, Verkostungen &amp; F\u00fchrungen kostenpflichtig. Infos: <a href=\"https:\/\/www.schloss-wackerbarth.de\/hoehepunkte\/himmelfahrt\" target=\"_blank\" rel=\"nofollow noopener\">schloss-wackerbarth.de<\/a><\/p>\n<p><b>Livemusik von Boomer\u00e2ng am Konzertplatz Wei\u00dfer Hirsch | Biergarten ab 10:00 Uhr, Livemusik ab 15:00 Uhr | Konzertplatz Wei\u00dfer Hirsch<br \/><\/b>Oben auf dem Wei\u00dfen Hirsch, dem Dresdner Villen- und Ausflugsviertel mit grandiosem Blick \u00fcber die Stadt, wartet ein klassisch-geselliger M\u00e4nnertag: Biergarten auf, Bier rein, Sonne genie\u00dfen. Ab 15 Uhr legt das Duo Boomer\u00e2ng (Gitarre, Violoncello, Mandoline) los \u2013 mit vergessenen Perlen der Rock- und Pop-Musik, One Hit Wondern und Songs von Beatles \u00fcber Bruce Springsteen bis Mumford &amp; Sons. Entspannter geht Himmelfahrt kaum. Eintritt frei. Infos: <a href=\"https:\/\/www.konzertplatz-weisser-hirsch.de\/termine\/himmelfahrt-mit-livemusik\" target=\"_blank\" rel=\"nofollow noopener\">konzertplatz-weisser-hirsch.de<\/a><\/p>\n<p><b>M\u00e4nnertag auf der Hofewiese | ganztags | Landgut Hofewiese, Dresden&#8216;<br \/><\/b>Die Hofewiese ist in den letzten Jahren zu einem der beliebtesten Ausflugsziele zum M\u00e4nnertag in unserer Landeshauptstadt geworden &#8211; und das zu Recht. Der idyllische Biergarten inmitten der Dresdner Heide bietet gesellige Atmosph\u00e4re, regionale K\u00fcche und in diesem Jahr erweiterte Ausschankkapazit\u00e4ten. Wer mit dem Bollerwagen oder dem Fahrrad aus der Stadt hinauszieht, findet hier einen perfekten Zwischenstopp (und vielleicht auch Endstation).<b> <\/b>Eintritt frei. Infos: <a href=\"https:\/\/landgut-hofewiese.de\/himmelfahrt-auf-der-hofewiese-mit-live-musik-14-05-2026\/\" target=\"_blank\" rel=\"nofollow noopener\">landgut-hofewiese.de<\/a><\/p>\n","protected":false},"excerpt":{"rendered":"\ud83c\udf77 Kulinarik &amp; Biergarten Weinsommer \u2013 Himmelfahrtswochenende auf Schloss Wackerbarth | 12:00\u201318:00 Uhr | Schloss Wackerbarth, RadebeulS\u00e4chsischer Wein,&hellip;\n","protected":false},"author":2,"featured_media":1013397,"comment_status":"","ping_status":"","sticky":false,"template":"","format":"standard","meta":{"footnotes":"","_share_on_mastodon":"0"},"categories":[1835],"tags":[3364,29,211491,2386,141343,30,43810,218138,218141,859,28332,218139,218140],"class_list":["post-1013396","post","type-post","status-publish","format-standard","has-post-thumbnail","category-dresden","tag-de","tag-deutschland","tag-dixieland-festival-dresden","tag-dresden","tag-dresden-news","tag-germany","tag-himmelfahrt","tag-himmelfahrt-2026","tag-himmelfahrt-dresden","tag-sachsen","tag-vatertag","tag-vatertag-2026","tag-vatertag-dresden"],"share_on_mastodon":{"url":"https:\/\/pubeurope.com\/@de\/116561617141091451","error":""},"_links":{"self":[{"href":"https:\/\/www.europesays.com\/de\/wp-json\/wp\/v2\/posts\/1013396","targetHints":{"allow":["GET"]}}],"collection":[{"href":"https:\/\/www.europesays.com\/de\/wp-json\/wp\/v2\/posts"}],"about":[{"href":"https:\/\/www.europesays.com\/de\/wp-json\/wp\/v2\/types\/post"}],"author":[{"embeddable":true,"href":"https:\/\/www.europesays.com\/de\/wp-json\/wp\/v2\/users\/2"}],"replies":[{"embeddable":true,"href":"https:\/\/www.europesays.com\/de\/wp-json\/wp\/v2\/comments?post=1013396"}],"version-history":[{"count":0,"href":"https:\/\/www.europesays.com\/de\/wp-json\/wp\/v2\/posts\/1013396\/revisions"}],"wp:featuredmedia":[{"embeddable":true,"href":"https:\/\/www.europesays.com\/de\/wp-json\/wp\/v2\/media\/1013397"}],"wp:attachment":[{"href":"https:\/\/www.europesays.com\/de\/wp-json\/wp\/v2\/media?parent=1013396"}],"wp:term":[{"taxonomy":"category","embeddable":true,"href":"https:\/\/www.europesays.com\/de\/wp-json\/wp\/v2\/categories?post=1013396"},{"taxonomy":"post_tag","embeddable":true,"href":"https:\/\/www.europesays.com\/de\/wp-json\/wp\/v2\/tags?post=1013396"}],"curies":[{"name":"wp","href":"https:\/\/api.w.org\/{rel}","templated":true}]}}