{"id":1013413,"date":"2026-05-12T12:40:15","date_gmt":"2026-05-12T12:40:15","guid":{"rendered":"https:\/\/www.europesays.com\/de\/1013413\/"},"modified":"2026-05-12T12:40:15","modified_gmt":"2026-05-12T12:40:15","slug":"haus-buergel-wo-einst-150-roemische-soldaten-die-grenze-bewachten","status":"publish","type":"post","link":"https:\/\/www.europesays.com\/de\/1013413\/","title":{"rendered":"Haus B\u00fcrgel &#8211; wo einst 150 r\u00f6mische Soldaten die Grenze bewachten"},"content":{"rendered":"<p class=\"text_ohne_einzug richtext text-em-55 !leading-serif mx-6 desktop:mx-0\"> Der niedergermanische Limes ist ein bedeutendes arch\u00e4ologisches Zeugnis einer r\u00f6mischen Grenze. Auf einer L\u00e4nge von rund 400 Kilometern entlang des Rheins gibt es eine Auswahl von 44 Fundpl\u00e4tzen in den Niederlanden und Deutschland. Sie bilden seit dem 27. Juli 2021 die Welterbest\u00e4tte \u201eGrenzen des R\u00f6mischen Reiches \u2013 Niedergermanischer Limes\u201c. Auf dieser Linie befindet sich auch das ehemalige r\u00f6mische Kastell Haus B\u00fcrgel \u2013 malerisch gelegen in der Urdenbacher K\u00e4mpe, an der Stadtgrenze von <a href=\"https:\/\/rp-online.de\/thema\/monheim\/\" rel=\"nofollow noopener\" target=\"_blank\">Monheim<\/a> und <a href=\"https:\/\/rp-online.de\/thema\/duesseldorf\/\" rel=\"nofollow noopener\" target=\"_blank\">D\u00fcsseldorf<\/a>.<\/p>\n<p class=\"richtext text-em-55 !leading-serif mx-6 desktop:mx-0\">Dort sitzen unter anderem die Biologische Station, die Kaltblutzucht Reuter und das R\u00f6mische Museum. Betreiberin des Museums ist die Haus B\u00fcrgel Betriebs gGmbH, die 2019 von der Stadt Monheim und der NRW-Stiftung gegr\u00fcndet wurde und von beiden seitdem finanziert wird.<\/p>\n<p class=\"richtext text-em-55 !leading-serif mx-6 desktop:mx-0\">Haus B\u00fcrgel ist f\u00fcr Anna-Lena Weber, Gesch\u00e4ftsf\u00fchrerin der Betriebsgesellschaft, ein Ort, der sie immer wieder fasziniert, wenn sie sich aus dem Monheimer Rathaus auf den Weg in die Urdenbacher K\u00e4mpe macht: \u201eDieses Kastell ist auch deswegen so gut erhalten, weil es fast durchg\u00e4ngig eine Nutzung hatte.\u201c<\/p>\n<p class=\"richtext text-em-55 !leading-serif mx-6 desktop:mx-0\">Deutlich wird der r\u00f6mische Ursprung, wenn man vor der Mauer steht. Dort findet sich ein verbautes Fundament aus dem vierten Jahrhundert. Da zu jener Zeit die Franken aus dem rechtsrheinischen Raum immer h\u00e4ufiger r\u00f6mische Siedlungen \u00fcberfielen, bauten die R\u00f6mer eine Kette von Milit\u00e4rkastellen am linken Rheinufer. Das Kastell, auf dessen heute noch sichtbaren Fundamenten Haus B\u00fcrgel ruht, besa\u00df dicke Mauern und zw\u00f6lf T\u00fcrme. Die Anlage war 64 mal 64 Meter gro\u00df und bot Platz f\u00fcr 150 Soldaten. Im fr\u00fchen Mittelalter wurde auf der Ruine des Kastells eine fr\u00e4nkische Burganlage errichtet.<\/p>\n<p class=\"richtext text-em-55 !leading-serif mx-6 desktop:mx-0\">Das R\u00f6mische Museum wurde 2003 er\u00f6ffnet und zeigt in einer Dauerausstellung zahlreiche Ausgrabungsfunde. \u201eAlle Exponate wurden hier gefunden\u201c, erl\u00e4utert Museumsp\u00e4dagogin Franziska Weber. Sie geben nicht nur Aufschluss \u00fcber die Geschichte des Ortes, sondern lassen auch die Besatzungspolitik, den Alltag und das Milit\u00e4rwesen in der r\u00f6mischen Provinz f\u00fcr die Besucher wieder lebendig werden.<\/p>\n<p class=\"richtext text-em-55 !leading-serif mx-6 desktop:mx-0\">Viel \u00fcber diese Zeit kann auch Sascha R\u00f6hrig berichten, er hat sich im vergangenen Jahr mit 27 anderen Interessierten zum Limes-Cicerone f\u00fcr den niedergermanischen Teil zwischen Remagen und <a href=\"https:\/\/rp-online.de\/thema\/kleve\/\" rel=\"nofollow noopener\" target=\"_blank\">Kleve<\/a> ausbilden lassen. Ausgebildet und gepr\u00fcft durch die <a href=\"https:\/\/www.deutsche-limeskommission.de\/index.php?id=9\" target=\"_blank\" rel=\"nofollow noopener\">Deutsche Limeskommission<\/a> sind die ehrenamtlich t\u00e4tigen M\u00e4nner und Frauen die Spezialisten f\u00fcr F\u00fchrungen entlang des Limes. Bislang gab es diese vor allem in S\u00fcddeutschland; mit einer L\u00e4nge von 550 Kilometern ist der Obergermanisch-Raetische Limes das gr\u00f6\u00dfte arch\u00e4ologische Denkmal in Europa und seit 2005 auf der Welterbeliste.<\/p>\n<p class=\"richtext text-em-55 !leading-serif mx-6 desktop:mx-0\">Das Wort Cicerone bezieht sich auf Marcus Tullius Cicero, den ber\u00fchmtesten Redner des alten Rom. Mit dem will sich Sascha R\u00f6hrig, der hauptberuflich Grabungsmitarbeiter beim Landschaftsverband Rheinland ist, nicht vergleichen, doch hat R\u00f6hrig in den vergangenen Jahren viel Wissen angesammelt. F\u00fcr die Ausbildung hat er ein eigenes F\u00fchrungskonzept geschrieben, das er nun nach Teilnehmern und Interesse variieren kann.<\/p>\n<p class=\"richtext text-em-55 !leading-serif mx-6 desktop:mx-0\">Die erste F\u00fchrung, die er als frisch gebackener Limes-Cicerone Ende M\u00e4rz auf Haus B\u00fcrgel angeboten hatte, war bereits sehr gut nachgefragt. Nun findet am 31. Mai, 13 bis 15 Uhr, die n\u00e4chste F\u00fchrung unter dem Titel \u201eDer nasse Limes als Grenze des R\u00f6mischen Reiches\u201c statt. (Anmeldung unter hausbuergel@monheim.de oder 02173 \/ 951 89 30). F\u00fcnf F\u00fchrungen des Limes-Cicerone soll es k\u00fcnftig pro Jahr geben.<\/p>\n<p class=\"richtext text-em-55 !leading-serif mx-6 desktop:mx-0\">Im Juli kann gefeiert werden, dass der Eintrag des niedergermanischen Limes ins Welterbeverzeichnis genau f\u00fcnf Jahre her ist. Doch auch Anna-Lena Weber sieht noch Potenzial: \u201eDas Welterbe darf gern noch weiter wachsen.\u201c Eine Stele vor Haus B\u00fcrgel weist auf die Geschichte hin. In der Winterpause wurde die Ausstellung neu gestaltet und es wurden neue p\u00e4dagogische Angebote entwickelt, berichtet Franziska Weber. Vor allem Schulen will man nun verst\u00e4rkt ansprechen \u2013 von der Grundschule bis zur Oberstufe. Aus dem D\u00fcsseldorfer S\u00fcden k\u00e4men schon viele, f\u00fcr den Rest der Landeshauptstadt gibt es noch Potenzial, sagt Weber. Und auch am Sonntag, 17. Mai, lohnt sich ein Besuch. Da findet dort von 11 bis 17 Uhr der B\u00fcrgeler Hofmarkt statt. Erwachsene zahlen f\u00fcnf Euro Eintritt.<\/p>\n","protected":false},"excerpt":{"rendered":"Der niedergermanische Limes ist ein bedeutendes arch\u00e4ologisches Zeugnis einer r\u00f6mischen Grenze. Auf einer L\u00e4nge von rund 400 Kilometern&hellip;\n","protected":false},"author":2,"featured_media":1013414,"comment_status":"","ping_status":"","sticky":false,"template":"","format":"standard","meta":{"footnotes":"","_share_on_mastodon":"0"},"categories":[1831],"tags":[12181,3364,29,3405,30,9915,1209,12179,13180],"class_list":["post-1013413","post","type-post","status-publish","format-standard","has-post-thumbnail","category-duesseldorf","tag-andrea","tag-de","tag-deutschland","tag-duesseldorf","tag-germany","tag-monheim","tag-nordrhein-westfalen","tag-roehrig","tag-urdenbach"],"share_on_mastodon":{"url":"https:\/\/pubeurope.com\/@de\/116561656647249558","error":""},"_links":{"self":[{"href":"https:\/\/www.europesays.com\/de\/wp-json\/wp\/v2\/posts\/1013413","targetHints":{"allow":["GET"]}}],"collection":[{"href":"https:\/\/www.europesays.com\/de\/wp-json\/wp\/v2\/posts"}],"about":[{"href":"https:\/\/www.europesays.com\/de\/wp-json\/wp\/v2\/types\/post"}],"author":[{"embeddable":true,"href":"https:\/\/www.europesays.com\/de\/wp-json\/wp\/v2\/users\/2"}],"replies":[{"embeddable":true,"href":"https:\/\/www.europesays.com\/de\/wp-json\/wp\/v2\/comments?post=1013413"}],"version-history":[{"count":0,"href":"https:\/\/www.europesays.com\/de\/wp-json\/wp\/v2\/posts\/1013413\/revisions"}],"wp:featuredmedia":[{"embeddable":true,"href":"https:\/\/www.europesays.com\/de\/wp-json\/wp\/v2\/media\/1013414"}],"wp:attachment":[{"href":"https:\/\/www.europesays.com\/de\/wp-json\/wp\/v2\/media?parent=1013413"}],"wp:term":[{"taxonomy":"category","embeddable":true,"href":"https:\/\/www.europesays.com\/de\/wp-json\/wp\/v2\/categories?post=1013413"},{"taxonomy":"post_tag","embeddable":true,"href":"https:\/\/www.europesays.com\/de\/wp-json\/wp\/v2\/tags?post=1013413"}],"curies":[{"name":"wp","href":"https:\/\/api.w.org\/{rel}","templated":true}]}}