{"id":1014027,"date":"2026-05-12T18:26:22","date_gmt":"2026-05-12T18:26:22","guid":{"rendered":"https:\/\/www.europesays.com\/de\/1014027\/"},"modified":"2026-05-12T18:26:22","modified_gmt":"2026-05-12T18:26:22","slug":"tesla-investiert-weitere-250-millionen-us-dollar-in-brandenburg","status":"publish","type":"post","link":"https:\/\/www.europesays.com\/de\/1014027\/","title":{"rendered":"Tesla investiert weitere 250 Millionen US-Dollar in Brandenburg"},"content":{"rendered":"<p>Laut des Werksleiters in Gr\u00fcnheide, Andr\u00e9 Thierig, wurde die Entscheidung unter anderem im Zusammenhang mit resilienteren Lieferketten getroffen. Zudem passe das Vorhaben zu den aktuellen Wachstumspl\u00e4nen, &#8222;wo wir sicherstellen wollen, dass wir gen\u00fcgend Zellen, gen\u00fcgend Batterien in Zukunft haben werden f\u00fcr die Vergr\u00f6\u00dferung unserer Produktion auf der Fahrzeugseite&#8220;, sagte Thierig in rbb24 Brandenburg aktuell.<\/p>\n<p>Erst vor zwei Wochen hatte die Tesla-Gesch\u00e4ftsf\u00fchrung bekannt gegeben, die Fahrzeugproduktion ab dem Sommer wieder um 20 Prozent auf 6.000 Fahrzeuge pro Woche zu steigern. Daf\u00fcr sollen <a data-doctype=\"beitrag\" href=\"https:\/\/www.rbb24.de\/wirtschaft\/beitrag\/2026\/04\/tesla-gruenheide-ausbau-produktion-1000-arbeitsplaetze.html\" rel=\"nofollow noopener\" target=\"_blank\">1.000 weitere Mitarbeitende f\u00fcr die Autofertigung in Gr\u00fcnheide<\/a> eingestellt werden. Die Produktions- und Zulassungszahlen waren zwischenzeitlich gesunken, nun sieht Tesla eine Trendwende. Zusammen mit dem nun angek\u00fcndigten Personalbedarf f\u00fcr die Batteriezellenfertigung k\u00f6nnten in Gr\u00fcnheide insgesamt rund 2.500 neue Stellen entstehen.<\/p>\n<p>Brandenburgs Wirtschaftsministerin Martina Klement (CSU) sieht in der Ank\u00fcndigung einen wichtigen Kontrapunkt zur Debatte \u00fcber Unsicherheiten, wirtschaftliche Risiken und sinkende Industrieproduktion. &#8222;Deutschland ist weiterhin in der Lage, gro\u00dfe industrielle Investitionen anzuziehen&#8220;, sagte Klement.<\/p>\n","protected":false},"excerpt":{"rendered":"Laut des Werksleiters in Gr\u00fcnheide, Andr\u00e9 Thierig, wurde die Entscheidung unter anderem im Zusammenhang mit resilienteren Lieferketten getroffen.&hellip;\n","protected":false},"author":2,"featured_media":1014028,"comment_status":"","ping_status":"","sticky":false,"template":"","format":"standard","meta":{"footnotes":"","_share_on_mastodon":"0"},"categories":[1816],"tags":[1960,1958,1959,1957,1956,1890,29,30,122047,134296,143522],"class_list":["post-1014027","post","type-post","status-publish","format-standard","has-post-thumbnail","category-brandenburg","tag-aktuelle-nachrichten-aus-berlin-und-brandenburg","tag-aktuelle-nachrichten-aus-brandenburg","tag-aktuelle-news-aus-berlin-und-brandenburg","tag-aktuelle-news-aus-brandenburg","tag-berlin-und-brandenburg","tag-brandenburg","tag-deutschland","tag-germany","tag-oder-spree","tag-rbb24tagesschau","tag-rbb24tesla"],"share_on_mastodon":{"url":"https:\/\/pubeurope.com\/@de\/116563016962265026","error":""},"_links":{"self":[{"href":"https:\/\/www.europesays.com\/de\/wp-json\/wp\/v2\/posts\/1014027","targetHints":{"allow":["GET"]}}],"collection":[{"href":"https:\/\/www.europesays.com\/de\/wp-json\/wp\/v2\/posts"}],"about":[{"href":"https:\/\/www.europesays.com\/de\/wp-json\/wp\/v2\/types\/post"}],"author":[{"embeddable":true,"href":"https:\/\/www.europesays.com\/de\/wp-json\/wp\/v2\/users\/2"}],"replies":[{"embeddable":true,"href":"https:\/\/www.europesays.com\/de\/wp-json\/wp\/v2\/comments?post=1014027"}],"version-history":[{"count":0,"href":"https:\/\/www.europesays.com\/de\/wp-json\/wp\/v2\/posts\/1014027\/revisions"}],"wp:featuredmedia":[{"embeddable":true,"href":"https:\/\/www.europesays.com\/de\/wp-json\/wp\/v2\/media\/1014028"}],"wp:attachment":[{"href":"https:\/\/www.europesays.com\/de\/wp-json\/wp\/v2\/media?parent=1014027"}],"wp:term":[{"taxonomy":"category","embeddable":true,"href":"https:\/\/www.europesays.com\/de\/wp-json\/wp\/v2\/categories?post=1014027"},{"taxonomy":"post_tag","embeddable":true,"href":"https:\/\/www.europesays.com\/de\/wp-json\/wp\/v2\/tags?post=1014027"}],"curies":[{"name":"wp","href":"https:\/\/api.w.org\/{rel}","templated":true}]}}