{"id":1014355,"date":"2026-05-12T21:30:30","date_gmt":"2026-05-12T21:30:30","guid":{"rendered":"https:\/\/www.europesays.com\/de\/1014355\/"},"modified":"2026-05-12T21:30:30","modified_gmt":"2026-05-12T21:30:30","slug":"kiel-widerspruch-gegen-buergerentscheid-zur-olympiabewerbung","status":"publish","type":"post","link":"https:\/\/www.europesays.com\/de\/1014355\/","title":{"rendered":"Kiel: Widerspruch gegen B\u00fcrgerentscheid zur Olympiabewerbung"},"content":{"rendered":"<p>\n                Stand: 12.05.2026 17:49 Uhr<\/p>\n<p>                    <a href=\"https:\/\/www.europesays.com\/de\/wp-content\/uploads\/2026\/05\/hintergrundbilder-324.webp\" class=\"zoomimage\" title=\"Bild vergr\u00f6\u00dfern\"><\/p>\n<p>        <img decoding=\"async\" src=\"https:\/\/www.europesays.com\/de\/wp-content\/uploads\/2026\/05\/hintergrundbilder-324.webp\" alt=\"Am gr\u00fcn-wei\u00dfen Friedrichsorter Leuchtturm segelt ein Boot vorbei.\" title=\"Bei der Stadt Kiel sei der Widerspruch noch nicht eingegangen, hei\u00dft es. | Christiane Rehder\" class=\"responsive\" loading=\"lazy\"\/><\/p>\n<p>                    <\/a><\/p>\n<p>                    Bei der Stadt Kiel sei der Widerspruch noch nicht eingegangen, hei\u00dft es.<\/p>\n<p class=\"\">Die Initiative NOlympia <a href=\"https:\/\/www.ndr.de\/nachrichten\/schleswig-holstein\/Kiel-Aktuelle-Nachrichten-News-und-Videos,kiel7262.html\" title=\"Kiel - Aktuelle Nachrichten und Videos\" rel=\"nofollow noopener\" target=\"_blank\">Kiel<\/a> hat nach eigenen Angaben Widerspruch gegen den B\u00fcrgerentscheid zur Olympiabewerbung der Landeshauptstadt eingelegt. Der B\u00fcrgerentscheid war am 19. April mit Mehrheit angenommen worden. NOlympia Kiel kritisiert unter anderem das Informationsmaterial der Stadt. So sei die Kostensch\u00e4tzung zur Bewerbung nicht entsprechend hervorgehoben worden. Au\u00dferdem wirft die Initiative der Stadt fehlende Neutralit\u00e4t vor.<\/p>\n<p>    Stadt will Schreiben nach Erhalt pr\u00fcfen<\/p>\n<p class=\"\">Die Stadt teilte auf NDR-Anfrage mit, dass ein Widerspruch noch nicht eingegangen sei. Sobald ein fristgerecht eingereichter Widerspruch offiziell eingehe, werde dieser entsprechend der geltenden rechtlichen Vorgaben gepr\u00fcft.<\/p>\n<p>        <img decoding=\"async\" src=\"https:\/\/www.europesays.com\/de\/wp-content\/uploads\/2026\/04\/olympia-608.webp\" alt=\"Die Olympischen Ringe auf einem Geb\u00e4ude an der Kiellinie in Kiel\" title=\"Die Olympischen Ringe auf einem Geb\u00e4ude an der Kiellinie in Kiel | NDR, Moritz Mayer\" class=\"responsive\" loading=\"lazy\"\/><\/p>\n<p>Mehr als 60 Prozent haben daf\u00fcr gestimmt, dass sich die Stadt mit einem Hauptaustragungsort f\u00fcr die Spiele 2036, 2040 oder 2044 bewerben soll.<\/p>\n<p>        Schlagw\u00f6rter zu diesem Artikel<\/p>\n<p>            <a href=\"https:\/\/www.ndr.de\/nachrichten\/schleswig-holstein\/Kiel-Aktuelle-Nachrichten-News-und-Videos,kiel7262.html\" rel=\"nofollow noopener\" target=\"_blank\">Kiel<\/a><\/p>\n","protected":false},"excerpt":{"rendered":"Stand: 12.05.2026 17:49 Uhr Bei der Stadt Kiel sei der Widerspruch noch nicht eingegangen, hei\u00dft es. Die Initiative&hellip;\n","protected":false},"author":2,"featured_media":1014356,"comment_status":"","ping_status":"","sticky":false,"template":"","format":"standard","meta":{"footnotes":"","_share_on_mastodon":"0"},"categories":[1852],"tags":[1706,3364,29,548,663,3934,30,13,4949,14,15,95532,656,12,1971,60306],"class_list":["post-1014355","post","type-post","status-publish","format-standard","has-post-thumbnail","category-kiel","tag-bewerbung","tag-de","tag-deutschland","tag-eu","tag-europa","tag-europe","tag-germany","tag-headlines","tag-kiel","tag-nachrichten","tag-news","tag-nolympia","tag-olympia","tag-schlagzeilen","tag-schleswig-holstein","tag-widerspruch"],"share_on_mastodon":{"url":"https:\/\/pubeurope.com\/@de\/116563740895663198","error":""},"_links":{"self":[{"href":"https:\/\/www.europesays.com\/de\/wp-json\/wp\/v2\/posts\/1014355","targetHints":{"allow":["GET"]}}],"collection":[{"href":"https:\/\/www.europesays.com\/de\/wp-json\/wp\/v2\/posts"}],"about":[{"href":"https:\/\/www.europesays.com\/de\/wp-json\/wp\/v2\/types\/post"}],"author":[{"embeddable":true,"href":"https:\/\/www.europesays.com\/de\/wp-json\/wp\/v2\/users\/2"}],"replies":[{"embeddable":true,"href":"https:\/\/www.europesays.com\/de\/wp-json\/wp\/v2\/comments?post=1014355"}],"version-history":[{"count":0,"href":"https:\/\/www.europesays.com\/de\/wp-json\/wp\/v2\/posts\/1014355\/revisions"}],"wp:featuredmedia":[{"embeddable":true,"href":"https:\/\/www.europesays.com\/de\/wp-json\/wp\/v2\/media\/1014356"}],"wp:attachment":[{"href":"https:\/\/www.europesays.com\/de\/wp-json\/wp\/v2\/media?parent=1014355"}],"wp:term":[{"taxonomy":"category","embeddable":true,"href":"https:\/\/www.europesays.com\/de\/wp-json\/wp\/v2\/categories?post=1014355"},{"taxonomy":"post_tag","embeddable":true,"href":"https:\/\/www.europesays.com\/de\/wp-json\/wp\/v2\/tags?post=1014355"}],"curies":[{"name":"wp","href":"https:\/\/api.w.org\/{rel}","templated":true}]}}