{"id":1014415,"date":"2026-05-12T22:03:32","date_gmt":"2026-05-12T22:03:32","guid":{"rendered":"https:\/\/www.europesays.com\/de\/1014415\/"},"modified":"2026-05-12T22:03:32","modified_gmt":"2026-05-12T22:03:32","slug":"fc-bayern-will-jensen-verkaufen-fernandez-soll-in-nuernberg-bleiben","status":"publish","type":"post","link":"https:\/\/www.europesays.com\/de\/1014415\/","title":{"rendered":"FC Bayern will Jensen verkaufen \u2013 Fern\u00e1ndez soll in N\u00fcrnberg bleiben"},"content":{"rendered":"<p>Erfolgreiche Leihen\u00a0<\/p>\n<p>                                    <img decoding=\"async\" src=\"https:\/\/www.europesays.com\/de\/wp-content\/uploads\/2026\/05\/jonathan-asp-jensen-grasshoppers-2025-26-1767378775-186378.jpg\" title=\"FC Bayern will Jensen verkaufen \u2013 Fern\u00e1ndez soll in N\u00fcrnberg bleiben\" alt=\"FC Bayern will Jensen verkaufen \u2013 Fern\u00e1ndez soll in N\u00fcrnberg bleiben\"\/><\/p>\n<p>\n                                       \u00a9IMAGO\n                                    <\/p>\n<p>Bei zwei Leihspielern des <a title=\"FC Bayern M\u00fcnchen\" href=\"https:\/\/www.transfermarkt.ch\/fc-bayern-m-nchen\/startseite\/verein\/27\" target=\"_blank\" rel=\"nofollow noopener\">FC Bayern<\/a> konkretisieren sich die Aussichten f\u00fcr die kommende Saison. So soll laut einem Bericht des \u201eKicker\u201c der d\u00e4nische Offensivspieler <a title=\"Jonathan Asp Jensen\" href=\"https:\/\/www.transfermarkt.ch\/jonathan-asp-jensen\/profil\/spieler\/856274\" target=\"_blank\" rel=\"nofollow noopener\">Jonathan Asp Jensen<\/a> (20), der derzeit leihweise beim <a title=\"Grasshopper Club Z\u00fcrich\" href=\"https:\/\/www.transfermarkt.ch\/grasshopper-club-z-rich\/startseite\/verein\/504\" target=\"_blank\" rel=\"nofollow noopener\">Grasshopper Club Z\u00fcrich<\/a> aktiv ist, dauerhaft abgegeben werden. F\u00fcr Mittelfeldtalent <a title=\"Javier Fern\u00e1ndez\" href=\"https:\/\/www.transfermarkt.ch\/javier-fern-ndez\/profil\/spieler\/937952\" target=\"_blank\" rel=\"nofollow noopener\">Javier Fern\u00e1ndez<\/a> (19) k\u00f6nnte es einer \u201eSky\u201c-Meldung zufolge auf ein weiteres Jahr beim <a title=\"1.FC N\u00fcrnberg\" href=\"https:\/\/www.transfermarkt.ch\/1fc-n-rnberg\/startseite\/verein\/4\" target=\"_blank\" rel=\"nofollow noopener\">1. FC N\u00fcrnberg<\/a> hinauslaufen.<\/p>\n<p><\/p>\n<p>Dass Jensen keine Zukunft beim Rekordmeister habe, erfuhr der \u201eKicker\u201c sowohl aus Bayern-Kreisen als auch aus dem Umfeld des Profis. Der offensive Mittelfeldspieler, der f\u00fcr eine Abl\u00f6se von 1,2 Millionen Euro 2022 aus der Jugend des FC Midtjylland in die U17 der M\u00fcnchner geholt wurde, sei f\u00fcr den Profikader nicht vorgesehen. Die Bayern streben demnach einen Verkauf an. Jensens Vertrag beim FCB ist noch bis 2028 g\u00fcltig.<\/p>\n<p><\/p>\n<p>F\u00fcr die Bayern-Profis kam Jensen nicht nennenswert zum Einsatz. Unter Ex-Trainer Thomas Tuchel wurde er einmal beim 2:0 gegen den VfL Wolfsburg im Mai 2024 f\u00fcr die Nachspielzeit aufs Feld geschickt. Im anschlie\u00dfenden Sommer erlitt Jensen eine Sprunggelenksverletzung und konnte sich in der Folge weiterhin nur in der zweiten Mannschaft zeigen. Dort allerdings machte der fr\u00fchere Junioren-Nationalspieler seine Sache ordentlich, lieferte in 36 Regionalliga-Partien sieben Tore und 13 Assists und legte so seine Bewerbung f\u00fcr Profifu\u00dfball andernorts vor. Es wurde Z\u00fcrich, wo Jensen in 37 Liga- und Cup-Spielen mit dem GCZ neun Tore und f\u00fcnf Assists beisteuerte. Seinen Marktwert verbesserte er in der Zeit in der Schweiz von zuvor 1,5 Millionen auf 4 Millionen Euro.<\/p>\n<p>\nBleibt Fern\u00e1ndez beim Club? Internationales Interesse<\/p>\n<p>Aussichtsreich verlief die Leihe von Fern\u00e1ndez, der 2023 ebenfalls in die U17 des FC Bayern kam. Beim 1. FC N\u00fcrnberg dauerte es nach dem Wechsel im Winter zun\u00e4chst einige Wochen, bis der Spanier seine ersten Eins\u00e4tze f\u00fcr den Club verzeichnete. Im Saisonfinale der 2. Bundesliga war der Teenager unter Trainer Miroslav Klose zuletzt aber sogar Stammkraft mit Startelfeins\u00e4tzen in den vergangenen vier Partien.<\/p>\n<p><\/p>\n<p>Seine Entwicklung beim FC Bayern war zun\u00e4chst durch eine langwierige Sprunggelenksverletzung, dann durch eine noch schwerwiegendere Meniskusverletzung unterbrochen worden. An den Profifu\u00dfball gew\u00f6hnen kann sich Fern\u00e1ndez nun aber wom\u00f6glich weiterhin in Mittelfranken. Es gebe dahingehend einen Austausch zwischen den Klubs, der laut \u201eSky\u201c nach Saisonende intensiviert werden soll. Fern\u00e1ndez f\u00fchle sich wohl beim Club und k\u00f6nne sich einen Verbleib gut vorstellen, hei\u00dft es. Anfragen anderer Vereine gebe es aber ebenso \u2013 aus dem In- und Ausland.<\/p>\n","protected":false},"excerpt":{"rendered":"Erfolgreiche Leihen\u00a0 \u00a9IMAGO Bei zwei Leihspielern des FC Bayern konkretisieren sich die Aussichten f\u00fcr die kommende Saison. So&hellip;\n","protected":false},"author":2,"featured_media":1014416,"comment_status":"","ping_status":"","sticky":false,"template":"","format":"standard","meta":{"footnotes":"","_share_on_mastodon":"0"},"categories":[1837],"tags":[783,621,772,3364,29,458,30,69005,173351,210834,3783],"class_list":["post-1014415","post","type-post","status-publish","format-standard","has-post-thumbnail","category-nuernberg","tag-1-fc-nuernberg","tag-2-bundesliga","tag-bayern","tag-de","tag-deutschland","tag-fc-bayern-muenchen","tag-germany","tag-grasshopper-club-zuerich","tag-javier-fernandez","tag-jonathan-asp-jensen","tag-nuernberg"],"share_on_mastodon":{"url":"https:\/\/pubeurope.com\/@de\/116563870527665699","error":""},"_links":{"self":[{"href":"https:\/\/www.europesays.com\/de\/wp-json\/wp\/v2\/posts\/1014415","targetHints":{"allow":["GET"]}}],"collection":[{"href":"https:\/\/www.europesays.com\/de\/wp-json\/wp\/v2\/posts"}],"about":[{"href":"https:\/\/www.europesays.com\/de\/wp-json\/wp\/v2\/types\/post"}],"author":[{"embeddable":true,"href":"https:\/\/www.europesays.com\/de\/wp-json\/wp\/v2\/users\/2"}],"replies":[{"embeddable":true,"href":"https:\/\/www.europesays.com\/de\/wp-json\/wp\/v2\/comments?post=1014415"}],"version-history":[{"count":0,"href":"https:\/\/www.europesays.com\/de\/wp-json\/wp\/v2\/posts\/1014415\/revisions"}],"wp:featuredmedia":[{"embeddable":true,"href":"https:\/\/www.europesays.com\/de\/wp-json\/wp\/v2\/media\/1014416"}],"wp:attachment":[{"href":"https:\/\/www.europesays.com\/de\/wp-json\/wp\/v2\/media?parent=1014415"}],"wp:term":[{"taxonomy":"category","embeddable":true,"href":"https:\/\/www.europesays.com\/de\/wp-json\/wp\/v2\/categories?post=1014415"},{"taxonomy":"post_tag","embeddable":true,"href":"https:\/\/www.europesays.com\/de\/wp-json\/wp\/v2\/tags?post=1014415"}],"curies":[{"name":"wp","href":"https:\/\/api.w.org\/{rel}","templated":true}]}}