{"id":1014462,"date":"2026-05-12T22:28:22","date_gmt":"2026-05-12T22:28:22","guid":{"rendered":"https:\/\/www.europesays.com\/de\/1014462\/"},"modified":"2026-05-12T22:28:22","modified_gmt":"2026-05-12T22:28:22","slug":"mercedes-benz-verkauft-autohaeuser-in-berlin-und-brandenburg","status":"publish","type":"post","link":"https:\/\/www.europesays.com\/de\/1014462\/","title":{"rendered":"Mercedes-Benz verkauft Autoh\u00e4user in Berlin und Brandenburg"},"content":{"rendered":"<p>1.100 Besch\u00e4ftigte betroffen <\/p>\n<p>Mercedes-Benz verkauft Autoh\u00e4user in Berlin und Brandenburg<\/p>\n<p>Aktualisiert am 12.05.2026 &#8211; 21:59 UhrLesedauer: 1 Min.<\/p>\n<p><a href=\"#focus-0\" class=\"transition-colors duration-200 block text-current relative\" data-sctrack=\"FocusGalleryImage.Reference\"><img fetchpriority=\"high\" data-testid=\"Opener.Image\"   loading=\"eager\" src=\"https:\/\/www.europesays.com\/de\/wp-content\/uploads\/2026\/05\/mercedes-autohaeuser-in-berlin-und-brandenburg-werden-verkauft-symbolbild.jpg\" alt=\"Mercedes-Benz Group AG\" title=\"Mercedes-Benz Group AG\" width=\"2048\" height=\"1152\" class=\"bg-[url:var(--lqipURL)] bg-cover bg-center flex h-full w-full max-w-full\" style=\"--lqipURL:url('https:\/\/images.t-online.de\/2026\/05\/CpmQdnlEspAB\/0x108:2048x1152\/fit-in\/150x0\/filters:blur(25)\/mercedes-autohaeuser-in-berlin-und-brandenburg-werden-verkauft-symbolbild.jpg')\" decoding=\"async\"\/><img loading=\"lazy\" src=\"https:\/\/www.t-online.de\/s\/paper\/_next\/static\/media\/zoom-in.f7dae02f.svg\" alt=\"Vergr\u00f6\u00dfern des Bildes\" title=\"Vergr\u00f6\u00dfern des Bildes\" class=\"block h-[calc(var(--height)_\/_16_*_1rem)] w-[calc(var(--width)_\/_16_*_1rem)] max-w-none absolute bottom-8 right-8 rounded-4 bg-snow p-8\" style=\"--width:32;--height:32\" decoding=\"async\"\/><\/a><\/p>\n<p>Mercedes-Autoh\u00e4user in Berlin und Brandenburg werden verkauft. (Symbolbild) (Quelle: Bernd Wei\u00dfbrod\/dpa\/dpa-bilder)<\/p>\n<p><img loading=\"lazy\" src=\"https:\/\/www.t-online.de\/s\/paper\/_next\/static\/media\/audio-volume.6689034c.svg\" alt=\"\" title=\"\" class=\"block h-[calc(var(--height)_\/_16_*_1rem)] w-[calc(var(--width)_\/_16_*_1rem)] max-w-none group-hover:brightness-0 group-hover:invert\" style=\"--width:16;--height:16\" decoding=\"async\"\/>Vorlesen<\/p>\n<p>Aktuelle Zeit:0:00Gesamtdauer:0:00<\/p>\n<p>1x<\/p>\n<p class=\"text-center\">Jetzt neu bei t-online:<\/p>\n<p class=\"text-center\">Schriftgr\u00f6\u00dfe anpassen!<\/p>\n<p><img loading=\"lazy\" src=\"https:\/\/www.t-online.de\/s\/paper\/_next\/static\/media\/font-sizes.32942e33.svg\" alt=\"\" title=\"\" class=\"block h-[calc(var(--height)_\/_16_*_1rem)] w-[calc(var(--width)_\/_16_*_1rem)] max-w-none group-hover:hidden group-aria-expanded:hidden\" style=\"--width:16;--height:16\" decoding=\"async\"\/><img loading=\"lazy\" src=\"https:\/\/www.t-online.de\/s\/paper\/_next\/static\/media\/font-sizes-dark-mode.e382645c.svg\" alt=\"\" title=\"\" class=\"block h-[calc(var(--height)_\/_16_*_1rem)] w-[calc(var(--width)_\/_16_*_1rem)] max-w-none hidden group-hover:block group-aria-expanded:block\" style=\"--width:16;--height:16\" decoding=\"async\"\/><img loading=\"lazy\" src=\"https:\/\/www.t-online.de\/s\/paper\/_next\/static\/media\/sharing-menu-icon.1eb71368.svg\" alt=\"\" title=\"\" class=\"block h-[calc(var(--height)_\/_16_*_1rem)] w-[calc(var(--width)_\/_16_*_1rem)] max-w-none group-hover:brightness-0 group-hover:invert\" style=\"--width:16;--height:16\" decoding=\"async\"\/>Artikel teilen<\/p>\n<p class=\"font-bold text-18 leading-17 user-text-lg:text-22 user-text-xl:text-24\">Der Verkauf der Mercedes-Autoh\u00e4user geht weiter. Nun sind die Betriebe in Berlin und Brandenburg an der Reihe. Wer \u00fcbernimmt sie?<\/p>\n<p class=\"text-18 leading-17 user-text-lg:text-22 user-text-xl:text-24\">Der Autobauer <a class=\"transition-colors duration-200 cursor-pointer text-inherit no-underline text-salemsfur md:hover:text-magenta md:hover:border-magenta md:focus:text-magenta border-current border-b border-solid break-words\" data-tracking=\"{&quot;action&quot;:&quot;click&quot;,&quot;category&quot;:&quot;intextLink&quot;,&quot;label&quot;:&quot;\/themen\/mercedes-benz\/&quot;}\" href=\"https:\/\/www.t-online.de\/themen\/mercedes-benz\/\" data-sctrack=\"BodyAnchor\" rel=\"nofollow noopener\" target=\"_blank\">Mercedes-Benz<\/a> verkauft seine Autoh\u00e4user in <a class=\"transition-colors duration-200 cursor-pointer text-inherit no-underline text-salemsfur md:hover:text-magenta md:hover:border-magenta md:focus:text-magenta border-current border-b border-solid break-words\" data-tracking=\"{&quot;action&quot;:&quot;click&quot;,&quot;category&quot;:&quot;intextLink&quot;,&quot;label&quot;:&quot;https:\/\/berlin.t-online.de\/region\/berlin\/&quot;}\" href=\"https:\/\/berlin.t-online.de\/region\/berlin\/\" data-sctrack=\"BodyAnchor\" rel=\"nofollow noopener\" target=\"_blank\">Berlin<\/a> und Brandenburg. Die konzerneigene Niederlassung Berlin-Brandenburg werde von der im Vereinigten K\u00f6nigreich sitzenden Global Auto Holdings (GAHL) \u00fcbernommen, teilte der Stuttgarter Dax-Konzern am Dienstagabend auf Anfrage mit. Betroffen seien f\u00fcnf Autoh\u00e4user in Berlin und zwei in Brandenburg, sagte ein Sprecher. Zuerst hatte die &#8222;Bild&#8220;-Zeitung berichtet.<\/p>\n<p class=\"text-18 leading-17 user-text-lg:text-22 user-text-xl:text-24\">In der Niederlassung arbeiten den Angaben zufolge mehr als 1.100 Menschen. Die Transaktion stehe unter dem Vorbehalt der kartellrechtlichen Freigabe und soll Ende dieses Jahres vollzogen werden. GAHL f\u00fchre bereits seit Jahren Betriebe von Mercedes-Benz in <a class=\"transition-colors duration-200 cursor-pointer text-inherit no-underline text-salemsfur md:hover:text-magenta md:hover:border-magenta md:focus:text-magenta border-current border-b border-solid break-words\" data-tracking=\"{&quot;action&quot;:&quot;click&quot;,&quot;category&quot;:&quot;intextLink&quot;,&quot;label&quot;:&quot;\/themen\/grossbritannien\/&quot;}\" href=\"https:\/\/www.t-online.de\/themen\/grossbritannien\/\" data-sctrack=\"BodyAnchor\" rel=\"nofollow noopener\" target=\"_blank\">Gro\u00dfbritannien<\/a> und in den <a class=\"transition-colors duration-200 cursor-pointer text-inherit no-underline text-salemsfur md:hover:text-magenta md:hover:border-magenta md:focus:text-magenta border-current border-b border-solid break-words\" data-tracking=\"{&quot;action&quot;:&quot;click&quot;,&quot;category&quot;:&quot;intextLink&quot;,&quot;label&quot;:&quot;\/themen\/usa\/&quot;}\" href=\"https:\/\/www.t-online.de\/themen\/usa\/\" data-sctrack=\"BodyAnchor\" rel=\"nofollow noopener\" target=\"_blank\">USA<\/a>, teilte <a class=\"transition-colors duration-200 cursor-pointer text-inherit no-underline text-salemsfur md:hover:text-magenta md:hover:border-magenta md:focus:text-magenta border-current border-b border-solid break-words\" data-tracking=\"{&quot;action&quot;:&quot;click&quot;,&quot;category&quot;:&quot;intextLink&quot;,&quot;label&quot;:&quot;\/finanzen\/boerse\/aktien\/mercedes-benz-ex-daimler--aktie\/de0007100000\/&quot;}\" href=\"https:\/\/www.t-online.de\/finanzen\/boerse\/aktien\/mercedes-benz-ex-daimler--aktie\/de0007100000\/\" data-sctrack=\"BodyAnchor\" rel=\"nofollow noopener\" target=\"_blank\">Mercedes<\/a> mit.<\/p>\n<p>Verkaufspl\u00e4ne schon l\u00e4nger bekannt<\/p>\n<p class=\"text-18 leading-17 user-text-lg:text-22 user-text-xl:text-24\">Dass Mercedes seine Autoh\u00e4user verkaufen will, ist schon seit 2024 bekannt. Betroffen waren nach damaligen Angaben von Mercedes-Benz etwa 8.000 Menschen in Deutschland, die in rund 80 Betrieben besch\u00e4ftigt waren. Nach Protesten der Besch\u00e4ftigten verk\u00fcndete Mercedes im Sommer 2024 eine Einigung mit dem Gesamtbetriebsrat auf wesentliche Eckpunkte f\u00fcr m\u00f6gliche Betriebs\u00fcberg\u00e4nge zu potenziellen Erwerbern.<\/p>\n<p class=\"text-18 leading-17 user-text-lg:text-22 user-text-xl:text-24\">Mitte des vergangenen Jahres hatte Mercedes mit Neu-Ulm seine erste Niederlassung verkauft. Dar\u00fcber hinaus habe Mercedes im vergangenen Jahr bereits Niederlassungen in <a class=\"transition-colors duration-200 cursor-pointer text-inherit no-underline text-salemsfur md:hover:text-magenta md:hover:border-magenta md:focus:text-magenta border-current border-b border-solid break-words\" data-tracking=\"{&quot;action&quot;:&quot;click&quot;,&quot;category&quot;:&quot;intextLink&quot;,&quot;label&quot;:&quot;\/themen\/koblenz\/&quot;}\" href=\"https:\/\/www.t-online.de\/themen\/koblenz\/\" data-sctrack=\"BodyAnchor\" rel=\"nofollow noopener\" target=\"_blank\">Koblenz<\/a>, Mainz, <a class=\"transition-colors duration-200 cursor-pointer text-inherit no-underline text-salemsfur md:hover:text-magenta md:hover:border-magenta md:focus:text-magenta border-current border-b border-solid break-words\" data-tracking=\"{&quot;action&quot;:&quot;click&quot;,&quot;category&quot;:&quot;intextLink&quot;,&quot;label&quot;:&quot;https:\/\/dortmund.t-online.de\/region\/dortmund\/&quot;}\" href=\"https:\/\/dortmund.t-online.de\/region\/dortmund\/\" data-sctrack=\"BodyAnchor\" rel=\"nofollow noopener\" target=\"_blank\">Dortmund<\/a> und <a class=\"transition-colors duration-200 cursor-pointer text-inherit no-underline text-salemsfur md:hover:text-magenta md:hover:border-magenta md:focus:text-magenta border-current border-b border-solid break-words\" data-tracking=\"{&quot;action&quot;:&quot;click&quot;,&quot;category&quot;:&quot;intextLink&quot;,&quot;label&quot;:&quot;\/themen\/luebeck\/&quot;}\" href=\"https:\/\/www.t-online.de\/themen\/luebeck\/\" data-sctrack=\"BodyAnchor\" rel=\"nofollow noopener\" target=\"_blank\">L\u00fcbeck<\/a> ver\u00e4u\u00dfert, teilte der Autohersteller nun mit. Anfang dieses Jahres seien zudem Vertr\u00e4ge zum Verkauf der Niederlassungen in Aachen, <a class=\"transition-colors duration-200 cursor-pointer text-inherit no-underline text-salemsfur md:hover:text-magenta md:hover:border-magenta md:focus:text-magenta border-current border-b border-solid break-words\" data-tracking=\"{&quot;action&quot;:&quot;click&quot;,&quot;category&quot;:&quot;intextLink&quot;,&quot;label&quot;:&quot;\/themen\/kassel\/&quot;}\" href=\"https:\/\/www.t-online.de\/themen\/kassel\/\" data-sctrack=\"BodyAnchor\" rel=\"nofollow noopener\" target=\"_blank\">Kassel<\/a>, W\u00fcrzburg, <a class=\"transition-colors duration-200 cursor-pointer text-inherit no-underline text-salemsfur md:hover:text-magenta md:hover:border-magenta md:focus:text-magenta border-current border-b border-solid break-words\" data-tracking=\"{&quot;action&quot;:&quot;click&quot;,&quot;category&quot;:&quot;intextLink&quot;,&quot;label&quot;:&quot;https:\/\/wuppertal.t-online.de\/region\/wuppertal\/&quot;}\" href=\"https:\/\/wuppertal.t-online.de\/region\/wuppertal\/\" data-sctrack=\"BodyAnchor\" rel=\"nofollow noopener\" target=\"_blank\">Wuppertal<\/a>, Reutlingen und Hannover unterzeichnet worden.<\/p>\n","protected":false},"excerpt":{"rendered":"1.100 Besch\u00e4ftigte betroffen Mercedes-Benz verkauft Autoh\u00e4user in Berlin und Brandenburg Aktualisiert am 12.05.2026 &#8211; 21:59 UhrLesedauer: 1 Min.&hellip;\n","protected":false},"author":2,"featured_media":1014463,"comment_status":"","ping_status":"","sticky":false,"template":"","format":"standard","meta":{"footnotes":"","_share_on_mastodon":"0"},"categories":[1816],"tags":[326,1960,1958,1959,1957,513,4890,296,1956,35696,1890,29,30,377],"class_list":["post-1014462","post","type-post","status-publish","format-standard","has-post-thumbnail","category-brandenburg","tag-326","tag-aktuelle-nachrichten-aus-berlin-und-brandenburg","tag-aktuelle-nachrichten-aus-brandenburg","tag-aktuelle-news-aus-berlin-und-brandenburg","tag-aktuelle-news-aus-brandenburg","tag-auto","tag-autohaus","tag-berlin","tag-berlin-und-brandenburg","tag-berlin-brandenburg","tag-brandenburg","tag-deutschland","tag-germany","tag-mercedes-benz"],"share_on_mastodon":{"url":"https:\/\/pubeurope.com\/@de\/116563968962148762","error":""},"_links":{"self":[{"href":"https:\/\/www.europesays.com\/de\/wp-json\/wp\/v2\/posts\/1014462","targetHints":{"allow":["GET"]}}],"collection":[{"href":"https:\/\/www.europesays.com\/de\/wp-json\/wp\/v2\/posts"}],"about":[{"href":"https:\/\/www.europesays.com\/de\/wp-json\/wp\/v2\/types\/post"}],"author":[{"embeddable":true,"href":"https:\/\/www.europesays.com\/de\/wp-json\/wp\/v2\/users\/2"}],"replies":[{"embeddable":true,"href":"https:\/\/www.europesays.com\/de\/wp-json\/wp\/v2\/comments?post=1014462"}],"version-history":[{"count":0,"href":"https:\/\/www.europesays.com\/de\/wp-json\/wp\/v2\/posts\/1014462\/revisions"}],"wp:featuredmedia":[{"embeddable":true,"href":"https:\/\/www.europesays.com\/de\/wp-json\/wp\/v2\/media\/1014463"}],"wp:attachment":[{"href":"https:\/\/www.europesays.com\/de\/wp-json\/wp\/v2\/media?parent=1014462"}],"wp:term":[{"taxonomy":"category","embeddable":true,"href":"https:\/\/www.europesays.com\/de\/wp-json\/wp\/v2\/categories?post=1014462"},{"taxonomy":"post_tag","embeddable":true,"href":"https:\/\/www.europesays.com\/de\/wp-json\/wp\/v2\/tags?post=1014462"}],"curies":[{"name":"wp","href":"https:\/\/api.w.org\/{rel}","templated":true}]}}