{"id":1014631,"date":"2026-05-13T00:03:20","date_gmt":"2026-05-13T00:03:20","guid":{"rendered":"https:\/\/www.europesays.com\/de\/1014631\/"},"modified":"2026-05-13T00:03:20","modified_gmt":"2026-05-13T00:03:20","slug":"fc-bayern-heftiger-gegenwind-fuer-uli-hoeness","status":"publish","type":"post","link":"https:\/\/www.europesays.com\/de\/1014631\/","title":{"rendered":"FC Bayern: Heftiger Gegenwind f\u00fcr Uli Hoene\u00df"},"content":{"rendered":"<p>\tFC Bayern: Heftiger Gegenwind f\u00fcr Uli Hoene\u00df<\/p>\n<p>\t\t\t\t\t\t<a href=\"https:\/\/www.sport.de\/fussball\/deutschland-bundesliga\/magazin\/\" rel=\"nofollow noopener\" target=\"_blank\"><img decoding=\"async\" onerror=\"this.style.display='none'\" src=\"https:\/\/www.europesays.com\/de\/wp-content\/uploads\/2025\/04\/12.png\" alt=\"Bundesliga\" title=\"Bundesliga\"\/>Bundesliga<\/a><\/p>\n<p>Artikel teilen<\/p>\n<p>\n\t\tFu\u00dfball Deutschland\u00a0Bundesliga\u00a0 News\n\t<\/p>\n<p>\t\t\t\t\t\t\t\t\t\t\t\t\t\t\t\t<img decoding=\"async\" src=\"https:\/\/www.europesays.com\/de\/wp-content\/uploads\/2026\/05\/vgzm.1820049-ne16768667.gif\" height=\"1\" width=\"1\" loading=\"eager\"\/>\t\t<\/p>\n<p>* Wir arbeiten in diesem Beitrag mit Affiliate-Links. Wenn Sie \u00fcber diese Links ein Produkt kaufen, erhalten wir vom Anbieter eine Provision. F\u00fcr Sie entstehen dabei keine Mehrkosten. Wo und wann Sie ein Produkt kaufen, bleibt nat\u00fcrlich Ihnen \u00fcberlassen.<\/p>\n","protected":false},"excerpt":{"rendered":"FC Bayern: Heftiger Gegenwind f\u00fcr Uli Hoene\u00df Bundesliga Artikel teilen Fu\u00dfball Deutschland\u00a0Bundesliga\u00a0 News * Wir arbeiten in diesem&hellip;\n","protected":false},"author":2,"featured_media":1014632,"comment_status":"","ping_status":"","sticky":false,"template":"","format":"standard","meta":{"footnotes":"","_share_on_mastodon":"0"},"categories":[136],"tags":[70295,299,29,458,347,30,2602,265,863,887,2182,11404],"class_list":["post-1014631","post","type-post","status-publish","format-standard","has-post-thumbnail","category-sport","tag-andreas-rettig","tag-bundesliga","tag-deutschland","tag-fc-bayern-muenchen","tag-fussball","tag-germany","tag-julian-nagelsmann","tag-sport","tag-sport-allgemein","tag-top-fussball","tag-uli-hoeness","tag-wm"],"share_on_mastodon":{"url":"https:\/\/pubeurope.com\/@de\/116564343415120325","error":""},"_links":{"self":[{"href":"https:\/\/www.europesays.com\/de\/wp-json\/wp\/v2\/posts\/1014631","targetHints":{"allow":["GET"]}}],"collection":[{"href":"https:\/\/www.europesays.com\/de\/wp-json\/wp\/v2\/posts"}],"about":[{"href":"https:\/\/www.europesays.com\/de\/wp-json\/wp\/v2\/types\/post"}],"author":[{"embeddable":true,"href":"https:\/\/www.europesays.com\/de\/wp-json\/wp\/v2\/users\/2"}],"replies":[{"embeddable":true,"href":"https:\/\/www.europesays.com\/de\/wp-json\/wp\/v2\/comments?post=1014631"}],"version-history":[{"count":0,"href":"https:\/\/www.europesays.com\/de\/wp-json\/wp\/v2\/posts\/1014631\/revisions"}],"wp:featuredmedia":[{"embeddable":true,"href":"https:\/\/www.europesays.com\/de\/wp-json\/wp\/v2\/media\/1014632"}],"wp:attachment":[{"href":"https:\/\/www.europesays.com\/de\/wp-json\/wp\/v2\/media?parent=1014631"}],"wp:term":[{"taxonomy":"category","embeddable":true,"href":"https:\/\/www.europesays.com\/de\/wp-json\/wp\/v2\/categories?post=1014631"},{"taxonomy":"post_tag","embeddable":true,"href":"https:\/\/www.europesays.com\/de\/wp-json\/wp\/v2\/tags?post=1014631"}],"curies":[{"name":"wp","href":"https:\/\/api.w.org\/{rel}","templated":true}]}}