{"id":1014777,"date":"2026-05-13T01:26:16","date_gmt":"2026-05-13T01:26:16","guid":{"rendered":"https:\/\/www.europesays.com\/de\/1014777\/"},"modified":"2026-05-13T01:26:16","modified_gmt":"2026-05-13T01:26:16","slug":"gefaellt-mir-nicht-hansi-flick-ruegt-lamine-yamal-wegen-aktion-bei-titelfeier-des-fc-barcelona","status":"publish","type":"post","link":"https:\/\/www.europesays.com\/de\/1014777\/","title":{"rendered":"&#8222;Gef\u00e4llt mir nicht&#8220;: Hansi Flick r\u00fcgt Lamine Yamal wegen Aktion bei Titelfeier des FC Barcelona"},"content":{"rendered":"<p>Meistercoach Hansi Flick vom FC Barcelona hat sich von seinem Jungstar Lamine Yamal und dessen \u00f6ffentlicher Unterst\u00fctzung f\u00fcr Pal\u00e4stina bei der Titelfeier der Katalanen distanziert.<\/p>\n<p style=\"text-align:start\">&#8222;Das sind Dinge, die ich normalerweise nicht mag&#8220;, sagte der fr\u00fchere Bundestrainer und erg\u00e4nzte: &#8222;Ich habe mit ihm dar\u00fcber gesprochen und ihm gesagt: Wenn er es tun m\u00f6chte, ist das seine Entscheidung \u2013 schlie\u00dflich ist er erwachsen.&#8220;<\/p>\n","protected":false},"excerpt":{"rendered":"Meistercoach Hansi Flick vom FC Barcelona hat sich von seinem Jungstar Lamine Yamal und dessen \u00f6ffentlicher Unterst\u00fctzung f\u00fcr&hellip;\n","protected":false},"author":2,"featured_media":1014778,"comment_status":"","ping_status":"","sticky":false,"template":"","format":"standard","meta":{"footnotes":"","_share_on_mastodon":"0"},"categories":[136],"tags":[4915,29,347,30,21818,56704,348,19172,4604,265],"class_list":["post-1014777","post","type-post","status-publish","format-standard","has-post-thumbnail","category-sport","tag-barcelona","tag-deutschland","tag-fussball","tag-germany","tag-h-flick","tag-l-yamal","tag-la-liga","tag-laliga","tag-soccer","tag-sport"],"share_on_mastodon":{"url":"https:\/\/pubeurope.com\/@de\/116564668470855891","error":""},"_links":{"self":[{"href":"https:\/\/www.europesays.com\/de\/wp-json\/wp\/v2\/posts\/1014777","targetHints":{"allow":["GET"]}}],"collection":[{"href":"https:\/\/www.europesays.com\/de\/wp-json\/wp\/v2\/posts"}],"about":[{"href":"https:\/\/www.europesays.com\/de\/wp-json\/wp\/v2\/types\/post"}],"author":[{"embeddable":true,"href":"https:\/\/www.europesays.com\/de\/wp-json\/wp\/v2\/users\/2"}],"replies":[{"embeddable":true,"href":"https:\/\/www.europesays.com\/de\/wp-json\/wp\/v2\/comments?post=1014777"}],"version-history":[{"count":0,"href":"https:\/\/www.europesays.com\/de\/wp-json\/wp\/v2\/posts\/1014777\/revisions"}],"wp:featuredmedia":[{"embeddable":true,"href":"https:\/\/www.europesays.com\/de\/wp-json\/wp\/v2\/media\/1014778"}],"wp:attachment":[{"href":"https:\/\/www.europesays.com\/de\/wp-json\/wp\/v2\/media?parent=1014777"}],"wp:term":[{"taxonomy":"category","embeddable":true,"href":"https:\/\/www.europesays.com\/de\/wp-json\/wp\/v2\/categories?post=1014777"},{"taxonomy":"post_tag","embeddable":true,"href":"https:\/\/www.europesays.com\/de\/wp-json\/wp\/v2\/tags?post=1014777"}],"curies":[{"name":"wp","href":"https:\/\/api.w.org\/{rel}","templated":true}]}}