{"id":1014837,"date":"2026-05-13T02:01:18","date_gmt":"2026-05-13T02:01:18","guid":{"rendered":"https:\/\/www.europesays.com\/de\/1014837\/"},"modified":"2026-05-13T02:01:18","modified_gmt":"2026-05-13T02:01:18","slug":"vier-ruecktritte-und-ein-koenig-so-ist-die-lage-in-london","status":"publish","type":"post","link":"https:\/\/www.europesays.com\/de\/1014837\/","title":{"rendered":"Vier R\u00fccktritte und ein K\u00f6nig: So ist die Lage in London"},"content":{"rendered":"<p>    &#13;<br \/>\n      13.05.2026, 03:01 \/ Lesedauer: ca. 3min Britische Regierungskrise <\/p>\n<p class=\"intro\">Der K\u00f6nig er\u00f6ffnet mitten in der tiefen Regierungskrise das Parlament. Premierminister Kier Starmer muss weiter um sein Amt k\u00e4mpfen. <\/p>\n<p>      &#13;<br \/>\n        <img decoding=\"async\"   src=\"https:\/\/www.europesays.com\/de\/wp-content\/uploads\/2026\/05\/fuer-keir-starmer-geht-es-weiterhin-um-sein-amt-als-1193041.jpg\" title=\"Vier R\u00fccktritte und ein K\u00f6nig: So ist die Lage in London \" alt=\"F\u00fcr Keir Starmer geht es weiterhin um sein Amt als Premierminister. (Archivbild)  Foto: Dan Kitwood\/Getty Images Europe Pool\/AP\/dpa\" class=\"img-responsive\"\/>&#13;<\/p>\n<p class=\"image-credit\">&#13;<br \/>\n\t\t\t\t\t\u00a9 Dan Kitwood\/Getty Images Europe Pool\/AP\/dpa<\/p>\n<p>&#13;<br \/>\n        &#13;<br \/>\n        &#13;<\/p>\n<p>F\u00fcr Keir Starmer geht es weiterhin um sein Amt als Premierminister. (Archivbild)  Foto: Dan Kitwood\/Getty Images Europe Pool\/AP\/dpa <\/p>\n<p>&#13;<\/p>\n<p class=\"image-credit\">&#13;<br \/>\n\t\t\t\t\t\t\t\u00a9 Dan Kitwood\/Getty Images Europe Pool\/AP\/dpa<\/p>\n<p>&#13;<br \/>\n        &#13;<\/p>\n<p class=\"author\">&#13;<br \/>\n      Von dpa<\/p>\n","protected":false},"excerpt":{"rendered":"&#13; 13.05.2026, 03:01 \/ Lesedauer: ca. 3min Britische Regierungskrise Der K\u00f6nig er\u00f6ffnet mitten in der tiefen Regierungskrise das&hellip;\n","protected":false},"author":2,"featured_media":1014838,"comment_status":"","ping_status":"","sticky":false,"template":"","format":"standard","meta":{"footnotes":"","_share_on_mastodon":"0"},"categories":[3933],"tags":[37777,331,332,548,663,158,3934,3935,4766,13,569,14,15,10565,2403,139,12,2534],"class_list":["post-1014837","post","type-post","status-publish","format-standard","has-post-thumbnail","category-eu","tag-adel","tag-aktuelle-nachrichten","tag-aktuelle-news","tag-eu","tag-europa","tag-europaeische-union","tag-europe","tag-european-union","tag-grobritannien","tag-headlines","tag-monarchie","tag-nachrichten","tag-news","tag-parlament","tag-partei","tag-regierung","tag-schlagzeilen","tag-wahl"],"share_on_mastodon":{"url":"https:\/\/pubeurope.com\/@de\/116564806278908657","error":""},"_links":{"self":[{"href":"https:\/\/www.europesays.com\/de\/wp-json\/wp\/v2\/posts\/1014837","targetHints":{"allow":["GET"]}}],"collection":[{"href":"https:\/\/www.europesays.com\/de\/wp-json\/wp\/v2\/posts"}],"about":[{"href":"https:\/\/www.europesays.com\/de\/wp-json\/wp\/v2\/types\/post"}],"author":[{"embeddable":true,"href":"https:\/\/www.europesays.com\/de\/wp-json\/wp\/v2\/users\/2"}],"replies":[{"embeddable":true,"href":"https:\/\/www.europesays.com\/de\/wp-json\/wp\/v2\/comments?post=1014837"}],"version-history":[{"count":0,"href":"https:\/\/www.europesays.com\/de\/wp-json\/wp\/v2\/posts\/1014837\/revisions"}],"wp:featuredmedia":[{"embeddable":true,"href":"https:\/\/www.europesays.com\/de\/wp-json\/wp\/v2\/media\/1014838"}],"wp:attachment":[{"href":"https:\/\/www.europesays.com\/de\/wp-json\/wp\/v2\/media?parent=1014837"}],"wp:term":[{"taxonomy":"category","embeddable":true,"href":"https:\/\/www.europesays.com\/de\/wp-json\/wp\/v2\/categories?post=1014837"},{"taxonomy":"post_tag","embeddable":true,"href":"https:\/\/www.europesays.com\/de\/wp-json\/wp\/v2\/tags?post=1014837"}],"curies":[{"name":"wp","href":"https:\/\/api.w.org\/{rel}","templated":true}]}}