{"id":1015002,"date":"2026-05-13T03:41:21","date_gmt":"2026-05-13T03:41:21","guid":{"rendered":"https:\/\/www.europesays.com\/de\/1015002\/"},"modified":"2026-05-13T03:41:21","modified_gmt":"2026-05-13T03:41:21","slug":"timberjacks-bannewitz-eroeffnung-2026-tisch-reservieren-events","status":"publish","type":"post","link":"https:\/\/www.europesays.com\/de\/1015002\/","title":{"rendered":"Timberjacks Bannewitz Er\u00f6ffnung 2026: Tisch reservieren &#038; Events"},"content":{"rendered":"<p>Wer im neuen Blockhaus-Restaurant an der B170 einen Tisch ergattern will, braucht vor allem eines: Geduld. Das Timberjacks Bannewitz soll ab dem 15. Mai regul\u00e4r \u00f6ffnen &#8211; und ist bereits auf Wochen ausreserviert.<\/p>\n<p><b>Bannewitz.<\/b>\u00a0Den Auftakt markierte am 2. Mai ein <a href=\"https:\/\/www.diesachsen.de\/dresden-news\/beef-with-a-view-erste-bilder-aus-dem-timberjacks-an-der-b170-bosshoss-stuerm-3131276\" target=\"_blank\" rel=\"nofollow noopener\">ausverkauftes Konzert von The BossHoss<\/a>, das gleichzeitig als erster Belastungstest f\u00fcr Technik, Abl\u00e4ufe und Infrastruktur diente. \u201eDas Konzert von The BossHoss wurde von mehreren hundert Besuchern sehr positiv aufgenommen und war f\u00fcr uns ein gelungener Auftakt&#8220;, teilte Inhaber Thomas Kemner auf TAG24-Anfrage mit. Demnach folgte am 7. Mai ein internes Pre-Opening mit rund 250 geladenen G\u00e4sten &#8211; darunter Kemner und B\u00fcrgermeister Heiko Wersig -, bei dem das rund 80-k\u00f6pfige Team erstmals im Vollbetrieb bewirtete.<\/p>\n<p>Die offizielle Er\u00f6ffnung hatte sich gegen\u00fcber dem urspr\u00fcnglich geplanten Apriltermin durch bauliche, technische und beh\u00f6rdliche Abstimmungen verz\u00f6gert, wie Kemner <a href=\"https:\/\/www.tag24.de\/dresden\/lokales\/statt-masken-fabrik-timberjacks-bringt-neues-leben-nach-bannewitz-3495875\" target=\"_blank\" rel=\"nofollow noopener\">gegen\u00fcber TAG24 erkl\u00e4rte<\/a>. Reservierungen sind ab sofort \u00fcber <a href=\"https:\/\/www.timberjacks.com\/bannewitz\" target=\"_blank\" rel=\"nofollow noopener\">timberjacks.com\/bannewitz<\/a> m\u00f6glich &#8211; das Restaurant weist dort jedoch selbst darauf hin, man sei bereits weit im Voraus ausgebucht. Gruppen k\u00f6nnen telefonisch unter +49 (0) 351 799 918 50 oder per Mail an bannewitz@timberjacks.com anfragen. Mehran Hertwig, bei Timberjacks zust\u00e4ndig f\u00fcr Marketing und Events, hatte beim Pro-Opening am 2. Mai zudem erkl\u00e4rt, man k\u00f6nne auch spontan vorbeischauen, man wolle niemanden wegschicken. &#8222;Aber man muss dann nat\u00fcrlich Geduld mitbringen&#8220;, so Hertwig.<\/p>\n","protected":false},"excerpt":{"rendered":"Wer im neuen Blockhaus-Restaurant an der B170 einen Tisch ergattern will, braucht vor allem eines: Geduld. Das Timberjacks&hellip;\n","protected":false},"author":2,"featured_media":1015003,"comment_status":"","ping_status":"","sticky":false,"template":"","format":"standard","meta":{"footnotes":"","_share_on_mastodon":"0"},"categories":[1835],"tags":[214058,160716,3364,29,2386,141343,30,214059,1598,859,210625,210624],"class_list":["post-1015002","post","type-post","status-publish","format-standard","has-post-thumbnail","category-dresden","tag-brgermeister-heiko-wersig","tag-bannewitz","tag-de","tag-deutschland","tag-dresden","tag-dresden-news","tag-germany","tag-heiko-wersig","tag-restaurant","tag-sachsen","tag-timberjacks","tag-timberjacks-bannewitz"],"share_on_mastodon":{"url":"https:\/\/pubeurope.com\/@de\/116565199183934106","error":""},"_links":{"self":[{"href":"https:\/\/www.europesays.com\/de\/wp-json\/wp\/v2\/posts\/1015002","targetHints":{"allow":["GET"]}}],"collection":[{"href":"https:\/\/www.europesays.com\/de\/wp-json\/wp\/v2\/posts"}],"about":[{"href":"https:\/\/www.europesays.com\/de\/wp-json\/wp\/v2\/types\/post"}],"author":[{"embeddable":true,"href":"https:\/\/www.europesays.com\/de\/wp-json\/wp\/v2\/users\/2"}],"replies":[{"embeddable":true,"href":"https:\/\/www.europesays.com\/de\/wp-json\/wp\/v2\/comments?post=1015002"}],"version-history":[{"count":0,"href":"https:\/\/www.europesays.com\/de\/wp-json\/wp\/v2\/posts\/1015002\/revisions"}],"wp:featuredmedia":[{"embeddable":true,"href":"https:\/\/www.europesays.com\/de\/wp-json\/wp\/v2\/media\/1015003"}],"wp:attachment":[{"href":"https:\/\/www.europesays.com\/de\/wp-json\/wp\/v2\/media?parent=1015002"}],"wp:term":[{"taxonomy":"category","embeddable":true,"href":"https:\/\/www.europesays.com\/de\/wp-json\/wp\/v2\/categories?post=1015002"},{"taxonomy":"post_tag","embeddable":true,"href":"https:\/\/www.europesays.com\/de\/wp-json\/wp\/v2\/tags?post=1015002"}],"curies":[{"name":"wp","href":"https:\/\/api.w.org\/{rel}","templated":true}]}}