{"id":1015014,"date":"2026-05-13T03:47:30","date_gmt":"2026-05-13T03:47:30","guid":{"rendered":"https:\/\/www.europesays.com\/de\/1015014\/"},"modified":"2026-05-13T03:47:30","modified_gmt":"2026-05-13T03:47:30","slug":"tank-panne-bei-shell-guenstiger-diesel-lockt-autofahrerin-aus-dortmund","status":"publish","type":"post","link":"https:\/\/www.europesays.com\/de\/1015014\/","title":{"rendered":"Tank-Panne bei Shell: G\u00fcnstiger Diesel lockt Autofahrerin aus Dortmund"},"content":{"rendered":"<p>\t\tPanne sorgte f\u00fcr g\u00fcnstigsten Diesel seit Wochen<br \/>\n\t\t\t\t\tRomina Hofe (30) hat in Dortmund direkt zugeschlagen<\/p>\n<p>\t\tvon <a href=\"https:\/\/www.ruhrnachrichten.de\/author\/tim-huebbertz\/\" rel=\"author nofollow noopener\" target=\"_blank\">Tim H\u00fcbbertz<\/a>, <a href=\"https:\/\/www.ruhrnachrichten.de\/author\/julius-obhues\/\" rel=\"author nofollow noopener\" target=\"_blank\">Julius Obhues<\/a>\t<\/p>\n<p>    <a href=\"https:\/\/www.ruhrnachrichten.de\/wp-content\/uploads\/2026\/05\/12\/12\/630_0900_6197776_-1648x824.jpg\" rel=\"nofollow noopener\" target=\"_blank\"><\/p>\n<p>            <img decoding=\"async\" fetchpriority=\"high\" src=\"https:\/\/www.europesays.com\/de\/wp-content\/uploads\/2026\/05\/630_0900_6197594_-640x428.jpg\" width=\"640\" height=\"428\"  alt=\"Romina Hofe (30) an der Rastst\u00e4tte Lichtendorf-Nord\"\/><\/p>\n<p>    <\/a><br \/>\n    Diesmal war das Volltanken deutlich g\u00fcnstiger als sonst &#8211; und das an der Autobahn. Gl\u00fcck f\u00fcr Romina Hofe. \u00a9 Tim H\u00fcbbertz<\/p>\n<p class=\"article__teaser-text\">Pl\u00f6tzlicher Preissturz? Durch eine Panne gab es an einigen Shell-Tankstellen au\u00dfergew\u00f6hnlich g\u00fcnstigen Diesel &#8211; an einer Autobahn in Dortmund f\u00fcr 1,84 Euro den Liter. Sehr zur Freude mancher Autofahrer.<\/p>\n<p>2 Min Lesezeit<\/p>\n<p>Neue Regelung macht Betreiber handlungsunf\u00e4hig<\/p>\n","protected":false},"excerpt":{"rendered":"Panne sorgte f\u00fcr g\u00fcnstigsten Diesel seit Wochen Romina Hofe (30) hat in Dortmund direkt zugeschlagen von Tim H\u00fcbbertz,&hellip;\n","protected":false},"author":2,"featured_media":1015015,"comment_status":"","ping_status":"","sticky":false,"template":"","format":"standard","meta":{"footnotes":"","_share_on_mastodon":"0"},"categories":[1833],"tags":[3364,29,217,30,1209,34875,3587],"class_list":["post-1015014","post","type-post","status-publish","format-standard","has-post-thumbnail","category-dortmund","tag-de","tag-deutschland","tag-dortmund","tag-germany","tag-nordrhein-westfalen","tag-shell","tag-verkehr-mobilitaet"],"share_on_mastodon":{"url":"https:\/\/pubeurope.com\/@de\/116565223818180992","error":""},"_links":{"self":[{"href":"https:\/\/www.europesays.com\/de\/wp-json\/wp\/v2\/posts\/1015014","targetHints":{"allow":["GET"]}}],"collection":[{"href":"https:\/\/www.europesays.com\/de\/wp-json\/wp\/v2\/posts"}],"about":[{"href":"https:\/\/www.europesays.com\/de\/wp-json\/wp\/v2\/types\/post"}],"author":[{"embeddable":true,"href":"https:\/\/www.europesays.com\/de\/wp-json\/wp\/v2\/users\/2"}],"replies":[{"embeddable":true,"href":"https:\/\/www.europesays.com\/de\/wp-json\/wp\/v2\/comments?post=1015014"}],"version-history":[{"count":0,"href":"https:\/\/www.europesays.com\/de\/wp-json\/wp\/v2\/posts\/1015014\/revisions"}],"wp:featuredmedia":[{"embeddable":true,"href":"https:\/\/www.europesays.com\/de\/wp-json\/wp\/v2\/media\/1015015"}],"wp:attachment":[{"href":"https:\/\/www.europesays.com\/de\/wp-json\/wp\/v2\/media?parent=1015014"}],"wp:term":[{"taxonomy":"category","embeddable":true,"href":"https:\/\/www.europesays.com\/de\/wp-json\/wp\/v2\/categories?post=1015014"},{"taxonomy":"post_tag","embeddable":true,"href":"https:\/\/www.europesays.com\/de\/wp-json\/wp\/v2\/tags?post=1015014"}],"curies":[{"name":"wp","href":"https:\/\/api.w.org\/{rel}","templated":true}]}}