{"id":1015270,"date":"2026-05-13T06:12:22","date_gmt":"2026-05-13T06:12:22","guid":{"rendered":"https:\/\/www.europesays.com\/de\/1015270\/"},"modified":"2026-05-13T06:12:22","modified_gmt":"2026-05-13T06:12:22","slug":"niemand-in-europa-ist-besser-als-er-ein-ex-bvb-star-ist-dank-harry-kane-zahlen-die-grosse-wm-hoffnung-der-niederlande","status":"publish","type":"post","link":"https:\/\/www.europesays.com\/de\/1015270\/","title":{"rendered":"&#8222;Niemand in Europa ist besser als er&#8220;: Ein Ex-BVB-Star ist dank Harry-Kane-Zahlen die gro\u00dfe WM-Hoffnung der Niederlande"},"content":{"rendered":"<p>Beim BVB noch inkonstant, bei Aston Villa nur Ersatz: Donyell Malen entwickelt sich bei der Roma pl\u00f6tzlich zum Top-St\u00fcrmer. <\/p>\n<p>Der Anlauf war kurz \u2013 und der Druck war gro\u00df: Nur anderthalb Meter ben\u00f6tigte er zum Elfmeterpunkt, auf dem der Ball in der 101. Minute lag. Nach ein paar Trippelschritten auf der Stelle h\u00e4mmerte er die Kugel links in den Winkel und feierte seinen Treffer mit einem Jubelsprung. Es war das 3:2 f\u00fcr die AS Roma, das Donyell Malen am Wochenende in Parma erzielte. Im Rennen um die Champions-League-Pl\u00e4tze in der Serie A zogen die Giallorossi dank des Sieges mit Milan gleich und k\u00f6nnen als F\u00fcnfter zwei Spieltage vor Saisonschluss weiterhin von der K\u00f6nigsklasse tr\u00e4umen. Dass das so ist, hat vor allem mit Donyell Malen zu tun, der erst im Winter von Aston Villa ausgeliehen wurde. &#8222;Mit Malen in der Hinrunde h\u00e4tten wir noch einige Punkte mehr eingefahren&#8220;, war sich Roma-Trainer Gian Piero Gasperini sicher.\u00a0<\/p>\n","protected":false},"excerpt":{"rendered":"Beim BVB noch inkonstant, bei Aston Villa nur Ersatz: Donyell Malen entwickelt sich bei der Roma pl\u00f6tzlich zum&hellip;\n","protected":false},"author":2,"featured_media":1015271,"comment_status":"","ping_status":"","sticky":false,"template":"","format":"standard","meta":{"footnotes":"","_share_on_mastodon":"0"},"categories":[3933],"tags":[331,332,7049,18654,888,218449,548,663,158,3934,3935,2033,347,13,41022,14,15,36442,12,804,4604,7109,106199],"class_list":["post-1015270","post","type-post","status-publish","format-standard","has-post-thumbnail","category-eu","tag-aktuelle-nachrichten","tag-aktuelle-news","tag-as-rom","tag-aston-villa","tag-borussia-dortmund","tag-d-malen","tag-eu","tag-europa","tag-europaeische-union","tag-europe","tag-european-union","tag-features","tag-fussball","tag-headlines","tag-italien-serie-a","tag-nachrichten","tag-news","tag-roma","tag-schlagzeilen","tag-serie-a","tag-soccer","tag-weltmeisterschaft","tag-world-cup"],"share_on_mastodon":{"url":"https:\/\/pubeurope.com\/@de\/116565793253512050","error":""},"_links":{"self":[{"href":"https:\/\/www.europesays.com\/de\/wp-json\/wp\/v2\/posts\/1015270","targetHints":{"allow":["GET"]}}],"collection":[{"href":"https:\/\/www.europesays.com\/de\/wp-json\/wp\/v2\/posts"}],"about":[{"href":"https:\/\/www.europesays.com\/de\/wp-json\/wp\/v2\/types\/post"}],"author":[{"embeddable":true,"href":"https:\/\/www.europesays.com\/de\/wp-json\/wp\/v2\/users\/2"}],"replies":[{"embeddable":true,"href":"https:\/\/www.europesays.com\/de\/wp-json\/wp\/v2\/comments?post=1015270"}],"version-history":[{"count":0,"href":"https:\/\/www.europesays.com\/de\/wp-json\/wp\/v2\/posts\/1015270\/revisions"}],"wp:featuredmedia":[{"embeddable":true,"href":"https:\/\/www.europesays.com\/de\/wp-json\/wp\/v2\/media\/1015271"}],"wp:attachment":[{"href":"https:\/\/www.europesays.com\/de\/wp-json\/wp\/v2\/media?parent=1015270"}],"wp:term":[{"taxonomy":"category","embeddable":true,"href":"https:\/\/www.europesays.com\/de\/wp-json\/wp\/v2\/categories?post=1015270"},{"taxonomy":"post_tag","embeddable":true,"href":"https:\/\/www.europesays.com\/de\/wp-json\/wp\/v2\/tags?post=1015270"}],"curies":[{"name":"wp","href":"https:\/\/api.w.org\/{rel}","templated":true}]}}