{"id":101544,"date":"2025-05-11T07:14:09","date_gmt":"2025-05-11T07:14:09","guid":{"rendered":"https:\/\/www.europesays.com\/de\/101544\/"},"modified":"2025-05-11T07:14:09","modified_gmt":"2025-05-11T07:14:09","slug":"duerfen-kioske-und-buechen-sonntags-weiterhin-oeffnen","status":"publish","type":"post","link":"https:\/\/www.europesays.com\/de\/101544\/","title":{"rendered":"D\u00fcrfen Kioske und B\u00fcchen sonntags weiterhin \u00f6ffnen?"},"content":{"rendered":"<p class=\"text_ohne_einzug richtext text-em-55 !leading-serif mx-6 desktop:mx-0\"> An Sonn- und Feiertagen sind D\u00fcsseldorfer B\u00fcdchen nicht nur eine Anlaufstelle in der Not, sondern auch ein beliebter Treffpunkt. Im nur wenige Kilometer entfernten <a href=\"https:\/\/rp-online.de\/thema\/moenchengladbach\/\" rel=\"nofollow noopener\" target=\"_blank\">M\u00f6nchengladbach<\/a> d\u00fcrfen das manche Kioske an diesen Tagen jedoch nicht mehr sein. Das hat das dortige Ordnungsamt mit Verweis auf das nordrhein-westf\u00e4lische Laden\u00f6ffnungsgesetz beschieden. Droht D\u00fcsseldorf damit eine \u00e4hnliche Situation?<\/p>\n<p class=\"richtext text-em-55 !leading-serif mx-6 desktop:mx-0\">\u201eWas soll das\u201c, fragt sich Yeter Seng\u00fcl, die mit ihrem Mann seit 20 Jahren ein B\u00fcdchen an der Bilker Allee in Friedrichstadt betreibt. Wie bei so vielen Buden geh\u00f6ren zu ihrem Angebot nicht nur Zeitungen, Tabakwaren und eine Getr\u00e4nkeauswahl. Sondern auch Nudeln, Milch und andere Lebensmittel. Und genau darin liegt die Krux.<\/p>\n<p class=\"richtext text-em-55 !leading-serif mx-6 desktop:mx-0\">Weil sehr viele B\u00fcdchen diese Produktpalette mittlerweile anbieten, gelten f\u00fcr die Betreiber strengere \u00d6ffnungszeiten. Theoretisch. Laut Laden\u00f6ffnungsgesetz d\u00fcrfen solche Verkaufsstellen an Werktagen ohne zeitliche Begrenzung ge\u00f6ffnet sein, an Sonn- und Feiertagen jedoch nur begrenzt. Und das aber auch nur dann, wenn das Kernsortiment aus Blumen und Pflanzen, Zeitungen oder Back- und Konditorwaren besteht. Dar\u00fcber hinaus ist die Abgabe eines \u201ebegrenzten Randsortiments\u201c erlaubt, f\u00fcr die Dauer von f\u00fcnf Stunden.<\/p>\n<p class=\"richtext text-em-55 !leading-serif mx-6 desktop:mx-0\">Praktisch aber \u2013 das kann jeder sehen, der an einem Sonntag schon mal durch die Stadt spaziert ist \u2013 sind die meisten B\u00fcdchen deutlich l\u00e4nger ge\u00f6ffnet. Nicht selten vom fr\u00fchen Morgen bis zum sp\u00e4ten Abend. Das war bisher auch in M\u00f6nchengladbach so. Bis Ordnungsamt und Polizei Ende M\u00e4rz gemeinsam 100 Gewerbekontrollen durchf\u00fchrten und 90 Verst\u00f6\u00dfe feststellten, viele davon in Kiosken.<\/p>\n<p class=\"richtext text-em-55 !leading-serif mx-6 desktop:mx-0\">Dass sie auch an Sonn- und Feiertagen weiter \u00f6ffnen k\u00f6nnen, d\u00fcrfte f\u00fcr die meisten Betreiber wirtschaftlich elementar sein. Schlie\u00dflich sind sie besonders an Sonntagen nicht selten die einzig verf\u00fcgbaren Anbieter. Und: Das Geld wird in B\u00fcdchen nicht mit Zeitschriften oder Tabak verdient, f\u00fcr die die Verkaufspreise ja festgelegt sind. Sondern mit Getr\u00e4nken \u2013 und im Zweifel auch mit Lebensmitteln. Kiosk-Unternehmerin Seng\u00fcl sagt, dass der Umsatz an Sonn- und Feiertagen f\u00fcr sie \u201esehr wichtig\u201c sei. \u201eDie Leute sind gl\u00fccklich, wenn sie beim Einkauf etwas vergessen haben und hier noch was bekommen\u201c, so Seng\u00fcl.<\/p>\n<p class=\"richtext text-em-55 !leading-serif mx-6 desktop:mx-0\">Genauso wichtig ist f\u00fcr sie aber ein anderer Punkt: \u201eWir sind f\u00fcr das Soziale da\u201c, sagt die D\u00fcsseldorferin. Sie sieht ihr B\u00fcdchen auch als Nachbarschaftstreff, wo sich Jung und Alt hinsetzen, gemeinsam einen Kaffee trinken und plaudern. Das bindet nat\u00fcrlich auch Kunden. Eine fr\u00fchere Kundin von Seng\u00fcl, die mittlerweile in M\u00f6nchengladbach lebt, habe sie nach den Gewerbekontrollen dort sogar angerufen und gefragt, was da wohl los sei.<\/p>\n<p class=\"richtext text-em-55 !leading-serif mx-6 desktop:mx-0\">Ein weiterer solcher Nachbarschaftstreffpunkt ist auch die Markthalle an der Bankstra\u00dfe in Golzheim. \u201eDie Markthalle hat uns w\u00e4hrend Corona am Leben gehalten\u201c, sagt Anwohnerin Laura. Dort konnte man sich auch im Lockdown noch auf ein Getr\u00e4nk treffen und kl\u00f6nen. Vor dem B\u00fcdchen \u2013 das mit seinem umfangreichen Angebot schon eher an einen Tante-Emma-Laden erinnert und so etwas wie die Luxusvariante eines Kiosks ist \u2013 gibt es einige Sitzm\u00f6glichkeiten f\u00fcr Besucher. Besonders bei gutem Wetter kann es hier in den Nachmittags- und Abendstunden rappelvoll werden.<\/p>\n<p class=\"richtext text-em-55 !leading-serif mx-6 desktop:mx-0\">Und auch f\u00fcr die Betreiber Predrag Krco und seine Partnerin Jelena ist der Sonntag der umsatzst\u00e4rkste Tag der Woche. \u201eEs w\u00e4re schade, wenn der wegfallen w\u00fcrde\u201c, sagen sie. Doch machen sie sich kaum Sorgen, denn: \u201eWir haben alle Konzessionen, wir betreiben das Gesch\u00e4ft schon seit Jahren so.\u201c F\u00fcr die Kunden \u2013 die meisten sind Stammbesucher aus der Umgebung \u2013 w\u00e4re eine sonntags geschlossene Markthalle wohl ein noch gr\u00f6\u00dferes Problem als f\u00fcr die Betreiber selbst. \u201eWir h\u00e4tten dann einen Familientag mehr\u201c, sagt Krco nur halb im Scherz.<\/p>\n<p class=\"richtext text-em-55 !leading-serif mx-6 desktop:mx-0\">Es ist davon auszugehen, dass viele Buden-Betreiber in M\u00f6nchengladbach Fehler gemacht haben und im Gegensatz zu Seng\u00fcl und Krco etwa die falsche Konzession hatten. Und dass es solche F\u00e4lle in D\u00fcsseldorf gibt, ist sicherlich nicht ausgeschlossen. Doch dass die Stadt mit dem Ordnungsamt eine so gro\u00dffl\u00e4chige Kontrolle anstrebt wie ihre Kollegen in der Nachbarstadt, scheint zumindest unwahrscheinlich. Auf die Frage danach antwortet eine Stadtsprecherin: \u201eDas Ordnungsamt f\u00fchrt im Einzelfall und auf konkrete Beschwerden Kontrollen durch.\u201c<\/p>\n","protected":false},"excerpt":{"rendered":"An Sonn- und Feiertagen sind D\u00fcsseldorfer B\u00fcdchen nicht nur eine Anlaufstelle in der Not, sondern auch ein beliebter&hellip;\n","protected":false},"author":2,"featured_media":101269,"comment_status":"","ping_status":"","sticky":false,"template":"","format":"standard","meta":{"footnotes":""},"categories":[1831],"tags":[40310,3364,29,3405,21075,19910,30,40311,1209,23289,37393],"class_list":{"0":"post-101544","1":"post","2":"type-post","3":"status-publish","4":"format-standard","5":"has-post-thumbnail","7":"category-duesseldorf","8":"tag-buedchen","9":"tag-de","10":"tag-deutschland","11":"tag-duesseldorf","12":"tag-feiertagen","13":"tag-geoeffnet","14":"tag-germany","15":"tag-ladenoeffnungsgesetz","16":"tag-nordrhein-westfalen","17":"tag-sonn","18":"tag-zeitungen"},"share_on_mastodon":{"url":"https:\/\/pubeurope.com\/@de\/114487968599148139","error":""},"_links":{"self":[{"href":"https:\/\/www.europesays.com\/de\/wp-json\/wp\/v2\/posts\/101544","targetHints":{"allow":["GET"]}}],"collection":[{"href":"https:\/\/www.europesays.com\/de\/wp-json\/wp\/v2\/posts"}],"about":[{"href":"https:\/\/www.europesays.com\/de\/wp-json\/wp\/v2\/types\/post"}],"author":[{"embeddable":true,"href":"https:\/\/www.europesays.com\/de\/wp-json\/wp\/v2\/users\/2"}],"replies":[{"embeddable":true,"href":"https:\/\/www.europesays.com\/de\/wp-json\/wp\/v2\/comments?post=101544"}],"version-history":[{"count":0,"href":"https:\/\/www.europesays.com\/de\/wp-json\/wp\/v2\/posts\/101544\/revisions"}],"wp:featuredmedia":[{"embeddable":true,"href":"https:\/\/www.europesays.com\/de\/wp-json\/wp\/v2\/media\/101269"}],"wp:attachment":[{"href":"https:\/\/www.europesays.com\/de\/wp-json\/wp\/v2\/media?parent=101544"}],"wp:term":[{"taxonomy":"category","embeddable":true,"href":"https:\/\/www.europesays.com\/de\/wp-json\/wp\/v2\/categories?post=101544"},{"taxonomy":"post_tag","embeddable":true,"href":"https:\/\/www.europesays.com\/de\/wp-json\/wp\/v2\/tags?post=101544"}],"curies":[{"name":"wp","href":"https:\/\/api.w.org\/{rel}","templated":true}]}}