{"id":1015446,"date":"2026-05-13T07:53:17","date_gmt":"2026-05-13T07:53:17","guid":{"rendered":"https:\/\/www.europesays.com\/de\/1015446\/"},"modified":"2026-05-13T07:53:17","modified_gmt":"2026-05-13T07:53:17","slug":"rohrbruch-in-dortmund-scharnhorst-sperrungen-und-notversorgung","status":"publish","type":"post","link":"https:\/\/www.europesays.com\/de\/1015446\/","title":{"rendered":"Rohrbruch in Dortmund-Scharnhorst: Sperrungen und Notversorgung"},"content":{"rendered":"<p>\t\t\u00dcberschwemmung durch Rohrbruch<br \/>\n\t\t\t\t\tStra\u00dfe im Dortmunder Nordosten einseitig gesperrt<\/p>\n<p>\t<a href=\"#premium-content\"><\/p>\n<p>\t\t\t<img decoding=\"async\" src=\"https:\/\/www.europesays.com\/de\/wp-content\/uploads\/2026\/05\/630_0900_6201169_-640x426.jpg\"  loading=\"lazy\" alt=\"\u00dcbersp\u00fclte Stra\u00dfe Droote\"\/><\/p>\n<p>\t\t01:03<br \/>\n\t\t Jetzt ansehen<br \/>\n\t<\/a><\/p>\n<p class=\"article__teaser-text\">Ein Rohrbruch in Dortmund-Scharnhorst f\u00fchrt zu Sperrungen und einer Notversorgung f\u00fcr Anwohner. Die Reparaturarbeiten sind noch nicht abgeschlossen.<\/p>\n<p>Stra\u00dfe Droote einseitig gesperrt<\/p>\n","protected":false},"excerpt":{"rendered":"\u00dcberschwemmung durch Rohrbruch Stra\u00dfe im Dortmunder Nordosten einseitig gesperrt 01:03 Jetzt ansehen Ein Rohrbruch in Dortmund-Scharnhorst f\u00fchrt zu&hellip;\n","protected":false},"author":2,"featured_media":1015447,"comment_status":"","ping_status":"","sticky":false,"template":"","format":"standard","meta":{"footnotes":"","_share_on_mastodon":"0"},"categories":[1833],"tags":[3364,29,217,30,1209,11473,3587],"class_list":["post-1015446","post","type-post","status-publish","format-standard","has-post-thumbnail","category-dortmund","tag-de","tag-deutschland","tag-dortmund","tag-germany","tag-nordrhein-westfalen","tag-rohrbruch","tag-verkehr-mobilitaet"],"share_on_mastodon":{"url":"https:\/\/pubeurope.com\/@de\/116566190222324139","error":""},"_links":{"self":[{"href":"https:\/\/www.europesays.com\/de\/wp-json\/wp\/v2\/posts\/1015446","targetHints":{"allow":["GET"]}}],"collection":[{"href":"https:\/\/www.europesays.com\/de\/wp-json\/wp\/v2\/posts"}],"about":[{"href":"https:\/\/www.europesays.com\/de\/wp-json\/wp\/v2\/types\/post"}],"author":[{"embeddable":true,"href":"https:\/\/www.europesays.com\/de\/wp-json\/wp\/v2\/users\/2"}],"replies":[{"embeddable":true,"href":"https:\/\/www.europesays.com\/de\/wp-json\/wp\/v2\/comments?post=1015446"}],"version-history":[{"count":0,"href":"https:\/\/www.europesays.com\/de\/wp-json\/wp\/v2\/posts\/1015446\/revisions"}],"wp:featuredmedia":[{"embeddable":true,"href":"https:\/\/www.europesays.com\/de\/wp-json\/wp\/v2\/media\/1015447"}],"wp:attachment":[{"href":"https:\/\/www.europesays.com\/de\/wp-json\/wp\/v2\/media?parent=1015446"}],"wp:term":[{"taxonomy":"category","embeddable":true,"href":"https:\/\/www.europesays.com\/de\/wp-json\/wp\/v2\/categories?post=1015446"},{"taxonomy":"post_tag","embeddable":true,"href":"https:\/\/www.europesays.com\/de\/wp-json\/wp\/v2\/tags?post=1015446"}],"curies":[{"name":"wp","href":"https:\/\/api.w.org\/{rel}","templated":true}]}}