{"id":1015636,"date":"2026-05-13T09:44:34","date_gmt":"2026-05-13T09:44:34","guid":{"rendered":"https:\/\/www.europesays.com\/de\/1015636\/"},"modified":"2026-05-13T09:44:34","modified_gmt":"2026-05-13T09:44:34","slug":"promi-sohn-stirbt-in-der-isar-obduktion-in-muenchen-beendet-aber-offene-fragen-bleiben","status":"publish","type":"post","link":"https:\/\/www.europesays.com\/de\/1015636\/","title":{"rendered":"Promi-Sohn stirbt in der Isar: Obduktion in M\u00fcnchen beendet \u2013 aber offene Fragen bleiben"},"content":{"rendered":"<p>Offenbar war es kein Gewaltdelikt \u2013 und auch Zeugen gibt es bislang wohl nicht. Man gehe weiter von einem Ungl\u00fcck und Unfall aus. Die Polizei best\u00e4tigte am Montagmorgen die Identit\u00e4t des Toten, der am Samstagmorgen in der Isar gefunden wurde. <a href=\"https:\/\/www.abendzeitung-muenchen.de\/promis\/leblos-in-der-isar-gefunden-sohn-von-muenchner-tv-star-lara-joy-koerner-ist-tot-art-1130722\" title=\"Leblos in der Isar gefunden: Sohn von M\u00fcnchner TV-Star Lara Joy K\u00f6rner ist tot\" rel=\"nofollow noopener\" target=\"_blank\">Es handelt sich dabei um Remo Aim\u00e9 Pollert, den 19-j\u00e4hrigen Sohn von TV-Star Lara Joy K\u00f6rner (47).<\/a>\u00a0<\/p>\n<p>AZ erf\u00e4hrt: Obduktion der Leiche angeordnet<\/p>\n<p>Die Staatsanwaltschaft M\u00fcnchen I entschied sich f\u00fcr eine Obduktion. Ob m\u00f6glicherweise Alkohol oder andere Drogen eine Rolle gespielt haben k\u00f6nnten, m\u00fcssten weitere Untersuchungen zeigen. Die toxikologische Untersuchung steht n\u00e4mlich noch aus, erf\u00e4hrt die AZ aus Kreisen der Ermittler. Das Kommissariat 12 (Todesermittlungen) hat \u00fcbernommen.\u00a0<\/p>\n<p>Die Ermittlungen zur genauen Todesursache sind nicht final abgeschlossen. Eine weitere offene Frage: Gibt es \u00dcberwachungsbilder vom Techno-Club &#8222;Blitz&#8220;, wo Pollert wom\u00f6glich kurz vor seinem Tod feierte?\u00a0<\/p>\n<p>Remo Aim\u00e9 Pollert: Obduktion abgeschlossen<\/p>\n<p>Am Dienstagnachmittag wurde die Obduktion abgeschlossen. Die Ergebnisse werden jedoch nicht offiziell mit der \u00d6ffentlichkeit geteilt, erf\u00e4hrt die AZ. Man gehe weiterhin davon aus, dass Remo Aim\u00e9 Pollert ertrunken sei, berichtet &#8222;<a href=\"https:\/\/www.bild.de\/regional\/muenchen\/remo-19-trieb-tot-in-der-isar-darum-erfaehrt-lara-joy-koerner-vielleicht-nie-wie-ihr-sohn-starb-6a0239b1cd4a28c4700241e1\" target=\"_blank\" title=\"https:\/\/www.bild.de\/regional\/muenchen\/remo-19-trieb-tot-in-der-isar-darum-erfaehrt-lara-joy-koerner-vielleicht-nie-wie-ihr-sohn-starb-6a0239b1cd4a28c4700241e1\" class=\"ext_links\" rel=\"noopener nofollow\">Bild<\/a>&#8222;.<\/p>\n<p>     <img decoding=\"async\" loading=\"lazy\" src=\"https:\/\/www.abendzeitung-muenchen.de\/storage\/image\/8\/4\/1\/0\/1690148_die-einsatzkraefte-fanden-pollerts-leiche-mittig-unter-der-ludwigsbruecke-u_artikelbild-75proz_1G123J_NLU4Mt.jpg\" alt=\"Die Einsatzkr\u00e4fte fanden Pollerts Leiche mittig unter der Ludwigsbr\u00fccke unter Wasser liegend &quot;mit sicheren Todeszeichen auf&quot;. Mit einer Drehleiter wurde der Tote am Samstagvormittag aus der Isar geborgen.\" title=\"Die Einsatzkr\u00e4fte fanden Pollerts Leiche mittig unter der Ludwigsbr\u00fccke unter Wasser liegend &quot;mit sicheren Todeszeichen auf&quot;. Mit einer Drehleiter wurde der Tote am Samstagvormittag aus der Isar geborgen.\" width=\"609\" height=\"926\"\/><\/p>\n<p>      Die Einsatzkr\u00e4fte fanden Pollerts Leiche mittig unter der Ludwigsbr\u00fccke unter Wasser liegend &#8222;mit sicheren Todeszeichen auf&#8220;. Mit einer Drehleiter wurde der Tote am Samstagvormittag aus der Isar geborgen.<br \/>\n      \u00a9 Feuerwehr M\u00fcnchen<\/p>\n<p>    Die Einsatzkr\u00e4fte fanden Pollerts Leiche mittig unter der Ludwigsbr\u00fccke unter Wasser liegend &#8222;mit sicheren Todeszeichen auf&#8220;. Mit einer Drehleiter wurde der Tote am Samstagvormittag aus der Isar geborgen.<\/p>\n<p>von Feuerwehr M\u00fcnchen <\/p>\n<p>&#8222;}&#8220;&gt; <\/p>\n<p>Ludwigsbr\u00fccke in M\u00fcnchen: Sohn von Lara Joy K\u00f6rner trug keine Badesachen<\/p>\n<p>Ein Polizeisprecher teilte der AZ zuvor mit, dass die Leiche normal bekleidet war. Zum Zeitpunkt seines Todes trug Remo Aim\u00e9 Pollert keine Badehose.<\/p>\n<p>Passantin findet Leiche von Remo Aim\u00e9 Pollert in der Isar in M\u00fcnchen<\/p>\n<p>Eine Passantin hatte den in der Isar treibenden 19-J\u00e4hrigen an der Ludwigsbr\u00fccke entdeckt. Einsatzkr\u00e4fte wurden gegen 9.44 Uhr alarmiert. <a href=\"https:\/\/www.abendzeitung-muenchen.de\/muenchen\/19-jaehriger-tot-aus-isar-geborgen-polizei-gibt-neue-details-bekannt-art-1130470\" title=\"19-J\u00e4hriger tot aus Isar geborgen: Polizei gibt neue Details bekannt\" rel=\"nofollow noopener\" target=\"_blank\">Die Feuerwehr barg den leblosen K\u00f6rper im Bereich der Ludwigsbr\u00fccke.<\/a>\u00a0Die Feuerwehr meldete: &#8222;Die ersteintreffenden Einheiten fanden einen jungen Mann mittig unter der Br\u00fccke unter Wasser liegend mit sicheren Todeszeichen auf.&#8220;<\/p>\n<p>Und von der M\u00fcnchner Polizei hie\u00df es:\u00a0&#8222;Anzeichen f\u00fcr eine Fremdeinwirkung waren zum aktuellen Zeitpunkt nicht feststellbar. Die tote Person wurde im Anschluss in das Institut f\u00fcr Rechtsmedizin in M\u00fcnchen verbracht.&#8220;<\/p>\n<p>&#8222;Wir, seine Geschwister, Freunde und Familie, sind gerade ganz Herz&#8220;<\/p>\n<p>Lara Joy K\u00f6rners Familie lie\u00df am Montagmittag eine Pressemitteilung ver\u00f6ffentlichen. &#8222;Bild&#8220; zitiert daraus: &#8222;Remo Aim\u00e9 Pollert, 28.08.2006 \u2013 09.05.2026, hat seinen K\u00f6rper verlassen. Samstag in den fr\u00fchen Morgenstunden in seiner geliebten Isar. Wir, seine Geschwister, Freunde und Familie, sind gerade ganz Herz. Wir sind, schmerzen, tr\u00f6sten, teilen \u2013 um die Kerze in der Mitte. Die Erfahrung, die Du uns geschenkt hast und immer noch schenkst, k\u00f6nnen wir noch nicht in Worte fassen. Wir erforschen diese Erfahrung gerade gemeinsam in Liebe, Schmerz, Staunen, tiefem Wissen und tiefer Verbundenheit. Er ist vorausgegangen. Ein Teil von mir will noch nicht einverstanden sein. Ich bin einverstanden. Verbunden \u2013 in Liebe.&#8220; Unterzeichnet sind die emotionalen Worte von &#8222;David, Glenn, Neo, Domi, Lola, Emilia, Laramami, Heinerpapi, Babu, Opi und last but not least Deine wundervollen Freunde&#8220;.<\/p>\n<p>&#8222;Wie es meiner Tochter geht, kann man sich sicher vorstellen&#8220;\u00a0<\/p>\n<p>Diana K\u00f6rner (81), die Gro\u00dfmutter von Remo Aim\u00e9 Pollert, sagte am Sonntag zu &#8222;Bild&#8220;: &#8222;Es ist f\u00fcr uns alle ganz furchtbar. Wir sind fassungslos. Der arme Junge. Es f\u00fchlt sich so unrealistisch an. Wir k\u00f6nnen das noch nicht begreifen. Wie es meiner Tochter geht, kann man sich sicher vorstellen.&#8220; Schauspielerin Lara Joy K\u00f6rner (47) ist unter anderem durch Auftritte in Fernsehserien wie &#8222;Das Traumschiff&#8220; und &#8222;Rosamunde Pilcher&#8220;-Filmen bekannt.<\/p>\n<p>K\u00f6rner ist Mutter von vier S\u00f6hnen. Der TV-Star war von 2005 bis 2013 mit dem Rechtsanwalt und Unternehmer Heiner Pollert verheiratet. Sohn Remo Aim\u00e9 stammt aus dieser Verbindung.<\/p>\n","protected":false},"excerpt":{"rendered":"Offenbar war es kein Gewaltdelikt \u2013 und auch Zeugen gibt es bislang wohl nicht. Man gehe weiter von&hellip;\n","protected":false},"author":2,"featured_media":1015637,"comment_status":"","ping_status":"","sticky":false,"template":"","format":"standard","meta":{"footnotes":"","_share_on_mastodon":"0"},"categories":[155],"tags":[29,214,28491,30,3366,218216,182612,584,1268,1918,3259,215],"class_list":["post-1015636","post","type-post","status-publish","format-standard","has-post-thumbnail","category-unterhaltung","tag-deutschland","tag-entertainment","tag-fluss","tag-germany","tag-isar","tag-lara-joy-koerner","tag-leblos","tag-leiche","tag-muenchen","tag-sohn","tag-tod","tag-unterhaltung"],"share_on_mastodon":{"url":"https:\/\/pubeurope.com\/@de\/116566627652885040","error":""},"_links":{"self":[{"href":"https:\/\/www.europesays.com\/de\/wp-json\/wp\/v2\/posts\/1015636","targetHints":{"allow":["GET"]}}],"collection":[{"href":"https:\/\/www.europesays.com\/de\/wp-json\/wp\/v2\/posts"}],"about":[{"href":"https:\/\/www.europesays.com\/de\/wp-json\/wp\/v2\/types\/post"}],"author":[{"embeddable":true,"href":"https:\/\/www.europesays.com\/de\/wp-json\/wp\/v2\/users\/2"}],"replies":[{"embeddable":true,"href":"https:\/\/www.europesays.com\/de\/wp-json\/wp\/v2\/comments?post=1015636"}],"version-history":[{"count":0,"href":"https:\/\/www.europesays.com\/de\/wp-json\/wp\/v2\/posts\/1015636\/revisions"}],"wp:featuredmedia":[{"embeddable":true,"href":"https:\/\/www.europesays.com\/de\/wp-json\/wp\/v2\/media\/1015637"}],"wp:attachment":[{"href":"https:\/\/www.europesays.com\/de\/wp-json\/wp\/v2\/media?parent=1015636"}],"wp:term":[{"taxonomy":"category","embeddable":true,"href":"https:\/\/www.europesays.com\/de\/wp-json\/wp\/v2\/categories?post=1015636"},{"taxonomy":"post_tag","embeddable":true,"href":"https:\/\/www.europesays.com\/de\/wp-json\/wp\/v2\/tags?post=1015636"}],"curies":[{"name":"wp","href":"https:\/\/api.w.org\/{rel}","templated":true}]}}