{"id":101578,"date":"2025-05-11T07:35:30","date_gmt":"2025-05-11T07:35:30","guid":{"rendered":"https:\/\/www.europesays.com\/de\/101578\/"},"modified":"2025-05-11T07:35:30","modified_gmt":"2025-05-11T07:35:30","slug":"kitzingen-ochsenfurt-schritt-richtung","status":"publish","type":"post","link":"https:\/\/www.europesays.com\/de\/101578\/","title":{"rendered":"Kitzingen \/ Ochsenfurt: Schritt Richtung\u2026"},"content":{"rendered":"<p>Die Landkreise W\u00fcrzburg und Kitzingen wollen bei der medizinischen Versorgung k\u00fcnftig eng zusammenarbeiten. Die geplante Fusion der Klinik Kitzinger Land und der Main-Klinik Ochsenfurt r\u00fcckt n\u00e4her. Neben dem Kreisausschuss Kitzingen hat jetzt auch der W\u00fcrzburger Kreisausschuss daf\u00fcr gestimmt, ein gemeinsames Kommunalunternehmen zu gr\u00fcnden. Das soll dann Tr\u00e4ger des fusionierten Krankenhauses werden.<\/p>\n<p>Abschlie\u00dfend m\u00fcssen \u00fcber die Gr\u00fcndung des Kommunalunternehmens noch die Kreistage der beiden Landkreise abstimmen.<\/p>\n<p>Die Zusammenlegung ist vor dem Hintergrund der Krankenhausreform geplant, die ab 2027 gilt. Sie stellt die Finanzierung kleinerer Krankenh\u00e4user in Frage. Durch die Fusion soll die medizinische Versorgung in der Region langfristig gesichert und verbessert werden.<\/p>\n","protected":false},"excerpt":{"rendered":"Die Landkreise W\u00fcrzburg und Kitzingen wollen bei der medizinischen Versorgung k\u00fcnftig eng zusammenarbeiten. Die geplante Fusion der Klinik&hellip;\n","protected":false},"author":2,"featured_media":101579,"comment_status":"","ping_status":"","sticky":false,"template":"","format":"standard","meta":{"footnotes":""},"categories":[1772],"tags":[29,214,30,1779,810,2506,215],"class_list":{"0":"post-101578","1":"post","2":"type-post","3":"status-publish","4":"format-standard","5":"has-post-thumbnail","7":"category-musik","8":"tag-deutschland","9":"tag-entertainment","10":"tag-germany","11":"tag-music","12":"tag-musik","13":"tag-radio-radio-gong-wuerzburg-heimvorteil-musik","14":"tag-unterhaltung"},"share_on_mastodon":{"url":"https:\/\/pubeurope.com\/@de\/114488051342562806","error":""},"_links":{"self":[{"href":"https:\/\/www.europesays.com\/de\/wp-json\/wp\/v2\/posts\/101578","targetHints":{"allow":["GET"]}}],"collection":[{"href":"https:\/\/www.europesays.com\/de\/wp-json\/wp\/v2\/posts"}],"about":[{"href":"https:\/\/www.europesays.com\/de\/wp-json\/wp\/v2\/types\/post"}],"author":[{"embeddable":true,"href":"https:\/\/www.europesays.com\/de\/wp-json\/wp\/v2\/users\/2"}],"replies":[{"embeddable":true,"href":"https:\/\/www.europesays.com\/de\/wp-json\/wp\/v2\/comments?post=101578"}],"version-history":[{"count":0,"href":"https:\/\/www.europesays.com\/de\/wp-json\/wp\/v2\/posts\/101578\/revisions"}],"wp:featuredmedia":[{"embeddable":true,"href":"https:\/\/www.europesays.com\/de\/wp-json\/wp\/v2\/media\/101579"}],"wp:attachment":[{"href":"https:\/\/www.europesays.com\/de\/wp-json\/wp\/v2\/media?parent=101578"}],"wp:term":[{"taxonomy":"category","embeddable":true,"href":"https:\/\/www.europesays.com\/de\/wp-json\/wp\/v2\/categories?post=101578"},{"taxonomy":"post_tag","embeddable":true,"href":"https:\/\/www.europesays.com\/de\/wp-json\/wp\/v2\/tags?post=101578"}],"curies":[{"name":"wp","href":"https:\/\/api.w.org\/{rel}","templated":true}]}}