{"id":1015885,"date":"2026-05-13T12:04:16","date_gmt":"2026-05-13T12:04:16","guid":{"rendered":"https:\/\/www.europesays.com\/de\/1015885\/"},"modified":"2026-05-13T12:04:16","modified_gmt":"2026-05-13T12:04:16","slug":"fortuna-duesseldorf-tuerkischer-ronaldo-hilft-f95-kapitaen-kastenmeier","status":"publish","type":"post","link":"https:\/\/www.europesays.com\/de\/1015885\/","title":{"rendered":"Fortuna D\u00fcsseldorf: \u201eT\u00fcrkischer Ronaldo\u201c hilft F95-Kapit\u00e4n Kastenmeier"},"content":{"rendered":"<p class=\"text_ohne_einzug richtext text-em-55 !leading-serif mx-6 desktop:mx-0\"> Wer am Sonntag relativ zeitig auf seinem Platz war und das Aufw\u00e4rmprogramm von Zweitligist Fortuna etwas intensiver verfolgte, der stellte schnell eine Abweichung vom herk\u00f6mmlichen Prozedere fest. Torwarttrainer Christoph Semmler, sonst immer mittendrin, stand relativ unbeteiligt im Strafraum und schaute nur dabei zu, wie sich Florian Kastenmeier und Marcel Lotka auf die Partie gegen die SV Elversberg (3:1) vorbereiteten. Seine Vertretung: Engin Cicem. Der Rehatrainer, seinerzeit selbst ein guter Fu\u00dfballer, jagte den beiden Keepern die B\u00e4lle um die Ohren.<\/p>\n<p class=\"richtext text-em-55 !leading-serif mx-6 desktop:mx-0\">Die Erkl\u00e4rung f\u00fcr jene ungew\u00f6hnlichen Abl\u00e4ufe lieferte Kastenmeier nach dem Spiel h\u00f6chstselbst \u2013 und nat\u00fcrlich auf die f\u00fcr ihn typische Art. \u201eEs war ein bisschen symptomatisch: Unseren Torwarttrainer hat <a href=\"https:\/\/rp-online.de\/thema\/bibi-blocksberg\/\" rel=\"nofollow noopener\" target=\"_blank\">Bibi Blocksberg<\/a> vorher verzaubert, der hatte einen Hexenschuss. Und dann hat mich unser t\u00fcrkischer Ronaldo warmgemacht\u201c, sagte der Kapit\u00e4n und sorgte unter den umstehenden Personen f\u00fcr Lacher. \u201eDanach hat es mich dann auch erwischt. Aber jeder hat alles gegeben, alles auf dem Platz gelassen und die richtige Einstellung gehabt.\u201c<\/p>\n","protected":false},"excerpt":{"rendered":"Wer am Sonntag relativ zeitig auf seinem Platz war und das Aufw\u00e4rmprogramm von Zweitligist Fortuna etwas intensiver verfolgte,&hellip;\n","protected":false},"author":2,"featured_media":1015886,"comment_status":"","ping_status":"","sticky":false,"template":"","format":"standard","meta":{"footnotes":"","_share_on_mastodon":"0"},"categories":[1831],"tags":[3364,29,3405,43700,30,1209,218518,218519],"class_list":["post-1015885","post","type-post","status-publish","format-standard","has-post-thumbnail","category-duesseldorf","tag-de","tag-deutschland","tag-duesseldorf","tag-erwischt","tag-germany","tag-nordrhein-westfalen","tag-ronaldo","tag-tuerkischer"],"share_on_mastodon":{"url":"https:\/\/pubeurope.com\/@de\/116567177233514598","error":""},"_links":{"self":[{"href":"https:\/\/www.europesays.com\/de\/wp-json\/wp\/v2\/posts\/1015885","targetHints":{"allow":["GET"]}}],"collection":[{"href":"https:\/\/www.europesays.com\/de\/wp-json\/wp\/v2\/posts"}],"about":[{"href":"https:\/\/www.europesays.com\/de\/wp-json\/wp\/v2\/types\/post"}],"author":[{"embeddable":true,"href":"https:\/\/www.europesays.com\/de\/wp-json\/wp\/v2\/users\/2"}],"replies":[{"embeddable":true,"href":"https:\/\/www.europesays.com\/de\/wp-json\/wp\/v2\/comments?post=1015885"}],"version-history":[{"count":0,"href":"https:\/\/www.europesays.com\/de\/wp-json\/wp\/v2\/posts\/1015885\/revisions"}],"wp:featuredmedia":[{"embeddable":true,"href":"https:\/\/www.europesays.com\/de\/wp-json\/wp\/v2\/media\/1015886"}],"wp:attachment":[{"href":"https:\/\/www.europesays.com\/de\/wp-json\/wp\/v2\/media?parent=1015885"}],"wp:term":[{"taxonomy":"category","embeddable":true,"href":"https:\/\/www.europesays.com\/de\/wp-json\/wp\/v2\/categories?post=1015885"},{"taxonomy":"post_tag","embeddable":true,"href":"https:\/\/www.europesays.com\/de\/wp-json\/wp\/v2\/tags?post=1015885"}],"curies":[{"name":"wp","href":"https:\/\/api.w.org\/{rel}","templated":true}]}}