{"id":1016222,"date":"2026-05-13T15:09:30","date_gmt":"2026-05-13T15:09:30","guid":{"rendered":"https:\/\/www.europesays.com\/de\/1016222\/"},"modified":"2026-05-13T15:09:30","modified_gmt":"2026-05-13T15:09:30","slug":"sarah-engels-und-fire-diese-koelner-starteten-beim-eurovision-song-contest","status":"publish","type":"post","link":"https:\/\/www.europesays.com\/de\/1016222\/","title":{"rendered":"Sarah Engels und Fire: Diese K\u00f6lner starteten beim Eurovision Song Contest"},"content":{"rendered":"<p>Einer war auch bei &#8222;DSDS&#8220; <\/p>\n<p>Neben Sarah Engel mit &#8222;Fire&#8220;: Diese K\u00f6lner starteten beim ESC<\/p>\n<p>13.05.2026 &#8211; 15:57 UhrLesedauer: 3 Min.<\/p>\n<p><a href=\"#focus-0\" class=\"transition-colors duration-200 block text-current relative\" data-sctrack=\"FocusGalleryImage.Reference\"><img fetchpriority=\"high\" data-testid=\"Opener.Image\"   loading=\"eager\" src=\"https:\/\/www.europesays.com\/de\/wp-content\/uploads\/2026\/05\/sarah-engels-waehrend-des-ersten-halbfinals-des-eurovision-song-contest-mit-fire-hofft-die-koelnerin.jpeg\" alt=\"Sarah Engels w\u00e4hrend des ersten Halbfinals des Eurovision Song Contest: Mit &quot;Fire&quot; hofft die K\u00f6lnerin auf eine gute Platzierung 2026 beim Wettbewerb in Wien.\" title=\"Sarah Engels w\u00e4hrend des ersten Halbfinals des Eurovision Song Contest: Mit &quot;Fire&quot; hofft die K\u00f6lnerin auf eine gute Platzierung 2026 beim Wettbewerb in Wien.\" width=\"2797\" height=\"1573\" class=\"bg-[url:var(--lqipURL)] bg-cover bg-center flex h-full w-full max-w-full\" style=\"--lqipURL:url('https:\/\/images.t-online.de\/2026\/05\/lo2RMd1UYD4C\/624x25:2797x1573\/fit-in\/150x0\/filters:blur(25)\/sarah-engels-waehrend-des-ersten-halbfinals-des-eurovision-song-contest-mit-fire-hofft-die-koelnerin-auf-eine-gute-platzierung-2026-beim-wettbewerb-in-wien.jpg')\" decoding=\"async\"\/><img loading=\"lazy\" src=\"https:\/\/koeln.t-online.de\/s\/paper\/_next\/static\/media\/zoom-in.f7dae02f.svg\" alt=\"Vergr\u00f6\u00dfern des Bildes\" title=\"Vergr\u00f6\u00dfern des Bildes\" class=\"block h-[calc(var(--height)_\/_16_*_1rem)] w-[calc(var(--width)_\/_16_*_1rem)] max-w-none absolute bottom-8 right-8 rounded-4 bg-snow p-8\" style=\"--width:32;--height:32\" decoding=\"async\"\/><\/a><\/p>\n<p>Sarah Engels w\u00e4hrend des ersten Halbfinals des Eurovision Song Contest: Mit &#8222;Fire&#8220; hofft die K\u00f6lnerin auf eine gute Platzierung 2026 beim Wettbewerb in Wien. (Quelle: IMAGO\/LUKA KOLANOVIC)<\/p>\n<p><img loading=\"lazy\" src=\"https:\/\/koeln.t-online.de\/s\/paper\/_next\/static\/media\/audio-volume.6689034c.svg\" alt=\"\" title=\"\" class=\"block h-[calc(var(--height)_\/_16_*_1rem)] w-[calc(var(--width)_\/_16_*_1rem)] max-w-none group-hover:brightness-0 group-hover:invert\" style=\"--width:16;--height:16\" decoding=\"async\"\/>Vorlesen<\/p>\n<p>Aktuelle Zeit:0:00Gesamtdauer:0:00<\/p>\n<p>1x<\/p>\n<p class=\"text-center\">Jetzt neu bei t-online:<\/p>\n<p class=\"text-center\">Schriftgr\u00f6\u00dfe anpassen!<\/p>\n<p><img loading=\"lazy\" src=\"https:\/\/koeln.t-online.de\/s\/paper\/_next\/static\/media\/font-sizes.32942e33.svg\" alt=\"\" title=\"\" class=\"block h-[calc(var(--height)_\/_16_*_1rem)] w-[calc(var(--width)_\/_16_*_1rem)] max-w-none group-hover:hidden group-aria-expanded:hidden\" style=\"--width:16;--height:16\" decoding=\"async\"\/><img loading=\"lazy\" src=\"https:\/\/koeln.t-online.de\/s\/paper\/_next\/static\/media\/font-sizes-dark-mode.e382645c.svg\" alt=\"\" title=\"\" class=\"block h-[calc(var(--height)_\/_16_*_1rem)] w-[calc(var(--width)_\/_16_*_1rem)] max-w-none hidden group-hover:block group-aria-expanded:block\" style=\"--width:16;--height:16\" decoding=\"async\"\/><img loading=\"lazy\" src=\"https:\/\/koeln.t-online.de\/s\/paper\/_next\/static\/media\/sharing-menu-icon.1eb71368.svg\" alt=\"\" title=\"\" class=\"block h-[calc(var(--height)_\/_16_*_1rem)] w-[calc(var(--width)_\/_16_*_1rem)] max-w-none group-hover:brightness-0 group-hover:invert\" style=\"--width:16;--height:16\" decoding=\"async\"\/>Artikel teilen<\/p>\n<p class=\"font-bold text-18 leading-17 user-text-lg:text-22 user-text-xl:text-24\">Mit &#8222;Fire&#8220; will Sarah Engels beim Eurovision Song Contest 2026 in Wien \u00fcberzeugen. Sie tritt in gro\u00dfe Fu\u00dfstapfen aus dem Rheinland.<\/p>\n<p class=\"text-18 leading-17 user-text-lg:text-22 user-text-xl:text-24\">Im <a class=\"transition-colors duration-200 cursor-pointer text-inherit no-underline text-salemsfur md:hover:text-magenta md:hover:border-magenta md:focus:text-magenta border-current border-b border-solid break-words\" data-tracking=\"{&quot;action&quot;:&quot;click&quot;,&quot;category&quot;:&quot;intextLink&quot;,&quot;label&quot;:&quot;https:\/\/www.t-online.de\/unterhaltung\/musik\/eurovision-song-contest\/id_101253070\/esc-2026-ueberraschende-wende-fuer-sarah-engels-nach-halbfinale-auftritt.html&quot;}\" href=\"https:\/\/www.t-online.de\/unterhaltung\/musik\/eurovision-song-contest\/id_101253070\/esc-2026-ueberraschende-wende-fuer-sarah-engels-nach-halbfinale-auftritt.html\" data-sctrack=\"BodyAnchor\" rel=\"nofollow noopener\" target=\"_blank\">ersten Halbfinale des Eurovision Song Contest 2026<\/a> bekamen die Zuschauer einen ersten Vorgeschmack auf das, was sie am Samstagabend (16. Mai) beim Eurovision Song Contest in Wien erwartet. <a class=\"transition-colors duration-200 cursor-pointer text-inherit no-underline text-salemsfur md:hover:text-magenta md:hover:border-magenta md:focus:text-magenta border-current border-b border-solid break-words\" data-tracking=\"{&quot;action&quot;:&quot;click&quot;,&quot;category&quot;:&quot;intextLink&quot;,&quot;label&quot;:&quot;\/region\/koeln\/id_101252634\/sarah-engels-beim-esc-koelnerin-begeistert-publikum-im-halbfinale.html&quot;}\" href=\"https:\/\/koeln.t-online.de\/region\/koeln\/id_101252634\/sarah-engels-beim-esc-koelnerin-begeistert-publikum-im-halbfinale.html\" data-sctrack=\"BodyAnchor\" rel=\"nofollow noopener\" target=\"_blank\">Sarah Engels performte zum ersten Mal ihren Song &#8222;Fire&#8220; auf der gro\u00dfen B\u00fchne, wenn auch au\u00dfer Konkurrenz.<\/a> Die K\u00f6lnerin hofft nach erfolglosen Jahren f\u00fcr Deutschland wieder auf eine gute Platzierung.<\/p>\n<p class=\"text-18 leading-17 user-text-lg:text-22 user-text-xl:text-24\"><a class=\"transition-colors duration-200 cursor-pointer text-inherit no-underline text-salemsfur md:hover:text-magenta md:hover:border-magenta md:focus:text-magenta border-current border-b border-solid break-words\" data-tracking=\"{&quot;action&quot;:&quot;click&quot;,&quot;category&quot;:&quot;intextLink&quot;,&quot;label&quot;:&quot;\/region\/koeln\/id_101241124\/sarah-engels-beim-esc-in-wien-so-eng-ist-die-saengerin-mit-koeln-verbunden.html&quot;}\" href=\"https:\/\/koeln.t-online.de\/region\/koeln\/id_101241124\/sarah-engels-beim-esc-in-wien-so-eng-ist-die-saengerin-mit-koeln-verbunden.html\" data-sctrack=\"BodyAnchor\" rel=\"nofollow noopener\" target=\"_blank\">Die 33-J\u00e4hrige, die in H\u00fcrth bei K\u00f6ln aufgewachsen ist<\/a>, k\u00f6nnte Deutschland die erste Platzierung unter den ersten F\u00fcnf seit 2018 bringen. Damals erreichte Michael Schulte mit &#8222;You Let Me Walk Alone&#8220; den vierten Platz. Seitdem wurde Deutschland allerdings zweimal Letzter und Vorletzter.<\/p>\n<p class=\"text-18 leading-17 user-text-lg:text-22 user-text-xl:text-24\">Auch <a class=\"transition-colors duration-200 cursor-pointer text-inherit no-underline text-salemsfur md:hover:text-magenta md:hover:border-magenta md:focus:text-magenta border-current border-b border-solid break-words\" data-tracking=\"{&quot;action&quot;:&quot;click&quot;,&quot;category&quot;:&quot;intextLink&quot;,&quot;label&quot;:&quot;\/region\/koeln\/id_101136030\/freddy-quinn-mysterioeser-esc-auftritt-in-koeln-wirft-bis-heute-fragen-auf.html&quot;}\" href=\"https:\/\/koeln.t-online.de\/region\/koeln\/id_101136030\/freddy-quinn-mysterioeser-esc-auftritt-in-koeln-wirft-bis-heute-fragen-auf.html\" data-sctrack=\"BodyAnchor\" rel=\"nofollow noopener\" target=\"_blank\">die K\u00f6lner ESC-Geschichte<\/a> ist durchmischt. Lange musste die Stadt auf ihre ersten richtigen ESC-Teilnehmer warten. Sp\u00e4testens seit Stefan Raab h\u00e4ufen sich aber die Teilnehmer aus dem Rheinland. Sarah Engels tritt dabei durchaus in gro\u00dfe Fu\u00dfstapfen.<\/p>\n<p>Margot Eskens (1966): &#8222;Die Zeiger der Uhr&#8220;<\/p>\n<p><a href=\"#focus-1\" class=\"transition-colors duration-200 block text-current relative\" data-sctrack=\"FocusGalleryImage.Reference\"><img   loading=\"lazy\" src=\"https:\/\/www.europesays.com\/de\/wp-content\/uploads\/2026\/05\/margot-eskens-beim-eurovision-song-contest-1966-sie-war-die-erste-teilnehmerin-aus-dem-rheinland.jpg\" alt=\"Margot Eskens beim Eurovision Song Contest 1966: Sie war die erste Teilnehmerin aus dem Rheinland.\" title=\"Margot Eskens beim Eurovision Song Contest 1966: Sie war die erste Teilnehmerin aus dem Rheinland.\" width=\"2652\" height=\"1492\" class=\"h-full w-full max-w-full rounded-8\" decoding=\"async\"\/><img loading=\"lazy\" src=\"https:\/\/koeln.t-online.de\/s\/paper\/_next\/static\/media\/zoom-in.f7dae02f.svg\" alt=\"Vergr\u00f6\u00dfern des Bildes\" title=\"Vergr\u00f6\u00dfern des Bildes\" class=\"block h-[calc(var(--height)_\/_16_*_1rem)] w-[calc(var(--width)_\/_16_*_1rem)] max-w-none absolute bottom-8 right-8 rounded-4 bg-snow p-8\" style=\"--width:32;--height:32\" decoding=\"async\"\/>Margot Eskens beim Eurovision Song Contest 1966: Sie war die erste Teilnehmerin aus dem Rheinland. (Quelle: imago stock&amp;people via www.imago-images.de)<\/a><\/p>\n<p class=\"text-18 leading-17 user-text-lg:text-22 user-text-xl:text-24\">Margot Eskens erreichte mit &#8222;Cindy, Oh, Cindy&#8220; Platz eins der deutschen Singlecharts, zuvor feierte sie ihr internationales Deb\u00fct allerdings beim Eurovision Song Contest 1966 in Luxemburg. Die Schlagers\u00e4ngerin war dabei die erste Teilnehmerin aus dem Rheinland, die f\u00fcr Deutschland beim Grand Prix antreten durfte. Eskens wurde zwar nicht in K\u00f6ln geboren, daf\u00fcr aber ganz in der N\u00e4he in D\u00fcren.<\/p>\n<p class=\"text-18 leading-17 user-text-lg:text-22 user-text-xl:text-24\">F\u00fcr den gro\u00dfen Wurf reichte es bei Margot Eskens allerdings nicht. Ihr Song &#8222;Die Zeiger der Uhr&#8220; brachte gemischte Reaktionen, am Ende landete sie auf dem zehnten von 18 Pl\u00e4tzen.<\/p>\n<p>Stefan Raab (2000): &#8222;Wadde Hadde Dudde Da?&#8220;<\/p>\n<p><a href=\"#focus-2\" class=\"transition-colors duration-200 block text-current relative\" data-sctrack=\"FocusGalleryImage.Reference\"><img   loading=\"lazy\" src=\"https:\/\/www.europesays.com\/de\/wp-content\/uploads\/2026\/05\/stefan-raab-beim-esc-2000-mit-wadde-hadde-dudde-da-holte-er-den-fuenften-platz.jpg\" alt=\"Stefan Raab beim ESC 2000: Mit &quot;Wadde Hadde Dudde Da?&quot; holte er den f\u00fcnften Platz.\" title=\"Stefan Raab beim ESC 2000: Mit &quot;Wadde Hadde Dudde Da?&quot; holte er den f\u00fcnften Platz.\" width=\"3134\" height=\"1763\" class=\"h-full w-full max-w-full rounded-8\" decoding=\"async\"\/><img loading=\"lazy\" src=\"https:\/\/koeln.t-online.de\/s\/paper\/_next\/static\/media\/zoom-in.f7dae02f.svg\" alt=\"Vergr\u00f6\u00dfern des Bildes\" title=\"Vergr\u00f6\u00dfern des Bildes\" class=\"block h-[calc(var(--height)_\/_16_*_1rem)] w-[calc(var(--width)_\/_16_*_1rem)] max-w-none absolute bottom-8 right-8 rounded-4 bg-snow p-8\" style=\"--width:32;--height:32\" decoding=\"async\"\/>Stefan Raab beim ESC 2000: Mit &#8222;Wadde Hadde Dudde Da?&#8220; holte er den f\u00fcnften Platz. (Quelle: IMAGO\/United Archives \/ kpa)<\/a><\/p>\n<p class=\"text-18 leading-17 user-text-lg:text-22 user-text-xl:text-24\">Bis heute ist der Auftritt des Moderators und Entertainers vielleicht einer der skurrilsten der ESC-Geschichte. Mit markanter Brille und einer, f\u00fcr seine Verh\u00e4ltnisse, noch beachtlichen Haarpracht <a class=\"transition-colors duration-200 cursor-pointer text-inherit no-underline text-salemsfur md:hover:text-magenta md:hover:border-magenta md:focus:text-magenta border-current border-b border-solid break-words\" data-tracking=\"{&quot;action&quot;:&quot;click&quot;,&quot;category&quot;:&quot;intextLink&quot;,&quot;label&quot;:&quot;\/region\/koeln\/id_101170634\/koeln-neue-rtl-show-wer-weiss-wie-wann-was-war-feiert-premiere.html&quot;}\" href=\"https:\/\/koeln.t-online.de\/region\/koeln\/id_101170634\/koeln-neue-rtl-show-wer-weiss-wie-wann-was-war-feiert-premiere.html\" data-sctrack=\"BodyAnchor\" rel=\"nofollow noopener\" target=\"_blank\">turnte Stefan Raab \u00fcber die B\u00fchne<\/a> und sprach dabei mit dem Publikum wie mit einem Hundewelpen. Der skurrile Auftritt sollte die ESC-Erfolgsgeschichte des Entertainers ebnen.<\/p>\n<p class=\"text-18 leading-17 user-text-lg:text-22 user-text-xl:text-24\">Sein Auftritt in Stockholm ist bis heute der beste eines ESC-Teilnehmers aus dem Rheinland. Raab landete mit &#8222;Wadde Hadde Dudde Da?&#8220; auf dem f\u00fcnften Platz. Zehn Jahre sp\u00e4ter soll er mit Lena Meyer-Landrut und &#8222;Satellite&#8220; als Produzent den Grand Prix gewinnen.<\/p>\n","protected":false},"excerpt":{"rendered":"Einer war auch bei &#8222;DSDS&#8220; Neben Sarah Engel mit &#8222;Fire&#8220;: Diese K\u00f6lner starteten beim ESC 13.05.2026 &#8211; 15:57&hellip;\n","protected":false},"author":2,"featured_media":1016223,"comment_status":"","ping_status":"","sticky":false,"template":"","format":"standard","meta":{"footnotes":"","_share_on_mastodon":"0"},"categories":[155],"tags":[195672,30158,1741,127003,29,11704,214,4631,43729,30,4181,1420,48512,17614,218597,43300,24306,2802,218598,11969,13527,215,6296],"class_list":["post-1016222","post","type-post","status-publish","format-standard","has-post-thumbnail","category-unterhaltung","tag-195672","tag-baku","tag-bonn","tag-cascada","tag-deutschland","tag-dsds","tag-entertainment","tag-eurovision-song-contest","tag-fussstapfen","tag-germany","tag-huerth","tag-koeln","tag-lena-meyer-landrut","tag-luxemburg","tag-margot-eskens","tag-michael-schulte","tag-platzierung","tag-rheinland","tag-sarah-engel","tag-sarah-engels","tag-stefan-raab","tag-unterhaltung","tag-wien"],"share_on_mastodon":{"url":"https:\/\/pubeurope.com\/@de\/116567905447852141","error":""},"_links":{"self":[{"href":"https:\/\/www.europesays.com\/de\/wp-json\/wp\/v2\/posts\/1016222","targetHints":{"allow":["GET"]}}],"collection":[{"href":"https:\/\/www.europesays.com\/de\/wp-json\/wp\/v2\/posts"}],"about":[{"href":"https:\/\/www.europesays.com\/de\/wp-json\/wp\/v2\/types\/post"}],"author":[{"embeddable":true,"href":"https:\/\/www.europesays.com\/de\/wp-json\/wp\/v2\/users\/2"}],"replies":[{"embeddable":true,"href":"https:\/\/www.europesays.com\/de\/wp-json\/wp\/v2\/comments?post=1016222"}],"version-history":[{"count":0,"href":"https:\/\/www.europesays.com\/de\/wp-json\/wp\/v2\/posts\/1016222\/revisions"}],"wp:featuredmedia":[{"embeddable":true,"href":"https:\/\/www.europesays.com\/de\/wp-json\/wp\/v2\/media\/1016223"}],"wp:attachment":[{"href":"https:\/\/www.europesays.com\/de\/wp-json\/wp\/v2\/media?parent=1016222"}],"wp:term":[{"taxonomy":"category","embeddable":true,"href":"https:\/\/www.europesays.com\/de\/wp-json\/wp\/v2\/categories?post=1016222"},{"taxonomy":"post_tag","embeddable":true,"href":"https:\/\/www.europesays.com\/de\/wp-json\/wp\/v2\/tags?post=1016222"}],"curies":[{"name":"wp","href":"https:\/\/api.w.org\/{rel}","templated":true}]}}