{"id":101713,"date":"2025-05-11T08:52:13","date_gmt":"2025-05-11T08:52:13","guid":{"rendered":"https:\/\/www.europesays.com\/de\/101713\/"},"modified":"2025-05-11T08:52:13","modified_gmt":"2025-05-11T08:52:13","slug":"koenigin-camilla-zu-traenen-geruehrt","status":"publish","type":"post","link":"https:\/\/www.europesays.com\/de\/101713\/","title":{"rendered":"K\u00f6nigin Camilla zu Tr\u00e4nen ger\u00fchrt"},"content":{"rendered":"<ol class=\"id-DonaldBreadcrumb lp_west_breadcrumb id-DonaldBreadcrumb--default\" data-k5a-pos=\"west_breadcrumb\">\n<li class=\"id-Breadcrumb-item\"><a href=\"https:\/\/www.merkur.de\/\" class=\"id-Breadcrumb-link\" data-id-ec=\"{\" shn=\"\" textlink=\"\" data-k5a-pos=\"1_startseite\" rel=\"nofollow noopener\" target=\"_blank\">Startseite<\/a><\/li>\n<li class=\"id-Breadcrumb-item\"><a href=\"https:\/\/www.merkur.de\/boulevard\/\" class=\"id-Breadcrumb-link\" data-id-ec=\"{\" shn=\"\" textlink=\"\" tv=\"\" data-k5a-pos=\"2_starsTv\" rel=\"nofollow noopener\" target=\"_blank\">Stars &amp; TV<\/a><\/li>\n<\/ol>\n<p class=\"id-Story-timestamp id-Story-timestamp--default\">Stand: 11.05.2025, 08:03 Uhr<\/p>\n<p class=\"id-Story-interactionBar id-Story-interactionBar--default\">DruckenTeilen<\/p>\n<p class=\"id-StoryElement-leadText\">Bei einer Veranstaltung hielt K\u00f6nig Charles eine r\u00fchrende Ansprache. Seine Ehefrau Camilla brachte er damit sogar zum Weinen.<\/p>\n<p class=\"id-StoryElement-paragraph\">London \u2013 80 Jahre ist es her, dass der Schrecken des Zweiten Weltkrieges endlich ein Ende fand. Am 8. Mai wurde in Europa und auf der ganzen Welt deshalb den Menschen gedacht, die den Frieden in ihre L\u00e4nder zur\u00fcckbrachten. Auch in London hielt K\u00f6nig Charles (76) eine Rede, die so ergreifend war, dass er seine Ehefrau Camilla (77) damit sogar zu Tr\u00e4nen r\u00fchrte.<\/p>\n<p>Mit seiner Ansprache zollte K\u00f6nig Charles seinem Gro\u00dfvater Tribut<\/p>\n<p class=\"id-StoryElement-paragraph\">Um exakt neun Uhr abends richtete Charles III. an der Horse Guards Parade in der N\u00e4he des St. James Park das Wort an das Volk. Am 8. Mai 1945 hatte sein Gro\u00dfvater K\u00f6nig George um genau dieselbe Uhrzeit das Ende des Krieges in Europa verk\u00fcndet. Vor dem Hintergrund der aktuellen gewaltt\u00e4tigen Konflikte in der Welt rief der Monarch die britische Bev\u00f6lkerung \u201eGB News\u201c-Berichten zufolge dazu auf, sich zuk\u00fcnftig wieder \u201edem Frieden zu verpflichten\u201c und den Fokus verst\u00e4rkt auf Einheit und Gemeinschaft zu legen.<\/p>\n<p>K\u00f6nig Charles III. \u2013 Erstaunliche Bilder seines royalen Lebens<img decoding=\"async\" class=\"id-RatioPlaceholder-element wv_story_el_interstitialImage\" src=\"https:\/\/www.europesays.com\/de\/wp-content\/uploads\/2025\/05\/30976953-koenig-charles-iii-als-liebevoller-grossvater-mit-fuenf-enkelkindern-hier-prinz-louis-und-a.jpeg\" loading=\"lazy\"   height=\"2160\" width=\"3240\" alt=\"K&#xF6;nig Charles III. als liebevoller Gro&#xDF;vater mit f&#xFC;nf Enkelkindern (hier: Prinz Louis) und als kleiner Junge mit seiner Mutter Queen Elizabeth II. \"\/><a href=\"https:\/\/www.merkur.de\/boulevard\/kroenung-koenig-charles-iii-erstaunliche-fotos-seines-royalen-lebens-zr-92109585.html\" class=\"id-StoryElement-intestitialLink-link\" data-id-ec=\"{\" shn=\"\" ansehen=\"\" data-k5a-pos=\"west_story_12_photoGalleryLink\" title=\"Zur Fotostrecke: K&#xF6;nig Charles III. &#x2013; Erstaunliche Bilder seines royalen Lebens\" rel=\"nofollow noopener\" target=\"_blank\">Fotostrecke ansehen<\/a><\/p>\n<p class=\"id-StoryElement-paragraph\">\u201eWir sollten uns an die Worte unseres gro\u00dfartigen Kriegsanf\u00fchrers, Sir Winston Churchill, erinnern, der sagte: \u201aKonfrontation auf Augenh\u00f6he ist besser als Krieg\u2018\u201c, erkl\u00e4rte Charles der begeisterten Menge. Seine Ehefrau Camilla ber\u00fchrte der K\u00f6nig mit dieser Aussage ganz besonders. Als er an die gefallenen Soldaten erinnerte, die im Kampf gegen den Faschismus ihr Leben lie\u00dfen, konnte die K\u00f6nigin ihre Tr\u00e4nen nur schwer zur\u00fcckhalten.\u00a0<\/p>\n<p>Auch der Rest der Royal Family feiert den 8. Mai mit einer Messe<\/p>\n<p class=\"id-StoryElement-paragraph\">Bevor K\u00f6nig Charles die britische Bev\u00f6lkerung mit seiner ergreifenden Rede in seinen Bann zog, besuchte die Royal Family einen Gottesdienst in der Westminster Abbey, um den Opfern des Zweiten Weltkrieges zu gedenken. Prinz William (42) und seine Ehefrau Prinzessin Kate (43) legten zu diesem Anlass einen Kranz mit einer handgeschriebenen Karte nieder, die bei ihren Fans f\u00fcr Begeisterung sorgte.<\/p>\n<p><img decoding=\"async\" class=\"id-RatioPlaceholder-element wv_story_el_image\" src=\"https:\/\/www.europesays.com\/de\/wp-content\/uploads\/2025\/05\/38064168-koenigin-camilla-mit-traenen-in-den-augen-koenig-charles-haelt-eine-rede-OvBG.jpg\" loading=\"lazy\"   height=\"733\" width=\"1100\" alt=\"K&#xF6;nigin Camilla mit Tr&#xE4;nen in den Augen; K&#xF6;nig Charles h&#xE4;lt eine Rede\"\/>Bei einer Veranstaltung hielt K\u00f6nig Charles eine r\u00fchrende Ansprache. Seine Ehefrau Camilla brachte er damit sogar zum Weinen. \u00a9\u00a0IMAGO \/ Avalon.red &amp; IMAGO \/ Avalon.red<\/p>\n<p class=\"id-StoryElement-paragraph\">\u201eF\u00fcr diejenigen, die im Zweiten Weltkrieg das h\u00f6chste Opfer brachten, wir werden uns an sie erinnern\u201c, stand auf dem dem Blumengesteck beigelegten Papier zu lesen. Auf X, ehemals Twitter, lobten zahlreiche User das zuk\u00fcnftige K\u00f6nigspaar f\u00fcr seine Bescheidenheit. \u201eWilliam und Catherine. Keine Titel, kein Prunk, nur ihre Namen\u201c, schrieb eine Nutzerin ger\u00fchrt \u00fcber die Karte, die die Waleses ausschlie\u00dflich mit ihren Vornamen unterzeichnet hatten. Apropos Royals: <a href=\"https:\/\/www.merkur.de\/boulevard\/prinz-george-ueberrascht-so-traditionell-spricht-er-vater-prinz-william-an-zr-93721030.html\" class=\"id-import-Link\" data-id-ec=\"{&quot;sht&quot;:&quot;Container&quot;,&quot;shn&quot;:&quot;Story&quot;,&quot;p&quot;:{&quot;containerType&quot;:&quot;Paragraph&quot;,&quot;displayType&quot;:&quot;Paragraph InlineLink&quot;,&quot;type&quot;:&quot;INLINE_LINK&quot;,&quot;value&quot;:&quot;So traditionell spricht Prinz George seinen Vater Prinz William an&quot;,&quot;variant&quot;:&quot;standardLink&quot;,&quot;sponsored&quot;:false,&quot;linkHref&quot;:&quot;https:\/\/www.merkur.de\/boulevard\/prinz-george-ueberrascht-so-traditionell-spricht-er-vater-prinz-william-an-zr-93721030.html&quot;,&quot;storyElementPosition&quot;:19,&quot;storyElementCount&quot;:19}}\" rel=\"nofollow noopener\" target=\"_blank\">So traditionell spricht Prinz George seinen Vater Prinz William an<\/a>. <strong>Verwendete Quellen:<\/strong> GB News, X<\/p>\n","protected":false},"excerpt":{"rendered":"Startseite Stars &amp; TV Stand: 11.05.2025, 08:03 Uhr DruckenTeilen Bei einer Veranstaltung hielt K\u00f6nig Charles eine r\u00fchrende Ansprache.&hellip;\n","protected":false},"author":2,"featured_media":101714,"comment_status":"","ping_status":"","sticky":false,"template":"","format":"standard","meta":{"footnotes":""},"categories":[1776],"tags":[1801,29,214,30,1802,215],"class_list":{"0":"post-101713","1":"post","2":"type-post","3":"status-publish","4":"format-standard","5":"has-post-thumbnail","7":"category-prominente","8":"tag-celebrities","9":"tag-deutschland","10":"tag-entertainment","11":"tag-germany","12":"tag-prominente","13":"tag-unterhaltung"},"share_on_mastodon":{"url":"https:\/\/pubeurope.com\/@de\/114488354108460778","error":""},"_links":{"self":[{"href":"https:\/\/www.europesays.com\/de\/wp-json\/wp\/v2\/posts\/101713","targetHints":{"allow":["GET"]}}],"collection":[{"href":"https:\/\/www.europesays.com\/de\/wp-json\/wp\/v2\/posts"}],"about":[{"href":"https:\/\/www.europesays.com\/de\/wp-json\/wp\/v2\/types\/post"}],"author":[{"embeddable":true,"href":"https:\/\/www.europesays.com\/de\/wp-json\/wp\/v2\/users\/2"}],"replies":[{"embeddable":true,"href":"https:\/\/www.europesays.com\/de\/wp-json\/wp\/v2\/comments?post=101713"}],"version-history":[{"count":0,"href":"https:\/\/www.europesays.com\/de\/wp-json\/wp\/v2\/posts\/101713\/revisions"}],"wp:featuredmedia":[{"embeddable":true,"href":"https:\/\/www.europesays.com\/de\/wp-json\/wp\/v2\/media\/101714"}],"wp:attachment":[{"href":"https:\/\/www.europesays.com\/de\/wp-json\/wp\/v2\/media?parent=101713"}],"wp:term":[{"taxonomy":"category","embeddable":true,"href":"https:\/\/www.europesays.com\/de\/wp-json\/wp\/v2\/categories?post=101713"},{"taxonomy":"post_tag","embeddable":true,"href":"https:\/\/www.europesays.com\/de\/wp-json\/wp\/v2\/tags?post=101713"}],"curies":[{"name":"wp","href":"https:\/\/api.w.org\/{rel}","templated":true}]}}