{"id":1017131,"date":"2026-05-13T23:36:27","date_gmt":"2026-05-13T23:36:27","guid":{"rendered":"https:\/\/www.europesays.com\/de\/1017131\/"},"modified":"2026-05-13T23:36:27","modified_gmt":"2026-05-13T23:36:27","slug":"muttertagsmusik-the-voice-vokalradio","status":"publish","type":"post","link":"https:\/\/www.europesays.com\/de\/1017131\/","title":{"rendered":"Muttertagsmusik | The Voice &#8211; Vokalradio"},"content":{"rendered":"<p class=\"card__subtitle\"> Vokalradio f\u00fcr Musikfreunde von Stephan Trescher &#8211; produziert beim medienforum m\u00fcnster e.V. <\/p>\n<p>Der &#8222;Feiertag zur au\u00dferordentlichen Verkaufsf\u00f6rderung des floristischen Gro\u00df- und Einzelhandels&#8220;, auch unter der Abk\u00fcrzung &#8222;Muttertag&#8220; allgemein bekannt, k\u00f6nnte ein Anlass gewesen sein f\u00fcr die aktuelle Ausgabe des Vokalradios. Ein Grund ist er sicher nicht. Denn die Besch\u00e4ftigung mit dem Thema &#8222;Mutter&#8220; ist an keinen Tag gebunden, vollkommen zeitlos und welt- wie menschheitsumspannender <a href=\"https:\/\/www.nrwision.de\/mediathek\/themen\/natur\" rel=\"nofollow noopener\" target=\"_blank\">Natur<\/a>. Demgegen\u00fcber nimmt sich der Umfang unserer Musikauswahl eher bescheiden aus. Dennoch versucht sie im Rahmen des Popul\u00e4rmusikalischen ein m\u00f6glichst weites Spektrum an Mutterbildern und Mama-Liedern aufzuf\u00e4chern. Das wird keineswegs ein kitschiger Sonntagsspaziergang von einem lobhudelnden Wohlf\u00fchl-Programm, eher ein musikalisches Kaleidoskop.<\/p>\n","protected":false},"excerpt":{"rendered":"Vokalradio f\u00fcr Musikfreunde von Stephan Trescher &#8211; produziert beim medienforum m\u00fcnster e.V. Der &#8222;Feiertag zur au\u00dferordentlichen Verkaufsf\u00f6rderung des&hellip;\n","protected":false},"author":2,"featured_media":1017132,"comment_status":"","ping_status":"","sticky":false,"template":"","format":"standard","meta":{"footnotes":"","_share_on_mastodon":"0"},"categories":[1843],"tags":[3364,29,553,30,1724,1229,95294,8970,810,981,38453,1209,1909],"class_list":["post-1017131","post","type-post","status-publish","format-standard","has-post-thumbnail","category-muenster","tag-de","tag-deutschland","tag-familie","tag-germany","tag-gesellschaft","tag-kritik","tag-mix","tag-muenster","tag-musik","tag-mutter","tag-muttertag","tag-nordrhein-westfalen","tag-song"],"share_on_mastodon":{"url":"https:\/\/pubeurope.com\/@de\/116569898154755229","error":""},"_links":{"self":[{"href":"https:\/\/www.europesays.com\/de\/wp-json\/wp\/v2\/posts\/1017131","targetHints":{"allow":["GET"]}}],"collection":[{"href":"https:\/\/www.europesays.com\/de\/wp-json\/wp\/v2\/posts"}],"about":[{"href":"https:\/\/www.europesays.com\/de\/wp-json\/wp\/v2\/types\/post"}],"author":[{"embeddable":true,"href":"https:\/\/www.europesays.com\/de\/wp-json\/wp\/v2\/users\/2"}],"replies":[{"embeddable":true,"href":"https:\/\/www.europesays.com\/de\/wp-json\/wp\/v2\/comments?post=1017131"}],"version-history":[{"count":0,"href":"https:\/\/www.europesays.com\/de\/wp-json\/wp\/v2\/posts\/1017131\/revisions"}],"wp:featuredmedia":[{"embeddable":true,"href":"https:\/\/www.europesays.com\/de\/wp-json\/wp\/v2\/media\/1017132"}],"wp:attachment":[{"href":"https:\/\/www.europesays.com\/de\/wp-json\/wp\/v2\/media?parent=1017131"}],"wp:term":[{"taxonomy":"category","embeddable":true,"href":"https:\/\/www.europesays.com\/de\/wp-json\/wp\/v2\/categories?post=1017131"},{"taxonomy":"post_tag","embeddable":true,"href":"https:\/\/www.europesays.com\/de\/wp-json\/wp\/v2\/tags?post=1017131"}],"curies":[{"name":"wp","href":"https:\/\/api.w.org\/{rel}","templated":true}]}}