{"id":1017773,"date":"2026-05-14T05:55:21","date_gmt":"2026-05-14T05:55:21","guid":{"rendered":"https:\/\/www.europesays.com\/de\/1017773\/"},"modified":"2026-05-14T05:55:21","modified_gmt":"2026-05-14T05:55:21","slug":"afd-fraktion-in-koeln-ehrenfeld-loest-sich-ueberraschend-auf","status":"publish","type":"post","link":"https:\/\/www.europesays.com\/de\/1017773\/","title":{"rendered":"AfD-Fraktion in K\u00f6ln-Ehrenfeld l\u00f6st sich \u00fcberraschend auf"},"content":{"rendered":"<p>Bezirksvertretung <\/p>\n<p>K\u00f6lner AfD-Fraktion in Ehrenfeld l\u00f6st sich \u00fcberraschend auf<\/p>\n<ul class=\"grid grid-flow-col gap-4\" aria-label=\"Autorenbilder\">\n<li class=\"leading-0\"><img data-tb-author-image=\"\"  loading=\"lazy\" src=\"https:\/\/www.europesays.com\/de\/wp-content\/uploads\/2025\/12\/1765483458_755_image.jpg\" alt=\"\" title=\"\" width=\"40\" height=\"40\" class=\"\" decoding=\"async\"\/><\/li>\n<\/ul>\n<p>14.05.2026 &#8211; 06:15 UhrLesedauer: 2 Min.<\/p>\n<p><a href=\"#focus-0\" class=\"transition-colors duration-200 block text-current relative\" data-sctrack=\"FocusGalleryImage.Reference\"><img fetchpriority=\"high\" data-testid=\"Opener.Image\"   loading=\"eager\" src=\"https:\/\/www.europesays.com\/de\/wp-content\/uploads\/2026\/05\/das-logo-der-alternative-fuer-deutschland-afd-die-fraktion-in-der-bezirksvertretung-ehrenfeld-hat-si.jpeg\" alt=\"Das Logo der Alternative f\u00fcr Deutschland (AfD): Die Fraktion in der Bezirksvertretung Ehrenfeld hat sich am Montag \u00fcberraschend aufgel\u00f6st.\" title=\"Das Logo der Alternative f\u00fcr Deutschland (AfD): Die Fraktion in der Bezirksvertretung Ehrenfeld hat sich am Montag \u00fcberraschend aufgel\u00f6st.\" width=\"3628\" height=\"2041\" class=\"bg-[url:var(--lqipURL)] bg-cover bg-center flex h-full w-full max-w-full\" style=\"--lqipURL:url('https:\/\/images.t-online.de\/2026\/05\/qvaQ-hdGyrSx\/223x195:3628x2041\/fit-in\/150x0\/filters:blur(25)\/das-logo-der-alternative-fuer-deutschland-afd-die-fraktion-in-der-bezirksvertretung-ehrenfeld-hat-sich-am-montag-ueberraschend-aufgeloest.jpg')\" decoding=\"async\"\/><img loading=\"lazy\" src=\"https:\/\/koeln.t-online.de\/s\/paper\/_next\/static\/media\/zoom-in.f7dae02f.svg\" alt=\"Vergr\u00f6\u00dfern des Bildes\" title=\"Vergr\u00f6\u00dfern des Bildes\" class=\"block h-[calc(var(--height)_\/_16_*_1rem)] w-[calc(var(--width)_\/_16_*_1rem)] max-w-none absolute bottom-8 right-8 rounded-4 bg-snow p-8\" style=\"--width:32;--height:32\" decoding=\"async\"\/><\/a><\/p>\n<p>Das Logo der Alternative f\u00fcr Deutschland (AfD): Die Fraktion in der Bezirksvertretung Ehrenfeld hat sich am Montag \u00fcberraschend aufgel\u00f6st. (Quelle: IMAGO\/Frank Hoermann\/SVEN SIMON)<\/p>\n<p><img loading=\"lazy\" src=\"https:\/\/koeln.t-online.de\/s\/paper\/_next\/static\/media\/audio-volume.6689034c.svg\" alt=\"\" title=\"\" class=\"block h-[calc(var(--height)_\/_16_*_1rem)] w-[calc(var(--width)_\/_16_*_1rem)] max-w-none group-hover:brightness-0 group-hover:invert\" style=\"--width:16;--height:16\" decoding=\"async\"\/>Vorlesen<\/p>\n<p>Aktuelle Zeit:0:00Gesamtdauer:0:00<\/p>\n<p>1x<\/p>\n<p class=\"text-center\">Jetzt neu bei t-online:<\/p>\n<p class=\"text-center\">Schriftgr\u00f6\u00dfe anpassen!<\/p>\n<p><img loading=\"lazy\" src=\"https:\/\/koeln.t-online.de\/s\/paper\/_next\/static\/media\/font-sizes.32942e33.svg\" alt=\"\" title=\"\" class=\"block h-[calc(var(--height)_\/_16_*_1rem)] w-[calc(var(--width)_\/_16_*_1rem)] max-w-none group-hover:hidden group-aria-expanded:hidden\" style=\"--width:16;--height:16\" decoding=\"async\"\/><img loading=\"lazy\" src=\"https:\/\/koeln.t-online.de\/s\/paper\/_next\/static\/media\/font-sizes-dark-mode.e382645c.svg\" alt=\"\" title=\"\" class=\"block h-[calc(var(--height)_\/_16_*_1rem)] w-[calc(var(--width)_\/_16_*_1rem)] max-w-none hidden group-hover:block group-aria-expanded:block\" style=\"--width:16;--height:16\" decoding=\"async\"\/><img loading=\"lazy\" src=\"https:\/\/koeln.t-online.de\/s\/paper\/_next\/static\/media\/sharing-menu-icon.1eb71368.svg\" alt=\"\" title=\"\" class=\"block h-[calc(var(--height)_\/_16_*_1rem)] w-[calc(var(--width)_\/_16_*_1rem)] max-w-none group-hover:brightness-0 group-hover:invert\" style=\"--width:16;--height:16\" decoding=\"async\"\/>Artikel teilen<\/p>\n<p class=\"font-bold text-18 leading-17 user-text-lg:text-22 user-text-xl:text-24\">Die AfD verliert aus freien St\u00fccken ihren Fraktionsstatus in der Bezirksvertretung Ehrenfeld. F\u00fcr ihre Mandatstr\u00e4ger hat das Folgen.<\/p>\n<p class=\"text-18 leading-17 user-text-lg:text-22 user-text-xl:text-24\">Die AfD-Fraktion in der Bezirksvertretung (BV) Ehrenfeld hat sich am Montag \u00fcberraschend aufgel\u00f6st. Das best\u00e4tigte <a class=\"transition-colors duration-200 cursor-pointer text-inherit no-underline text-salemsfur md:hover:text-magenta md:hover:border-magenta md:focus:text-magenta border-current border-b border-solid break-words\" data-tracking=\"{&quot;action&quot;:&quot;click&quot;,&quot;category&quot;:&quot;intextLink&quot;,&quot;label&quot;:&quot;\/region\/koeln\/id_101195184\/cafe-impi-in-koeln-ehrenfeld-beschwerden-ueber-muell-und-falschparker.html&quot;}\" href=\"https:\/\/koeln.t-online.de\/region\/koeln\/id_101195184\/cafe-impi-in-koeln-ehrenfeld-beschwerden-ueber-muell-und-falschparker.html\" data-sctrack=\"BodyAnchor\" rel=\"nofollow noopener\" target=\"_blank\">Bezirksb\u00fcrgermeister Volker Spelthann (Gr\u00fcne)<\/a> der K\u00f6lner Redaktion von t-online. BV-Mitglied Liane Bchir habe ihn am Montag dar\u00fcber informiert, dass die AfD-Fraktion aufgel\u00f6st werden soll, berichtet Spelthann weiter.<\/p>\n<p class=\"text-18 leading-17 user-text-lg:text-22 user-text-xl:text-24\">&#8222;Sie hat auch den Wunsch ge\u00e4u\u00dfert, die Sitzungsordnung zu \u00e4ndern. Frau Bchir m\u00f6chte nicht mehr mit dem bisherigen Fraktionsvorsitzenden Felix Helleckes zusammensitzen&#8220;, so Spelthann weiter. Der Bezirksb\u00fcrgermeister informierte die BV am Montag in der ohnehin angesetzten Sitzung \u00fcber die Aufl\u00f6sung der AfD-Fraktion, die ausschlie\u00dflich aus Helleckes und Bchir bestand.<\/p>\n<p>AfD in K\u00f6ln: Fraktion in Ehrenfeld l\u00f6st sich \u00fcberraschend auf<\/p>\n<p class=\"text-18 leading-17 user-text-lg:text-22 user-text-xl:text-24\">Zu den Gr\u00fcnden machten beide laut Spelthann bislang keine Angaben. Ob beide weiterhin auch Mitglied der AfD bleiben, ist offen. Eine Anfrage der K\u00f6lner Lokalredaktion von t-online lie\u00dfen beide Mandatstr\u00e4ger bis zum Mittwochabend unbeantwortet. Helleckes und Bchir hatten ihre Mandate erst nach der Kommunalwahl 2025 im September \u00fcbernommen. Die Redaktion kontakierte ebenfalls den AfD-Kreisverband K\u00f6ln, erhielt zun\u00e4chst aber ebenfalls keine Antwort.<\/p>\n<p class=\"text-18 leading-17 user-text-lg:text-22 user-text-xl:text-24\">Durch die Fraktionsaufl\u00f6sung verliert die AfD in der Bezirksvertretung gewisse Privilegien, wie etwa Fraktionsr\u00e4ume. Auch die zus\u00e4tzlichen Bez\u00fcge, die Felix Helleckes als Fraktionsvorsitzender bislang erhielt, bekommt er nun nicht mehr. <a class=\"transition-colors duration-200 cursor-pointer text-inherit no-underline text-salemsfur md:hover:text-magenta md:hover:border-magenta md:focus:text-magenta border-current border-b border-solid break-words\" data-tracking=\"{&quot;action&quot;:&quot;click&quot;,&quot;category&quot;:&quot;intextLink&quot;,&quot;label&quot;:&quot;\/region\/koeln\/id_100609592\/bundestagswahl-2025-so-reagieren-die-koelner-direktkandidaten.html&quot;}\" href=\"https:\/\/koeln.t-online.de\/region\/koeln\/id_100609592\/bundestagswahl-2025-so-reagieren-die-koelner-direktkandidaten.html\" data-sctrack=\"BodyAnchor\" rel=\"nofollow noopener\" target=\"_blank\">Der AfD-Politiker hatte im Herbst ebenfalls f\u00fcr den Stadtrat kandidiert, konnte allerdings dort keines der acht AfD-Mandate erringen<\/a>.<\/p>\n<p>AfD Ehrenfeld: Felix Helleckes erh\u00e4lt Strafbefehl wegen Video<\/p>\n<p class=\"text-18 leading-17 user-text-lg:text-22 user-text-xl:text-24\">Auch abseits seiner politischen Arbeit machte Helleckes im vergangenen Jahr Schlagzeilen. So wurde er von der Gr\u00fcnen-Politikerin Sandra Schneeloch, ebenfalls Mitglied im K\u00f6lner Rat, angezeigt. Helleckes hatte sie zuvor ohne ihr Einvernehmen bei einer Wahlkampfveranstaltung zur Bundestagswahl 2025 gefilmt und das Video anschlie\u00dfend kurzzeitig auf seinem Youtube-Account hochgeladen.<\/p>\n<p class=\"text-18 leading-17 user-text-lg:text-22 user-text-xl:text-24\">Schneeloch erstattete daraufhin Anzeige wegen Beleidigung und Verletzung des Rechts am eigenen Bild. Das Amtsgericht K\u00f6ln verh\u00e4ngte gegen Helleckes einen Strafbefehl in H\u00f6he von 1.500 Euro. Gegen diesen hatte er zun\u00e4chst Einspruch eingelegt, die Strafe allerdings im Februar akzeptiert.<\/p>\n","protected":false},"excerpt":{"rendered":"Bezirksvertretung K\u00f6lner AfD-Fraktion in Ehrenfeld l\u00f6st sich \u00fcberraschend auf 14.05.2026 &#8211; 06:15 UhrLesedauer: 2 Min. Das Logo der&hellip;\n","protected":false},"author":2,"featured_media":1017774,"comment_status":"","ping_status":"","sticky":false,"template":"","format":"standard","meta":{"footnotes":"","_share_on_mastodon":"0"},"categories":[1828],"tags":[186,29,11128,94938,30,1420,218838,1209,218837],"class_list":["post-1017773","post","type-post","status-publish","format-standard","has-post-thumbnail","category-koeln","tag-afd","tag-deutschland","tag-ehrenfeld","tag-fraktionsstatus","tag-germany","tag-koeln","tag-liane-bchir","tag-nordrhein-westfalen","tag-volker-spelthann"],"share_on_mastodon":{"url":"https:\/\/pubeurope.com\/@de\/116571389063917679","error":""},"_links":{"self":[{"href":"https:\/\/www.europesays.com\/de\/wp-json\/wp\/v2\/posts\/1017773","targetHints":{"allow":["GET"]}}],"collection":[{"href":"https:\/\/www.europesays.com\/de\/wp-json\/wp\/v2\/posts"}],"about":[{"href":"https:\/\/www.europesays.com\/de\/wp-json\/wp\/v2\/types\/post"}],"author":[{"embeddable":true,"href":"https:\/\/www.europesays.com\/de\/wp-json\/wp\/v2\/users\/2"}],"replies":[{"embeddable":true,"href":"https:\/\/www.europesays.com\/de\/wp-json\/wp\/v2\/comments?post=1017773"}],"version-history":[{"count":0,"href":"https:\/\/www.europesays.com\/de\/wp-json\/wp\/v2\/posts\/1017773\/revisions"}],"wp:featuredmedia":[{"embeddable":true,"href":"https:\/\/www.europesays.com\/de\/wp-json\/wp\/v2\/media\/1017774"}],"wp:attachment":[{"href":"https:\/\/www.europesays.com\/de\/wp-json\/wp\/v2\/media?parent=1017773"}],"wp:term":[{"taxonomy":"category","embeddable":true,"href":"https:\/\/www.europesays.com\/de\/wp-json\/wp\/v2\/categories?post=1017773"},{"taxonomy":"post_tag","embeddable":true,"href":"https:\/\/www.europesays.com\/de\/wp-json\/wp\/v2\/tags?post=1017773"}],"curies":[{"name":"wp","href":"https:\/\/api.w.org\/{rel}","templated":true}]}}