{"id":101785,"date":"2025-05-11T09:31:09","date_gmt":"2025-05-11T09:31:09","guid":{"rendered":"https:\/\/www.europesays.com\/de\/101785\/"},"modified":"2025-05-11T09:31:09","modified_gmt":"2025-05-11T09:31:09","slug":"besucherrekord-beim-europafestival-the-sound-of-europe","status":"publish","type":"post","link":"https:\/\/www.europesays.com\/de\/101785\/","title":{"rendered":"Besucherrekord beim Europafestival &#8222;The Sound of Europe&#8220;"},"content":{"rendered":"<p class=\"text_ohne_einzug richtext text-em-55 !leading-serif mx-6 desktop:mx-0\">Die zehn Musiker von \u201eZambo Super Pizza\u201c heizten dem Publikum richtig ein. Der bl\u00e4serlastige Reggae- und Ska-Sound, der den Hofgarten rund um den Musikpavillon erf\u00fcllte, schaffte es, so einige T\u00e4nzer vor die B\u00fchne zu ziehen. \u201eDas ist typisch f\u00fcr unser \u201aSound of Europe\u2018-Festival\u201c, erl\u00e4utert Evgenia Strau\u00df. \u201eAm Anfang tanzt niemand, am Ende alle.\u201c<\/p>\n","protected":false},"excerpt":{"rendered":"Die zehn Musiker von \u201eZambo Super Pizza\u201c heizten dem Publikum richtig ein. Der bl\u00e4serlastige Reggae- und Ska-Sound, der&hellip;\n","protected":false},"author":2,"featured_media":101786,"comment_status":"","ping_status":"","sticky":false,"template":"","format":"standard","meta":{"footnotes":"","_share_on_mastodon":"0"},"categories":[3933],"tags":[32160,331,332,548,663,5562,158,3934,3935,5561,13,5563,40430,810,24265,40432,40431,14,15,12,5560,29217,317,856],"class_list":["post-101785","post","type-post","status-publish","format-standard","has-post-thumbnail","category-eu","tag-musikerin","tag-aktuelle-nachrichten","tag-aktuelle-news","tag-eu","tag-europa","tag-europaeische","tag-europaeische-union","tag-europe","tag-european-union","tag-festival","tag-headlines","tag-hofgarten","tag-montanunion","tag-musik","tag-musikalischen","tag-musikgenres","tag-musikkfestival","tag-nachrichten","tag-news","tag-schlagzeilen","tag-sound","tag-strauss","tag-ukraine","tag-union"],"share_on_mastodon":{"url":"https:\/\/pubeurope.com\/@de\/114488507340739293","error":""},"_links":{"self":[{"href":"https:\/\/www.europesays.com\/de\/wp-json\/wp\/v2\/posts\/101785","targetHints":{"allow":["GET"]}}],"collection":[{"href":"https:\/\/www.europesays.com\/de\/wp-json\/wp\/v2\/posts"}],"about":[{"href":"https:\/\/www.europesays.com\/de\/wp-json\/wp\/v2\/types\/post"}],"author":[{"embeddable":true,"href":"https:\/\/www.europesays.com\/de\/wp-json\/wp\/v2\/users\/2"}],"replies":[{"embeddable":true,"href":"https:\/\/www.europesays.com\/de\/wp-json\/wp\/v2\/comments?post=101785"}],"version-history":[{"count":0,"href":"https:\/\/www.europesays.com\/de\/wp-json\/wp\/v2\/posts\/101785\/revisions"}],"wp:featuredmedia":[{"embeddable":true,"href":"https:\/\/www.europesays.com\/de\/wp-json\/wp\/v2\/media\/101786"}],"wp:attachment":[{"href":"https:\/\/www.europesays.com\/de\/wp-json\/wp\/v2\/media?parent=101785"}],"wp:term":[{"taxonomy":"category","embeddable":true,"href":"https:\/\/www.europesays.com\/de\/wp-json\/wp\/v2\/categories?post=101785"},{"taxonomy":"post_tag","embeddable":true,"href":"https:\/\/www.europesays.com\/de\/wp-json\/wp\/v2\/tags?post=101785"}],"curies":[{"name":"wp","href":"https:\/\/api.w.org\/{rel}","templated":true}]}}