{"id":101872,"date":"2025-05-11T10:20:10","date_gmt":"2025-05-11T10:20:10","guid":{"rendered":"https:\/\/www.europesays.com\/de\/101872\/"},"modified":"2025-05-11T10:20:10","modified_gmt":"2025-05-11T10:20:10","slug":"jennifer-weist-erhebt-vorwuerfe-ndr-moderatorin-solidarisiert-sich","status":"publish","type":"post","link":"https:\/\/www.europesays.com\/de\/101872\/","title":{"rendered":"Jennifer Weist erhebt Vorw\u00fcrfe: NDR-Moderatorin solidarisiert sich"},"content":{"rendered":"<p>&#8222;Sch\u00e4me mich stellvertretend&#8220; <\/p>\n<p>Jennifer Weist erhebt Vorw\u00fcrfe \u2013 NDR-Moderatorin positioniert sich<\/p>\n<p>Aktualisiert am 11.05.2025 &#8211; 12:06 UhrLesedauer: 2 Min.<\/p>\n<p><a href=\"#focus-0\" class=\"transition-colors duration-200 focus-within:text-magenta block text-current relative\" data-sctrack=\"FocusGalleryImage.Reference\"><img fetchpriority=\"high\" data-testid=\"Opener.Image\" style=\"--lqipURL:url('https:\/\/images.t-online.de\/2025\/05\/-QDhJy0yJ8Y8\/0x192:2090x1175\/fit-in\/150x0\/filters:blur(25)\/image.jpg')\"   loading=\"eager\" src=\"https:\/\/www.europesays.com\/de\/wp-content\/uploads\/2025\/05\/1746958809_830_image.jpg\" alt=\"Jennifer Weist: Die Musikerin ist nicht gut auf den NDR zu sprechen.\" title=\"Jennifer Weist: Die Musikerin ist nicht gut auf den NDR zu sprechen.\" width=\"2090\" height=\"1175\" class=\"bg-[url:var(--lqipURL)] bg-cover bg-center flex w-full max-w-full h-full\" decoding=\"async\"\/><img style=\"--width:32;--height:32\" loading=\"lazy\" src=\"https:\/\/www.europesays.com\/de\/wp-content\/uploads\/2025\/03\/zoom-in.f7dae02f.svg.svg+xml\" alt=\"Vergr\u00f6\u00dfern des Bildes\" title=\"Vergr\u00f6\u00dfern des Bildes\" class=\"&#10;        block&#10;        h-[calc(var(--height)_\/_16_*_1rem)]&#10;        w-[calc(var(--width)_\/_16_*_1rem)]&#10;        max-w-none&#10;        absolute bottom-8 right-8 rounded-4 bg-snow p-8\" decoding=\"async\"\/><\/a><\/p>\n<p>Jennifer Weist: Die Musikerin ist nicht gut auf den NDR zu sprechen. (Quelle: IMAGO\/imago)<\/p>\n<p class=\"font-bold text-18 leading-17\">K\u00fcrzlich erhob Jennifer Weist Vorw\u00fcrfe gegen die &#8222;NDR Talk Show&#8220;, denn sie wurde kurzfristig aus der Sendung ausgeladen. Prominente reagieren emp\u00f6rt auf den Vorfall.<\/p>\n<p class=\"text-18 leading-17\">Zahlreiche Pers\u00f6nlichkeiten aus der Unterhaltungsbranche zeigten sich fassungslos und boten Jennifer Weist ihre Unterst\u00fctzung an. &#8222;Komm bitte in meine <a class=\"transition-colors duration-200 cursor-pointer text-inherit no-underline text-salemsfur md:hover:text-magenta md:hover:border-magenta md:focus:text-magenta border-current border-b border-solid break-words\" href=\"https:\/\/www.t-online.de\/themen\/talkshow\/\" data-sctrack=\"BodyAnchor\" target=\"_blank\" rel=\"noopener\">Talkshow<\/a>? Ich schreib&#8216; dir&#8220;, so etwa TV-Star <a class=\"transition-colors duration-200 cursor-pointer text-inherit no-underline text-salemsfur md:hover:text-magenta md:hover:border-magenta md:focus:text-magenta border-current border-b border-solid break-words\" href=\"https:\/\/www.t-online.de\/themen\/natascha-ochsenknecht\/\" data-sctrack=\"BodyAnchor\" target=\"_blank\" rel=\"noopener\">Natascha Ochsenknecht<\/a> unter einem TikTok-Video Weists. Auch Moderatorin <a class=\"transition-colors duration-200 cursor-pointer text-inherit no-underline text-salemsfur md:hover:text-magenta md:hover:border-magenta md:focus:text-magenta border-current border-b border-solid break-words\" href=\"https:\/\/www.t-online.de\/themen\/ruth-moschner\/\" data-sctrack=\"BodyAnchor\" target=\"_blank\" rel=\"noopener\">Ruth Moschner<\/a> zeigte sich hilfsbereit: &#8222;Wir b\u00fcndeln unsere Reichweite und machen hier Werbung!&#8220;, k\u00fcndigte sie auf Instagram an.<\/p>\n<p class=\"text-18 leading-17\">Gitta Saxx, die selbst mehrere B\u00fccher geschrieben hat, \u00e4u\u00dferte zudem ihr Verst\u00e4ndnis: &#8222;Ich werde schon gar nie eingeladen, trotz zwei erfolgreichen B\u00fcchern und mittlerweile 25 Jahren in dem Business \u2013 selbstst\u00e4ndig, mit wahrlich vielen Themen. H\u00f6hen und Tiefen. Bist mal in einer Schublade, kommst du nicht mehr raus hier!&#8220;, so das fr\u00fchere Model.<\/p>\n<p class=\"text-18 leading-17\">Auch Aminata Belli, Moderatorin des NDR-Formats &#8222;deep und deutlich&#8220;, meldete sich zu Wort. &#8222;Wer hat bitte gesagt, du bist bei &#8218;deep und deutlich&#8216; nicht gew\u00fcnscht? Darauf warte ich doch seit Jahren! Also ich h\u00e4tte gerne mit dir geredet!&#8220;, betonte sie.<\/p>\n<p class=\"text-18 leading-17\">Der NDR hatte zuvor gemeint, Jennifer Weist nach der Absage f\u00fcr die &#8222;NDR Talk Show&#8220; einen Platz in dem Schwesternformat &#8222;deep und deutlich&#8220; angeboten zu haben \u2013 daraufhin hatte Weist aber berichtet, zuvor in der Sendung als Gast nicht gew\u00fcnscht gewesen zu sein. Darauf geht sie in dem Instagram-Video, das unten eingebettet ist, n\u00e4her ein.<\/p>\n<p class=\"text-18 leading-17\">&#8222;Es tut mir sehr leid, das hier alles zu h\u00f6ren. Unangenehm. Sch\u00e4me mich stellvertretend&#8220;, betonte Aminata Belli, die das Format seit 2020 moderiert, abschlie\u00dfend. Jennifer Weist reagierte ger\u00fchrt auf die Nachricht der Moderatorin. &#8222;Ich hab dich lieb&#8220;, schrieb sie zu dem Kommentar Bellis.<\/p>\n<p class=\"text-18 leading-17\">Jennifer Weists Buch &#8222;Nackt: Mein Leben zwischen den Zeilen&#8220; erscheint am 13. Mai. Im Anschluss plant die 38-J\u00e4hrige eine Lese- und Akustiktour.<\/p>\n","protected":false},"excerpt":{"rendered":"&#8222;Sch\u00e4me mich stellvertretend&#8220; Jennifer Weist erhebt Vorw\u00fcrfe \u2013 NDR-Moderatorin positioniert sich Aktualisiert am 11.05.2025 &#8211; 12:06 UhrLesedauer: 2&hellip;\n","protected":false},"author":2,"featured_media":101873,"comment_status":"","ping_status":"","sticky":false,"template":"","format":"standard","meta":{"footnotes":""},"categories":[155],"tags":[40445,29,214,30,152,40025,33149,15913,438,24983,151,215],"class_list":{"0":"post-101872","1":"post","2":"type-post","3":"status-publish","4":"format-standard","5":"has-post-thumbnail","7":"category-unterhaltung","8":"tag-aminata-belli","9":"tag-deutschland","10":"tag-entertainment","11":"tag-germany","12":"tag-instagram","13":"tag-jennifer-rostock","14":"tag-jennifer-weist","15":"tag-natascha-ochsenknecht","16":"tag-ndr","17":"tag-ruth-moschner","18":"tag-tiktok","19":"tag-unterhaltung"},"share_on_mastodon":{"url":"https:\/\/pubeurope.com\/@de\/114488700120431642","error":""},"_links":{"self":[{"href":"https:\/\/www.europesays.com\/de\/wp-json\/wp\/v2\/posts\/101872","targetHints":{"allow":["GET"]}}],"collection":[{"href":"https:\/\/www.europesays.com\/de\/wp-json\/wp\/v2\/posts"}],"about":[{"href":"https:\/\/www.europesays.com\/de\/wp-json\/wp\/v2\/types\/post"}],"author":[{"embeddable":true,"href":"https:\/\/www.europesays.com\/de\/wp-json\/wp\/v2\/users\/2"}],"replies":[{"embeddable":true,"href":"https:\/\/www.europesays.com\/de\/wp-json\/wp\/v2\/comments?post=101872"}],"version-history":[{"count":0,"href":"https:\/\/www.europesays.com\/de\/wp-json\/wp\/v2\/posts\/101872\/revisions"}],"wp:featuredmedia":[{"embeddable":true,"href":"https:\/\/www.europesays.com\/de\/wp-json\/wp\/v2\/media\/101873"}],"wp:attachment":[{"href":"https:\/\/www.europesays.com\/de\/wp-json\/wp\/v2\/media?parent=101872"}],"wp:term":[{"taxonomy":"category","embeddable":true,"href":"https:\/\/www.europesays.com\/de\/wp-json\/wp\/v2\/categories?post=101872"},{"taxonomy":"post_tag","embeddable":true,"href":"https:\/\/www.europesays.com\/de\/wp-json\/wp\/v2\/tags?post=101872"}],"curies":[{"name":"wp","href":"https:\/\/api.w.org\/{rel}","templated":true}]}}