{"id":101947,"date":"2025-05-11T11:00:12","date_gmt":"2025-05-11T11:00:12","guid":{"rendered":"https:\/\/www.europesays.com\/de\/101947\/"},"modified":"2025-05-11T11:00:12","modified_gmt":"2025-05-11T11:00:12","slug":"unbekannte-brechen-spiegel-von-autos-in-der-innenstadt-ab","status":"publish","type":"post","link":"https:\/\/www.europesays.com\/de\/101947\/","title":{"rendered":"Unbekannte brechen Spiegel von Autos in der Innenstadt ab"},"content":{"rendered":"<p>Vandalismus in N\u00fcrnberg <\/p>\n<p>Unbekannte brechen Spiegel von mehr als 20 Autos ab<\/p>\n<p>11.05.2025 &#8211; 11:39 UhrLesedauer: 1 Min.<\/p>\n<p><a href=\"#focus-0\" class=\"transition-colors duration-200 focus-within:text-magenta block text-current relative\" data-sctrack=\"FocusGalleryImage.Reference\"><img fetchpriority=\"high\" data-testid=\"Opener.Image\" style=\"--lqipURL:url('https:\/\/images.t-online.de\/2025\/05\/QHdwj5U3hInW\/0x179:4000x2250\/fit-in\/150x0\/filters:blur(25)\/ein-kaputter-seitenspiegel-ein-teilweise-zerstoertes-nicht-angemeldetes-auto-steht-ohne-kennzeichen-auf-einem-oeffentlichen-parkplatz-am-01-maerz-2024-bei-grossbeeren-in-brandenburg-kaputtes-auto-a-broken-side-mirror-a-partially-destroyed-unregistered-car-stands-without-a-license-plate-in-a-public-parking-lot-on-01-march-2024-near-grossbeeren-in-brandenburg-broken-car.jpg')\"   loading=\"eager\" src=\"https:\/\/www.europesays.com\/de\/wp-content\/uploads\/2025\/05\/ein-kaputter-seitenspiegel-ein-teilweise-zerstoertes-nicht-angemeldetes-auto-steht-ohne-kennzeichen-.jpeg\" alt=\"imago images 0419033866\" title=\"imago images 0419033866\" width=\"4000\" height=\"2250\" class=\"bg-[url:var(--lqipURL)] bg-cover bg-center flex w-full max-w-full h-full\" decoding=\"async\"\/><img style=\"--width:32;--height:32\" loading=\"lazy\" src=\"https:\/\/www.europesays.com\/de\/wp-content\/uploads\/2025\/03\/zoom-in.f7dae02f.svg.svg+xml\" alt=\"Vergr\u00f6\u00dfern des Bildes\" title=\"Vergr\u00f6\u00dfern des Bildes\" class=\"&#10;        block&#10;        h-[calc(var(--height)_\/_16_*_1rem)]&#10;        w-[calc(var(--width)_\/_16_*_1rem)]&#10;        max-w-none&#10;        absolute bottom-8 right-8 rounded-4 bg-snow p-8\" decoding=\"async\"\/><\/a><\/p>\n<p>Ein kaputter Seitenspiegel (Symbolbild): Die Polizei sucht nach Zeugen. (Quelle: IMAGO\/Rainer Keuenhof\/imago)<\/p>\n<p class=\"font-bold text-18 leading-17\">Vandalismus in N\u00fcrnberg: Am Wochenende besch\u00e4digten Unbekannte mehr als 20 Autos und treten ihnen die Au\u00dfenspiegel ab.<\/p>\n<p class=\"text-18 leading-17\">In der Nacht von Freitag auf Samstag haben Unbekannte mehrere Autos in der N\u00fcrnberger Innenstadt besch\u00e4digt. Laut Polizei standen die Autos entlang der Frauentormauer zwischen der Gasersgasse und dem F\u00e4rbertor.<\/p>\n<p class=\"text-18 leading-17\">Die T\u00e4ter sollen die Au\u00dfenspiegel von mehr als 20 Fahrzeugen abgebrochen haben, der Sachschaden belaufe sich ersten Sch\u00e4tzungen zufolge auf mehrere Tausend Euro.<\/p>\n<p class=\"text-18 leading-17\">Die Polizei sucht nun nach Zeugen, die zwischen dem 9. Mai um 18 Uhr und dem 10. Mai um 9 Uhr verd\u00e4chtige Beobachtungen gemacht haben. Hinweise nehmen die Beamten unter der Telefonnummer 0911 2112-6115 entgegen.<\/p>\n","protected":false},"excerpt":{"rendered":"Vandalismus in N\u00fcrnberg Unbekannte brechen Spiegel von mehr als 20 Autos ab 11.05.2025 &#8211; 11:39 UhrLesedauer: 1 Min.&hellip;\n","protected":false},"author":2,"featured_media":101948,"comment_status":"","ping_status":"","sticky":false,"template":"","format":"standard","meta":{"footnotes":""},"categories":[1837],"tags":[40471,513,772,3364,29,30,3783,121,40472,9026],"class_list":{"0":"post-101947","1":"post","2":"type-post","3":"status-publish","4":"format-standard","5":"has-post-thumbnail","7":"category-nuernberg","8":"tag-aussenspiegel","9":"tag-auto","10":"tag-bayern","11":"tag-de","12":"tag-deutschland","13":"tag-germany","14":"tag-nuernberg","15":"tag-polizei","16":"tag-seitenspiegel","17":"tag-vandalismus"},"share_on_mastodon":{"url":"https:\/\/pubeurope.com\/@de\/114488857360932475","error":""},"_links":{"self":[{"href":"https:\/\/www.europesays.com\/de\/wp-json\/wp\/v2\/posts\/101947","targetHints":{"allow":["GET"]}}],"collection":[{"href":"https:\/\/www.europesays.com\/de\/wp-json\/wp\/v2\/posts"}],"about":[{"href":"https:\/\/www.europesays.com\/de\/wp-json\/wp\/v2\/types\/post"}],"author":[{"embeddable":true,"href":"https:\/\/www.europesays.com\/de\/wp-json\/wp\/v2\/users\/2"}],"replies":[{"embeddable":true,"href":"https:\/\/www.europesays.com\/de\/wp-json\/wp\/v2\/comments?post=101947"}],"version-history":[{"count":0,"href":"https:\/\/www.europesays.com\/de\/wp-json\/wp\/v2\/posts\/101947\/revisions"}],"wp:featuredmedia":[{"embeddable":true,"href":"https:\/\/www.europesays.com\/de\/wp-json\/wp\/v2\/media\/101948"}],"wp:attachment":[{"href":"https:\/\/www.europesays.com\/de\/wp-json\/wp\/v2\/media?parent=101947"}],"wp:term":[{"taxonomy":"category","embeddable":true,"href":"https:\/\/www.europesays.com\/de\/wp-json\/wp\/v2\/categories?post=101947"},{"taxonomy":"post_tag","embeddable":true,"href":"https:\/\/www.europesays.com\/de\/wp-json\/wp\/v2\/tags?post=101947"}],"curies":[{"name":"wp","href":"https:\/\/api.w.org\/{rel}","templated":true}]}}