{"id":1019721,"date":"2026-05-15T00:37:34","date_gmt":"2026-05-15T00:37:34","guid":{"rendered":"https:\/\/www.europesays.com\/de\/1019721\/"},"modified":"2026-05-15T00:37:34","modified_gmt":"2026-05-15T00:37:34","slug":"karlsruhe-fridays-for-future-protestiert-vor-spd-buero-gegen-gebaeudemodernisierungsgesetz","status":"publish","type":"post","link":"https:\/\/www.europesays.com\/de\/1019721\/","title":{"rendered":"Karlsruhe: Fridays for Future protestiert vor SPD-B\u00fcro gegen Geb\u00e4udemodernisierungsgesetz"},"content":{"rendered":"<p class=\"mb-6 text-xs md:text-m lg:text-l font-serif group-[.font-sans]:font-sans \">\n    Fridays for Future demonstriert am 15. Mai um 14 Uhr auf dem Friedrichsplatz in <a href=\"https:\/\/www.ka-news.de\/promis\/karlsruhe-kulturlandschaft-technologieregion-und-residenz-des-rechts-die-faecherstadt-im-ueberblick-art-2783253\" target=\"_self\" class=\"underline \" rel=\"nofollow noopener\">Karlsruhe<\/a>. Das teilten die Aktivisten in einer Mitteilung vom 13. Mai mit. Geplant sind eine <strong class=\"font-bold\">Mahnwache sowie eine Postkartenaktion an den Karlsruher Bundestagsabgeordneten Parsa Marvi.<\/strong>\n  <\/p>\n<p>    <img decoding=\"async\" src=\"https:\/\/www.europesays.com\/de\/wp-content\/uploads\/2026\/05\/whatsapp-image-2026-02-27-at-161626-3.png\" alt=\"Fridays for Future Demo in Karlsruhe am 27. Februar 2026. (Archivbild)\" title=\"Fridays for Future Demo in Karlsruhe am 27. Februar 2026. (Archivbild)\" loading=\"lazy\" class=\"h-full w-full object-cover\"\/><\/p>\n<p>      Icon vergr\u00f6\u00dfern<\/p>\n<p>    Fridays for Future Demo in Karlsruhe am 27. Februar 2026. (Archivbild)<br \/>\n    Foto: Thomas Riedel<\/p>\n<p>        Schlie\u00dfen <\/p>\n<p>      Icon Schlie\u00dfen<\/p>\n<p>        Icon vergr\u00f6\u00dfern<\/p>\n<p>        Icon verkleinern<\/p>\n<p>      Icon Pfeil bewegen<\/p>\n<p>    Fridays for Future Demo in Karlsruhe am 27. Februar 2026. (Archivbild)<br \/>\n    Foto: Thomas Riedel<\/p>\n<p class=\"mb-6 text-xs md:text-m lg:text-l font-serif group-[.font-sans]:font-sans \">\n    Um 15.30 Uhr soll sich eine <strong class=\"font-bold\">Fahrraddemonstration zum B\u00fcro des Karlsruher SPD-Bundestagsabgeordneten <\/strong>anschlie\u00dfen. Die Aktivisten wollen Marvi auffordern, sich gegen das geplante Gesetz einzusetzen. Die SPD stehe in der Verantwortung, den Entwurf zu stoppen.\n  <\/p>\n<p>            Worum geht\u2018s?<\/p>\n<p class=\"mb-6 text-xs md:text-m lg:text-l font-serif group-[.font-sans]:font-sans \">\n    Fridays for Future kritisiert laut eigener Aussage den vorgestellten Entwurf des Geb\u00e4udemodernisierungsgesetzes (GModG) als massiven R\u00fcckschritt f\u00fcr den Klimaschutz. Der Gesetzentwurf steht im direkten Widerspruch zum deutschen Ziel, bis 2045 klimaneutral zu werden \u2014 unter anderem, da der Entwurf den Einbau fossiler Heizungen auch \u00fcber das Jahr 2045 hinaus erm\u00f6glicht.\n  <\/p>\n","protected":false},"excerpt":{"rendered":"Fridays for Future demonstriert am 15. Mai um 14 Uhr auf dem Friedrichsplatz in Karlsruhe. Das teilten die&hellip;\n","protected":false},"author":2,"featured_media":396751,"comment_status":"","ping_status":"","sticky":false,"template":"","format":"standard","meta":{"footnotes":"","_share_on_mastodon":"0"},"categories":[1844],"tags":[7384,83654,1634,3364,29,14646,185204,187636,30,8903,30427,21146,184],"class_list":["post-1019721","post","type-post","status-publish","format-standard","has-post-thumbnail","category-karlsruhe","tag-fahrraddemo","tag-aktivistengruppe","tag-baden-wuerttemberg","tag-de","tag-deutschland","tag-fridays-for-future","tag-friedrichsplatz","tag-gebaeudemodernisierungsgesetz","tag-germany","tag-karlsruhe","tag-katherina-reiche","tag-mahnwache","tag-spd"],"share_on_mastodon":{"url":"https:\/\/pubeurope.com\/@de\/116575801515163875","error":""},"_links":{"self":[{"href":"https:\/\/www.europesays.com\/de\/wp-json\/wp\/v2\/posts\/1019721","targetHints":{"allow":["GET"]}}],"collection":[{"href":"https:\/\/www.europesays.com\/de\/wp-json\/wp\/v2\/posts"}],"about":[{"href":"https:\/\/www.europesays.com\/de\/wp-json\/wp\/v2\/types\/post"}],"author":[{"embeddable":true,"href":"https:\/\/www.europesays.com\/de\/wp-json\/wp\/v2\/users\/2"}],"replies":[{"embeddable":true,"href":"https:\/\/www.europesays.com\/de\/wp-json\/wp\/v2\/comments?post=1019721"}],"version-history":[{"count":0,"href":"https:\/\/www.europesays.com\/de\/wp-json\/wp\/v2\/posts\/1019721\/revisions"}],"wp:featuredmedia":[{"embeddable":true,"href":"https:\/\/www.europesays.com\/de\/wp-json\/wp\/v2\/media\/396751"}],"wp:attachment":[{"href":"https:\/\/www.europesays.com\/de\/wp-json\/wp\/v2\/media?parent=1019721"}],"wp:term":[{"taxonomy":"category","embeddable":true,"href":"https:\/\/www.europesays.com\/de\/wp-json\/wp\/v2\/categories?post=1019721"},{"taxonomy":"post_tag","embeddable":true,"href":"https:\/\/www.europesays.com\/de\/wp-json\/wp\/v2\/tags?post=1019721"}],"curies":[{"name":"wp","href":"https:\/\/api.w.org\/{rel}","templated":true}]}}