{"id":1019892,"date":"2026-05-15T02:28:17","date_gmt":"2026-05-15T02:28:17","guid":{"rendered":"https:\/\/www.europesays.com\/de\/1019892\/"},"modified":"2026-05-15T02:28:17","modified_gmt":"2026-05-15T02:28:17","slug":"fuer-85-milliarden-euro-eu-plant-neues-programm-gegen-hass-und-desinformation","status":"publish","type":"post","link":"https:\/\/www.europesays.com\/de\/1019892\/","title":{"rendered":"F\u00fcr 8,5 Milliarden Euro: EU plant neues Programm gegen Hass und Desinformation"},"content":{"rendered":"<p>Der Rat der Europ\u00e4ischen Union hat den <a href=\"https:\/\/www.berliner-zeitung.de\/article\/neues-eu-programm-agoraeu-milliarden-fuer-medien-ngos-und-den-kampf-gegen-desinformation-10036150\" rel=\"nofollow noopener\" target=\"_blank\">Entwurf f\u00fcr ein neues F\u00f6rderprogramm<\/a> mit dem Namen \u00abAgoraEU\u00bb beschlossen. Das Vorhaben soll im n\u00e4chsten mehrj\u00e4hrigen Finanzrahmen der EU von 2028 bis 2034 mit insgesamt 8,5 Milliarden Euro ausgestattet werden. Ziel des Programms ist laut EU-Angaben die F\u00f6rderung von Kultur, Medien, Zivilgesellschaft und demokratischen Werten.<\/p>\n<p>                <img src=\"https:\/\/www.europesays.com\/de\/wp-content\/uploads\/2026\/05\/710533030_highres-1024x683.jpg\" alt=\"OLIVIER HOSLET \/ KEYSTONE\" itemprop=\"contentUrl\" class=\"story-img story-img--landscape\" loading=\"lazy\" decoding=\"async\"\/><\/p>\n<p>                                                    Ursula von der Leyen vor einer Sitzung der EU-Kommission in Br\u00fcssel<br \/>\n                                                                            <\/p>\n<p>                                        OLIVIER HOSLET \/ KEYSTONE<\/p>\n<p>Das Programm soll unter anderem Projekte gegen \u00abDiskriminierung und Intoleranz\u00bb unterst\u00fctzen \u2013 sowohl online als auch offline. Genannt werden dabei unter anderem Massnahmen gegen Rassismus, Antisemitismus, Hass gegen Muslime sowie gegen Homo-, Bi-, Trans- und Interphobie. Auch sogenannte \u00abstrukturelle und intersektionale Diskriminierung\u00bb wird ausdr\u00fccklich erw\u00e4hnt.<\/p>\n<p>\u00abAgoraEU\u00bb b\u00fcndelt mehrere bestehende EU-Initiativen unter einem gemeinsamen Dach. Dazu z\u00e4hlen Programme zur F\u00f6rderung von B\u00fcrgerrechten sowie Medien- und Kulturf\u00f6rderung. Ein Schwerpunkt liegt auf der Unterst\u00fctzung von \u00abvertrauensw\u00fcrdigen und zuverl\u00e4ssigen Nachrichteninhalten\u00bb. Laut EU soll damit unter anderem auf Desinformation, gesellschaftliche Polarisierung und sinkendes Vertrauen in demokratische Institutionen reagiert werden.<\/p>\n<p>Die deutsche Bundesregierung begr\u00fcsste den Beschluss. Kulturstaatsminister Wolfram Weimer erkl\u00e4rte, das Programm st\u00e4rke Europas kulturelle und mediale Souver\u00e4nit\u00e4t. Zugleich sprach er von einem Gegengewicht zur Dominanz grosser Online-Plattformen.<\/p>\n","protected":false},"excerpt":{"rendered":"Der Rat der Europ\u00e4ischen Union hat den Entwurf f\u00fcr ein neues F\u00f6rderprogramm mit dem Namen \u00abAgoraEU\u00bb beschlossen. Das&hellip;\n","protected":false},"author":2,"featured_media":1019893,"comment_status":"","ping_status":"","sticky":false,"template":"","format":"standard","meta":{"footnotes":"","_share_on_mastodon":"0"},"categories":[3933],"tags":[331,332,3553,2650,548,663,158,3934,3935,1724,13,80,14,15,16,12,55],"class_list":["post-1019892","post","type-post","status-publish","format-standard","has-post-thumbnail","category-eu","tag-aktuelle-nachrichten","tag-aktuelle-news","tag-desinformation","tag-diskriminierung","tag-eu","tag-europa","tag-europaeische-union","tag-europe","tag-european-union","tag-gesellschaft","tag-headlines","tag-kultur","tag-nachrichten","tag-news","tag-politik","tag-schlagzeilen","tag-wirtschaft"],"share_on_mastodon":{"url":"https:\/\/pubeurope.com\/@de\/116576239211314492","error":""},"_links":{"self":[{"href":"https:\/\/www.europesays.com\/de\/wp-json\/wp\/v2\/posts\/1019892","targetHints":{"allow":["GET"]}}],"collection":[{"href":"https:\/\/www.europesays.com\/de\/wp-json\/wp\/v2\/posts"}],"about":[{"href":"https:\/\/www.europesays.com\/de\/wp-json\/wp\/v2\/types\/post"}],"author":[{"embeddable":true,"href":"https:\/\/www.europesays.com\/de\/wp-json\/wp\/v2\/users\/2"}],"replies":[{"embeddable":true,"href":"https:\/\/www.europesays.com\/de\/wp-json\/wp\/v2\/comments?post=1019892"}],"version-history":[{"count":0,"href":"https:\/\/www.europesays.com\/de\/wp-json\/wp\/v2\/posts\/1019892\/revisions"}],"wp:featuredmedia":[{"embeddable":true,"href":"https:\/\/www.europesays.com\/de\/wp-json\/wp\/v2\/media\/1019893"}],"wp:attachment":[{"href":"https:\/\/www.europesays.com\/de\/wp-json\/wp\/v2\/media?parent=1019892"}],"wp:term":[{"taxonomy":"category","embeddable":true,"href":"https:\/\/www.europesays.com\/de\/wp-json\/wp\/v2\/categories?post=1019892"},{"taxonomy":"post_tag","embeddable":true,"href":"https:\/\/www.europesays.com\/de\/wp-json\/wp\/v2\/tags?post=1019892"}],"curies":[{"name":"wp","href":"https:\/\/api.w.org\/{rel}","templated":true}]}}