{"id":1019974,"date":"2026-05-15T03:17:17","date_gmt":"2026-05-15T03:17:17","guid":{"rendered":"https:\/\/www.europesays.com\/de\/1019974\/"},"modified":"2026-05-15T03:17:17","modified_gmt":"2026-05-15T03:17:17","slug":"esc-update-taeglich-favorit-daenemark-im-finale-fan-favorit-zypern-auch","status":"publish","type":"post","link":"https:\/\/www.europesays.com\/de\/1019974\/","title":{"rendered":"ESC Update t\u00e4glich: Favorit D\u00e4nemark im Finale, Fan-Favorit Zypern auch"},"content":{"rendered":"<p>        <img decoding=\"async\" src=\"https:\/\/www.europesays.com\/de\/wp-content\/uploads\/2026\/05\/daenemark-278.webp\" alt=\"S\u00f8ren Torpegaard Lund, ESC-Kandidat D\u00e4nemarks 2026\" title=\"S\u00f8ren Torpegaard Lund, ESC-Kandidat D\u00e4nemarks 2026 | EBU\/Sarah Louise Bennett\" class=\"responsive\"\/><\/p>\n<p>AUDIO: ESC Update t\u00e4glich: Favorit D\u00e4nemark im Finale, Fan-Favorit Zypern auch (34 Min)<\/p>\n<p>\n                Stand: 15.05.2026 04:49 Uhr<\/p>\n<p class=\"preface\">Alle 25 Songs f\u00fcr das Finale des Eurovision Song Contest 2026 stehen nun fest. Im zweiten Halbfinale haben sich die letzten zehn L\u00e4nder qualifiziert &#8211; auch wenn teilweise nicht gut gesungen wurde.<\/p>\n<p class=\"\">So offenbarte zum Beispiel Antigoni aus Zypern in der Show doch gr\u00f6\u00dfere gesangliche Schw\u00e4chen. Und auch bei Jonas Lovv aus Norwegen war die Stimme nach einer Erkrankung noch nicht wieder da, wo sie sein sollte. Im Finale stehen trotzdem beide. Genauso weiter sind auch die Mit-Favoriten S\u00f8ren Torpegaard Lund aus D\u00e4nemark und Delta Goodrem aus Australien. Aber tun sich beide mit ihren Inszenierungen wirklich einen Gefallen? Dar\u00fcber sprechen unsere Hosts Marcel Stober und Thomas Mohr, die sich diese Woche t\u00e4glich aus Wien melden.<\/p>\n<p>    ESC-News online und im Radio<\/p>\n<p>                    <a href=\"https:\/\/www.europesays.com\/de\/wp-content\/uploads\/2026\/05\/escupdate-106.webp\" class=\"zoomimage\" title=\"Bild vergr\u00f6\u00dfern\"><\/p>\n<p>        <img decoding=\"async\" src=\"https:\/\/www.europesays.com\/de\/wp-content\/uploads\/2026\/05\/escupdate-106.webp\" alt=\"Die ESC Update Moderatoren Marcel Stober und Thomas Mohr\" title=\"Marcel Stober und Thomas Mohr sind die Hosts bei ESC Update. | NDR \/ Lydia Strang\" class=\"responsive\" loading=\"lazy\"\/><\/p>\n<p>                    <\/a><\/p>\n<p>                    Marcel Stober und Thomas Mohr sind die Hosts bei ESC Update.<\/p>\n<p class=\"\">Jetzt in der ESC-Woche gibt es ein <strong>t\u00e4gliches ESC Update immer zum Fr\u00fchst\u00fcck.<\/strong> Die beiden Hosts des Podcasts, <a href=\"https:\/\/www.eurovision.de\/marcel-stober,stober100.html\" title=\"F\u00fcr die Ndrde berichtet: Marcel Stober\" rel=\"nofollow noopener\" target=\"_blank\">Marcel Stober<\/a> und <a href=\"https:\/\/www.eurovision.de\/thomas-mohr,mohr188.html\" title=\"Thomas Mohr\" rel=\"nofollow noopener\" target=\"_blank\">Thomas Mohr<\/a>, widmen sich schon seit vielen Jahren dem Eurovision Song Contest und haben schon oft vor Ort vom ESC berichtet. Thomas Mohr war erstmals 1998 dabei, Marcel Stober war Teil des Teams von <a href=\"https:\/\/www.eurovision.de\/\" title=\"Eurovision Song Contest - Alles zum ESC\" rel=\"nofollow noopener\" target=\"_blank\">eurovision.de<\/a> und schreibt jetzt f\u00fcr <a href=\"https:\/\/esc-kompakt.de\/author\/marcelstober44fb9e45c9\/\" title=\"Marcel Stober bei ESC kompakt\" class=\"extlink-preface\" data-type=\"external\" rel=\"nofollow noopener\" target=\"_blank\">ESC kompakt<\/a>.<br \/>ESC Update l\u00e4uft sonst regelm\u00e4\u00dfig im Radio auf <a href=\"https:\/\/www.ndr.de\/ndrblue\" title=\"NDR Blue - Meet the Music\" rel=\"nofollow noopener\" target=\"_blank\">NDR Blue<\/a> &#8211; meistens am letzten Samstag im Monat. Alle Folgen der vergangenen Monate sind online <a href=\"https:\/\/www.ardsounds.de\/sendung\/esc-update\/urn:ard:show:39445a908a5ba691\/\" title=\"ESC Update bei ARD Sounds\" rel=\"nofollow noopener\" target=\"_blank\">in ARD Sounds<\/a> und auf allen g\u00e4ngigen Podcastplattformen abrufbar.<\/p>\n<p>        <img decoding=\"async\" src=\"https:\/\/www.europesays.com\/de\/wp-content\/uploads\/2026\/05\/escupdate-116.webp\" alt=\"Die ESC Update Moderatoren Marcel Stober und Thomas Mohr\" title=\"Die ESC Update Moderatoren Marcel Stober und Thomas Mohr | NDR \/ Lydia Strang\" class=\"responsive\" loading=\"lazy\"\/><\/p>\n<p>Mindestens einmal im Monat geht es in ESC Update um News rund um den Eurovision Song Contest &#8211; nat\u00fcrlich mit ganz viel Musik.<\/p>\n<p>        <img decoding=\"async\" src=\"https:\/\/www.europesays.com\/de\/wp-content\/uploads\/2026\/05\/podcastbild-254.webp\" alt=\"Eurovision Song Contest: ESC Update\" title=\"Eurovision Song Contest: ESC Update | istockphoto, kevron2001\" class=\"responsive\" loading=\"lazy\"\/><\/p>\n<p>In ESC Update sprechen K\u00fcnstler, Entscheider und Experten \u00fcber die schillernde Welt des Eurovision Song Contest.<\/p>\n","protected":false},"excerpt":{"rendered":"AUDIO: ESC Update t\u00e4glich: Favorit D\u00e4nemark im Finale, Fan-Favorit Zypern auch (34 Min) Stand: 15.05.2026 04:49 Uhr Alle&hellip;\n","protected":false},"author":2,"featured_media":1019975,"comment_status":"","ping_status":"","sticky":false,"template":"","format":"standard","meta":{"footnotes":"","_share_on_mastodon":"0"},"categories":[155],"tags":[219208,29,214,74713,166065,4631,38048,30,219209,166066,11969,219207,57689,215,6296],"class_list":["post-1019974","post","type-post","status-publish","format-standard","has-post-thumbnail","category-unterhaltung","tag-delta-goodrem","tag-deutschland","tag-entertainment","tag-esc-2026","tag-esc-update","tag-eurovision-song-contest","tag-fire","tag-germany","tag-jalla","tag-marcel-stober","tag-sarah-engels","tag-soren-torpegaard-lund","tag-thomas-mohr","tag-unterhaltung","tag-wien"],"share_on_mastodon":{"url":"https:\/\/pubeurope.com\/@de\/116576429881515523","error":""},"_links":{"self":[{"href":"https:\/\/www.europesays.com\/de\/wp-json\/wp\/v2\/posts\/1019974","targetHints":{"allow":["GET"]}}],"collection":[{"href":"https:\/\/www.europesays.com\/de\/wp-json\/wp\/v2\/posts"}],"about":[{"href":"https:\/\/www.europesays.com\/de\/wp-json\/wp\/v2\/types\/post"}],"author":[{"embeddable":true,"href":"https:\/\/www.europesays.com\/de\/wp-json\/wp\/v2\/users\/2"}],"replies":[{"embeddable":true,"href":"https:\/\/www.europesays.com\/de\/wp-json\/wp\/v2\/comments?post=1019974"}],"version-history":[{"count":0,"href":"https:\/\/www.europesays.com\/de\/wp-json\/wp\/v2\/posts\/1019974\/revisions"}],"wp:featuredmedia":[{"embeddable":true,"href":"https:\/\/www.europesays.com\/de\/wp-json\/wp\/v2\/media\/1019975"}],"wp:attachment":[{"href":"https:\/\/www.europesays.com\/de\/wp-json\/wp\/v2\/media?parent=1019974"}],"wp:term":[{"taxonomy":"category","embeddable":true,"href":"https:\/\/www.europesays.com\/de\/wp-json\/wp\/v2\/categories?post=1019974"},{"taxonomy":"post_tag","embeddable":true,"href":"https:\/\/www.europesays.com\/de\/wp-json\/wp\/v2\/tags?post=1019974"}],"curies":[{"name":"wp","href":"https:\/\/api.w.org\/{rel}","templated":true}]}}