{"id":1020268,"date":"2026-05-15T06:15:20","date_gmt":"2026-05-15T06:15:20","guid":{"rendered":"https:\/\/www.europesays.com\/de\/1020268\/"},"modified":"2026-05-15T06:15:20","modified_gmt":"2026-05-15T06:15:20","slug":"man-macht-da-viel-kaputt-ist-der-esc-nur-noch-klamauk","status":"publish","type":"post","link":"https:\/\/www.europesays.com\/de\/1020268\/","title":{"rendered":"&#8222;Man macht da viel kaputt&#8220;: Ist der ESC nur noch &#8222;Klamauk&#8220;?"},"content":{"rendered":"<p>&#8222;Mir sind in den letzten Jahren ein paar Dinge aufgefallen, wo ich sage, die gefallen mir nicht&#8220;, so der Bundesvorsitzende der Freien W\u00e4hler und bayerische Wirtschaftsminister Hubert Aiwanger <a href=\"https:\/\/www.ardmediathek.de\/video\/hart-aber-fair\/mehr-als-musik-wie-politisch-ist-der-esc\/wdr\/Y3JpZDovL3dkci5kZS9CZWl0cmFnLXNvcGhvcmEtYTkzOWI0NTMtOGExMS00N2ZkLWI5OWYtZmE5ZDczYTUyMWU1\" rel=\"nofollow noopener\" target=\"_blank\">k\u00fcrzlich bei &#8222;Hart aber fair&#8220; im Ersten<\/a> [externer Link] zu seinen Eindr\u00fccken vom ESC: &#8222;Man macht da viel kaputt. Ein Beispiel war Conchita Wurst [Kunstname des \u00f6sterreichischen ESC-Teilnehmers von 2014, Tom Neuwirth] und \u00c4hnliches. Ich glaube, dass da das Musikalische verloren geht und immer mehr der Klamauk in den Vordergrund ger\u00fcckt wurde und dadurch der Normalb\u00fcrger nicht mehr so viel damit anfangen kann.&#8220; Zur &#8222;V\u00f6lkerverst\u00e4ndigung&#8220; trage der ESC nicht mehr bei: &#8222;Wenn der ESC die Demokratie retten m\u00fcsste, w\u00e4re es traurig.&#8220; <\/p>\n<p>Ungarn kritisierte &#8222;kreischende Transvestiten und b\u00e4rtige Frauen&#8220;<\/p>\n<p>Daf\u00fcr, dass ESC-Songs nach den <a href=\"https:\/\/www.eurovision.com\/newsroom\/rules-of-the-contest\/\" rel=\"nofollow noopener\" target=\"_blank\">offiziellen Richtlinien der European Broadcasting Union (EBU)<\/a> [externer Link] weder politische, noch ideologische Botschaften enthalten d\u00fcrfen, ist der Wettbewerb verbl\u00fcffend umstritten. &#8222;Beleidigende, diskriminierende oder anderweitig unangemessene Inhalte&#8220; sind ebenso wie &#8222;pornographische&#8220; untersagt: &#8222;Generell sind Inhalte oder Verhaltensweisen, die die Integrit\u00e4t, den Ruf oder den unpolitischen Charakter des Wettbewerbs beeintr\u00e4chtigen k\u00f6nnten, nicht gestattet.&#8220;<\/p>\n<p>Umso erstaunlicher, wie viele Politiker sich \u00fcber den Wettbewerb aufregen. Ungarn zum Beispiel nimmt seit 2020 nicht mehr am ESC teil, wobei sich Ex-Ministerpr\u00e4sident Victor Orb\u00e1n nicht zu den konkreten Gr\u00fcnden \u00e4u\u00dferte. Allerdings k\u00e4mpfte er f\u00fcr &#8222;Familienwerte&#8220; und lie\u00df Gay-Pride-Paraden verbieten. Regierungsnahe Kommentatoren schimpften derweil \u00fcber &#8222;kreischende Transvestiten und b\u00e4rtige Frauen&#8220; beim ESC und hielten die Veranstaltung f\u00fcr eine Gefahr f\u00fcr die psychische Gesundheit. Nach dem Regierungswechsel wird \u00fcber eine R\u00fcckkehr Ungarns spekuliert, wom\u00f6glich schon 2027.<\/p>\n<p>Russland setzte auf Konkurrenz-Show<\/p>\n<p>In Russland wurde mit dem einstigen Ostblock-Wettbewerb &#8222;Intervision&#8220; im vergangenen Jahr eine Konkurrenzveranstaltung zum ESC neu belebt, auf der ebenfalls &#8222;traditionelle Werte&#8220; hochgehalten werden sollen. Bei der ersten Ausgabe 2025 gewann der vietnamesische Teilnehmer Duc Phuc, der sich prompt herber Kritik wegen seines &#8222;\u00fcberm\u00e4\u00dfig glamour\u00f6sen&#8220; Lebensstils ausgesetzt sah und verd\u00e4chtigt wurde, eine &#8222;nicht-traditionelle&#8220; sexuelle Orientierung zu haben. <\/p>\n<p>Au\u00dfenminister Sergej Lawrow <a href=\"https:\/\/mid.ru\/en\/foreign_policy\/news\/2047268\/\" rel=\"nofollow noopener\" target=\"_blank\">sprach beim &#8222;Intervision&#8220; im Unterschied zum ESC<\/a> [externer Link] von &#8222;alternativen Ans\u00e4tzen zur Bewahrung von Traditionen und nationaler Kultur sowie religi\u00f6ser, spiritueller und moralischer Werte, die wir \u00fcber Jahrhunderte und Jahrzehnte von unseren Vorfahren geerbt haben&#8220;.<\/p>\n<p>Noam Bettan geh\u00f6rt zum Favoritenkreis<\/p>\n<p>Die Teilnahme Israels am ESC wird dagegen eher im linken politischen Lager kritisiert. Spanien, Irland, die Niederlande, Slowenien und Island nehmen in diesem Jahr nicht teil, weil die dortigen TV-Verantwortlichen der Meinung sind, dass &#8222;kriegf\u00fchrende&#8220; L\u00e4nder vom Wettbewerb ausgeschlossen bleiben sollten. Unter dem Titel &#8222;No Music for Genocide&#8220; hatten rund 2.000 Kreative, darunter Bj\u00f6rk, Brian Eno und Paul Weller, <a href=\"https:\/\/nomusicforgenocide.org\/eurovision\" rel=\"nofollow noopener\" target=\"_blank\">einen Boykott Israels beim ESC gefordert<\/a> [externer Link]. <\/p>\n<p>In der EBU hatte es im Vorfeld heftige Meinungsverschiedenheiten \u00fcber das Thema gegeben, so hatten sich auch der belgische und skandinavische TV-Sender skeptisch gezeigt, was Israels Teilnahme betrifft. S\u00e4nger Noam Bettan (&#8222;Michelle&#8220;) wird bei den Wettb\u00fcros gleichwohl zum Favoritenkreis gerechnet. Der Text seines Songs ist deutlich unpolitischer als die israelischen Beitr\u00e4ge der beiden vergangenen Jahre.<\/p>\n<p>Politische Songs gab es durchaus<\/p>\n<p>Ungeachtet der aktuell geltenden EBU-Regeln gab es beim ESC fr\u00fcher durchaus hochpolitische Auftritte, so etwa das Lied &#8222;1944&#8220; der ukrainischen S\u00e4ngerin Jamala beim Finale 2016 in Stockholm. Darin geht es um die Deportation von Krim-Tataren durch Stalin. Auch die armenische Band Genealogy bleibt mit dem brisanten Song &#8222;Face the Shadow&#8220; von 2015 in Erinnerung. Er thematisierte das beharrliche Verschweigen des V\u00f6lkermords an den Armeniern durch t\u00fcrkische Truppen w\u00e4hrend des Ersten Weltkriegs. <\/p>\n<p>Ansichtssache, ob deutsche ESC-Songs in den letzten 70 Jahren auch mal politische Botschaften transportierten, etwa Nicoles Sieger-Lied &#8222;Ein bisschen Frieden&#8220; von 1982, als in Europa die Nachr\u00fcstungs-Debatte tobte. Da war der Auftritt mit &#8222;Im Wartesaal zum gro\u00dfen Gl\u00fcck&#8220; von Walter Andreas Schwarz beim allerersten ESC 1956 zweifellos ungleich heikler. Er sang von &#8222;W\u00e4nden aus Tr\u00e4umen&#8220; gegen eine Wirklichkeit, die man in Deutschland &#8222;nicht sehr sch\u00e4tze&#8220;, eine deutliche Anspielung auf die Verdr\u00e4ngung der NS-Zeit in der \u00c4ra der Heimatfilme.<\/p>\n","protected":false},"excerpt":{"rendered":"&#8222;Mir sind in den letzten Jahren ein paar Dinge aufgefallen, wo ich sage, die gefallen mir nicht&#8220;, so&hellip;\n","protected":false},"author":2,"featured_media":1020269,"comment_status":"","ping_status":"","sticky":false,"template":"","format":"standard","meta":{"footnotes":"","_share_on_mastodon":"0"},"categories":[5],"tags":[712,4629,4631,13,411,14,15,14037,307,12,10,8,9,11,501],"class_list":["post-1020268","post","type-post","status-publish","format-standard","has-post-thumbnail","category-nachrichten","tag-antisemitismus","tag-esc","tag-eurovision-song-contest","tag-headlines","tag-israel","tag-nachrichten","tag-news","tag-queerness","tag-russland","tag-schlagzeilen","tag-top-news","tag-top-meldungen","tag-topmeldungen","tag-topnews","tag-ungarn"],"share_on_mastodon":{"url":"https:\/\/pubeurope.com\/@de\/116577129368296524","error":""},"_links":{"self":[{"href":"https:\/\/www.europesays.com\/de\/wp-json\/wp\/v2\/posts\/1020268","targetHints":{"allow":["GET"]}}],"collection":[{"href":"https:\/\/www.europesays.com\/de\/wp-json\/wp\/v2\/posts"}],"about":[{"href":"https:\/\/www.europesays.com\/de\/wp-json\/wp\/v2\/types\/post"}],"author":[{"embeddable":true,"href":"https:\/\/www.europesays.com\/de\/wp-json\/wp\/v2\/users\/2"}],"replies":[{"embeddable":true,"href":"https:\/\/www.europesays.com\/de\/wp-json\/wp\/v2\/comments?post=1020268"}],"version-history":[{"count":0,"href":"https:\/\/www.europesays.com\/de\/wp-json\/wp\/v2\/posts\/1020268\/revisions"}],"wp:featuredmedia":[{"embeddable":true,"href":"https:\/\/www.europesays.com\/de\/wp-json\/wp\/v2\/media\/1020269"}],"wp:attachment":[{"href":"https:\/\/www.europesays.com\/de\/wp-json\/wp\/v2\/media?parent=1020268"}],"wp:term":[{"taxonomy":"category","embeddable":true,"href":"https:\/\/www.europesays.com\/de\/wp-json\/wp\/v2\/categories?post=1020268"},{"taxonomy":"post_tag","embeddable":true,"href":"https:\/\/www.europesays.com\/de\/wp-json\/wp\/v2\/tags?post=1020268"}],"curies":[{"name":"wp","href":"https:\/\/api.w.org\/{rel}","templated":true}]}}