{"id":1020440,"date":"2026-05-15T07:57:19","date_gmt":"2026-05-15T07:57:19","guid":{"rendered":"https:\/\/www.europesays.com\/de\/1020440\/"},"modified":"2026-05-15T07:57:19","modified_gmt":"2026-05-15T07:57:19","slug":"inschildesche-lauf-2026-in-bielefeld-schildesche-was-teilnehmer-und-besucher-wissen-muessen","status":"publish","type":"post","link":"https:\/\/www.europesays.com\/de\/1020440\/","title":{"rendered":"InSchildesche-Lauf 2026 in Bielefeld-Schildesche: Was Teilnehmer und Besucher wissen m\u00fcssen"},"content":{"rendered":"<p id=\"absatz1\" class=\"em_text\">Schildesche. Die Stimmung zwischen der Interessen- und Werbegemeinschaft (IWG) InSchildesche und den Hauptsponsoren des gleichnamigen Laufs rund um den Obersee ist sehr gut. Nach zwei \u00e4u\u00dferst erfolgreichen Jahren f\u00fcr die noch neue Veranstaltung im Stadtbezirk soll es am 5. Juli in die dritte Runde gehen. Erneut l\u00e4dt die Gemeinschaft zu einem sportlichen und famili\u00e4ren Event an eines der sch\u00f6nsten Ausflugsziele der Stadt ein.<\/p>\n<p id=\"absatz2\" class=\"em_text\">Die Streckenf\u00fchrung aus dem Vorjahr habe sich bew\u00e4hrt. Neben einem Kinderlauf \u00fcber zwei Kilometer wird es wieder je eine 5- und eine 10-Kilometer lange Laufstrecke geben. Start- und Zielpunkt befindet sich auf der gro\u00dfen Wiese neben dem Restaurant Seekrug. 1.300 L\u00e4ufer sind im vergangenen Jahr an den Start gegangen. Schon jetzt z\u00e4hlen die Veranstalter 400 Anmeldungen. Organisator Dimitrios Gavrilas betont: \u201eDie Laufstrecke ist f\u00fcr jeden geeignet, besonders auch f\u00fcr Einsteiger.\u201c Der Verlauf ist \u00fcberwiegend eben um den See und die Heckrinderwiese. Auch Hermannslaufsieger Florian Bochert l\u00e4sst es sich nicht nehmen, als geb\u00fcrtiger Schildsker den Lauf in seiner Heimat zu bestreiten.<\/p>\n<p>        <a href=\"https:\/\/www.nw.de\/_em_daten\/_cache\/image\/1xZTdoMEtDQUZpakNaTDRid1JqMHpSa00wV0dxbHU2ZFFkVlp4QnlCc0hSenBwVkJjT2VOTTYxNThVM3VMekR3a0NMczduWVpvY1RCRU1QdGFQc2pCZTRxYWg5SVhFRFlma0lIaEpqd0lPYzg9\/260515-0950-901101793.jpg\" class=\"nw-article-image\" title=\"Eine Abk\u00fchlung wird es wahrscheinlich auch in diesem Jahr nach absolvierter Strecke bei sommerlichen Temperaturen brauchen.\" data-glightbox=\"type: image; description: Eine Abk\u00fchlung wird es wahrscheinlich auch in diesem Jahr nach absolvierter Strecke bei sommerlichen Temperaturen brauchen.  | \u00a9 Felix Brenneke \" rel=\"nofollow noopener\" target=\"_blank\"><br \/>\n            <img decoding=\"async\" src=\"https:\/\/www.europesays.com\/de\/wp-content\/uploads\/2026\/05\/260515-0950-901101793.jpg\" class=\"nw-img-fluid nw-w-full nw-lazy nw-rounded-t-md\" alt=\"Eine Abk\u00fchlung wird es wahrscheinlich auch in diesem Jahr nach absolvierter Strecke bei sommerlichen Temperaturen brauchen. - \u00a9 Felix Brenneke\" data-format=\"16:9\"\/><br \/>\n        <\/a><\/p>\n<p>                Eine Abk\u00fchlung wird es wahrscheinlich auch in diesem Jahr nach absolvierter Strecke bei sommerlichen Temperaturen brauchen.<br \/>\n                                    | \u00a9 Felix Brenneke<\/p>\n<p id=\"absatz3\" class=\"em_text\">Wer sich keine 5 oder 10 Kilometer laufend zutraut, kann die Strecke auch walken. Alles ist erlaubt: Kinderwagen, Rollatoren und Hunde d\u00fcrfen mitgenommen werden. Entsprechend ist das Altersspektrum sehr vielf\u00e4ltig. \u201eDas Teilnehmerfeld reicht von 5 bis 93 Jahren\u201c, sagt IWG-Vorsitzender Christian B\u00f6kenkamp. Zahlreiche Sponsoren erm\u00f6glichen die Sportveranstaltung. Gavrilas: \u201eBesonders dankbar sind wir dem VfL Schildesche, der neben den Duschen und Umkleiden auch mehr als 30 Streckenposten und Helfer stellt.\u201c<\/p>\n<p id=\"absatz4\" class=\"em_text\">Im Ziel wartet auf alle Teilnehmer eine Medaille sowie Pokale f\u00fcr die Sieger. Der Lauf dient dem guten Zweck. \u201eDie IWG spendet die Erl\u00f6se der Veranstaltung an das Bielefelder Kinderhospiz\u201c, sagt Gavrilas. F\u00fcr alle Kinder f\u00e4llt der Startschuss um 10 Uhr. F\u00fcr die Kleinsten geht es zwei Runden um die Picknickwiese. Die 5-Kilometer-L\u00e4ufer schlie\u00dfen sich um 11 Uhr mit zus\u00e4tzlich einer Runde um den See und die 10-Kilometer-L\u00e4ufer um 12.30 Uhr mit zwei Runden um den See und einer um die Heckrinderwiese an.<\/p>\n<p>        <a href=\"https:\/\/www.nw.de\/_em_daten\/_cache\/image\/1xRDhlVms3Mk03Y3o2VzVYUUVVNzVjYWJJNlRQS3MyS2lEaVYzb3AyVGtXNk9rUDlnSWxjcDdvdE5qNTUzdXV6V3k5UVk5OW9CNXoxU0JNbGRINzlKSmZYMDN6aUhtSTdXZ1lvdFczN0JiTWc9\/260515-0950-898777093.jpg\" class=\"nw-article-image\" title=\"Bereits zweimal fand der Lauf um den Obersee gro\u00dfen Anklang.\" data-glightbox=\"type: image; description: Bereits zweimal fand der Lauf um den Obersee gro\u00dfen Anklang.  | \u00a9 Felix Brenneke \" rel=\"nofollow noopener\" target=\"_blank\"><br \/>\n            <img decoding=\"async\" src=\"https:\/\/www.europesays.com\/de\/wp-content\/uploads\/2026\/05\/260515-0950-898777093.jpg\" class=\"nw-img-fluid nw-w-full nw-lazy nw-rounded-t-md\" alt=\"Bereits zweimal fand der Lauf um den Obersee gro\u00dfen Anklang. - \u00a9 Felix Brenneke\" data-format=\"16:9\"\/><br \/>\n        <\/a><\/p>\n<p>                Bereits zweimal fand der Lauf um den Obersee gro\u00dfen Anklang.<br \/>\n                                    | \u00a9 Felix Brenneke<\/p>\n<p id=\"absatz5\" class=\"em_text\">Es wird neben der Siegerehrung im Start- und Zielbereich auch wieder ein Rahmenprogramm f\u00fcr Teilnehmer und Besucher geben. Der Stadtsportbund bietet dort die Abnahme des Sportabzeichens an. Das Team von der LVM-Versicherungsagentur Friebe ruft zur Typisierung als DKMS-Stammzellenspender auf. Infost\u00e4nde der Sponsoren laden zum Verweilen ein.<\/p>\n<p id=\"absatz6\" class=\"em_text\">Anmeldung zum Lauf: <a href=\"https:\/\/inschildesche.de\" rel=\"nofollow noopener\" target=\"_blank\">https:\/\/inschildesche.de<\/a> <\/p>\n","protected":false},"excerpt":{"rendered":"Schildesche. Die Stimmung zwischen der Interessen- und Werbegemeinschaft (IWG) InSchildesche und den Hauptsponsoren des gleichnamigen Laufs rund um&hellip;\n","protected":false},"author":2,"featured_media":1020441,"comment_status":"","ping_status":"","sticky":false,"template":"","format":"standard","meta":{"footnotes":"","_share_on_mastodon":"0"},"categories":[1841],"tags":[3592,1605,102818,3364,29,219302,30,219301,9311,732,16465,1608,198079,16352,7774,1613,1209,38551,1598,29696,9625],"class_list":["post-1020440","post","type-post","status-publish","format-standard","has-post-thumbnail","category-bielefeld","tag-anmeldung","tag-bielefeld","tag-cnt_aufmacher","tag-de","tag-deutschland","tag-dimitrios-gavrila","tag-germany","tag-inschildesche","tag-label_familie-freizeit","tag-label_frei","tag-label_hilf-mir","tag-label_top-news","tag-meta_artikelklasse_seo","tag-meta_copyrights_nw_freier_mitarbeiter","tag-meta_themen_sport","tag-meta_userneeds_informieremich","tag-nordrhein-westfalen","tag-obersee","tag-restaurant","tag-schildesche","tag-werbegemeinschaft"],"share_on_mastodon":{"url":"https:\/\/pubeurope.com\/@de\/116577530589572585","error":""},"_links":{"self":[{"href":"https:\/\/www.europesays.com\/de\/wp-json\/wp\/v2\/posts\/1020440","targetHints":{"allow":["GET"]}}],"collection":[{"href":"https:\/\/www.europesays.com\/de\/wp-json\/wp\/v2\/posts"}],"about":[{"href":"https:\/\/www.europesays.com\/de\/wp-json\/wp\/v2\/types\/post"}],"author":[{"embeddable":true,"href":"https:\/\/www.europesays.com\/de\/wp-json\/wp\/v2\/users\/2"}],"replies":[{"embeddable":true,"href":"https:\/\/www.europesays.com\/de\/wp-json\/wp\/v2\/comments?post=1020440"}],"version-history":[{"count":0,"href":"https:\/\/www.europesays.com\/de\/wp-json\/wp\/v2\/posts\/1020440\/revisions"}],"wp:featuredmedia":[{"embeddable":true,"href":"https:\/\/www.europesays.com\/de\/wp-json\/wp\/v2\/media\/1020441"}],"wp:attachment":[{"href":"https:\/\/www.europesays.com\/de\/wp-json\/wp\/v2\/media?parent=1020440"}],"wp:term":[{"taxonomy":"category","embeddable":true,"href":"https:\/\/www.europesays.com\/de\/wp-json\/wp\/v2\/categories?post=1020440"},{"taxonomy":"post_tag","embeddable":true,"href":"https:\/\/www.europesays.com\/de\/wp-json\/wp\/v2\/tags?post=1020440"}],"curies":[{"name":"wp","href":"https:\/\/api.w.org\/{rel}","templated":true}]}}