{"id":1020723,"date":"2026-05-15T10:45:18","date_gmt":"2026-05-15T10:45:18","guid":{"rendered":"https:\/\/www.europesays.com\/de\/1020723\/"},"modified":"2026-05-15T10:45:18","modified_gmt":"2026-05-15T10:45:18","slug":"ueberraschung-in-karlsruhe-verfassungsgericht-verhandelt-ueber-rundfunkbeitrag","status":"publish","type":"post","link":"https:\/\/www.europesays.com\/de\/1020723\/","title":{"rendered":"\u00dcberraschung in Karlsruhe: Verfassungsgericht verhandelt \u00fcber Rundfunkbeitrag"},"content":{"rendered":"<p>&#13;<br \/>\n        &#13;<br \/>\n&#13;<br \/>\n        &#13;<\/p>\n<p>            <img loading=\"lazy\" decoding=\"async\" width=\"696\" height=\"400\" data-no-lazy=\"\" class=\"entry-thumb\" src=\"https:\/\/www.europesays.com\/de\/wp-content\/uploads\/2026\/05\/Geld_Euro-696x400.jpg\" alt=\"Bild: \u00a9 M. Schuppich - Fotolia.com\" title=\"Geld_Euro\"\/>Bild: \u00a9 M. Schuppich &#8211; Fotolia.com<\/p>\n<p><strong>Das Gericht hat einen Verhandlungstermin angesetzt. <a href=\"https:\/\/www.digitalfernsehen.de\/thema\/ard\/\" class=\"av-highlight\" title=\"Mehr Aritkel zum Thema ARD\" rel=\"nofollow noopener\" target=\"_blank\">ARD<\/a> und <a href=\"https:\/\/www.digitalfernsehen.de\/thema\/zdf\/\" class=\"av-highlight\" title=\"Mehr Aritkel zum Thema ZDF\" rel=\"nofollow noopener\" target=\"_blank\">ZDF<\/a> wollen in diesem erreichen, dass die Politik die KEF-Empfehlung 1:1 umsetzen muss.<\/strong><\/p>\n<p>Das Bundesverfassungsgericht in Karlsruhe wird die Klage von ARD\/ZDF in Sachen Rundfunkbeitrag am 23. Juni ab zehn Uhr verhandeln. Die \u00dcberraschung: Es ist eine m\u00fcndliche Verhandlung geplant, was \u00fcberraschend ist, denn die Richterinnen und Richter h\u00e4tten auch ohne einer Anh\u00f6rung ein Urteil f\u00e4llen k\u00f6nnen. Somit m\u00fcssen nun unter anderem L\u00e4nder-Vertreter begr\u00fcnden, wieso genau der KEF-Vorschlag, der nur in Ausnahmen nicht bindend ist, diesmal nicht umgesetzt wurde.<\/p>\n<p>Warum die m\u00fcndliche Verhandlung eine Sensation ist<\/p>\n<p>Dass der Erste Senat unter Pr\u00e4sident Stephan Harbarth nun zur m\u00fcndlichen Verhandlung l\u00e4dt, l\u00e4sst tief blicken:<\/p>\n<ul class=\"wp-block-list\">\n<li><strong>Komplexit\u00e4t:<\/strong> Die Richter sehen offenbar kl\u00e4rungsbed\u00fcrftigen Redebedarf bei der Frage, wie weit die Rundfunkfreiheit die L\u00e4nder zur Finanzierung verpflichtet.<\/li>\n<li><strong>Druck auf die Politik:<\/strong> Die L\u00e4nder hatten die Erh\u00f6hung von <strong>18,36 Euro auf 18,94 Euro<\/strong> zum 1. Januar 2025 gestoppt und auf Reformen verwiesen. Karlsruhe wird nun pr\u00fcfen, ob \u201eangesto\u00dfene Reformen\u201c als Grund ausreichen, um von der Expertenempfehlung der KEF abzuweichen.<\/li>\n<\/ul>\n<p>Der Hintergrund: Eineinhalb Jahre Stillstand<\/p>\n<p>Seit Februar 2024 liegt die Empfehlung der KEF auf dem Tisch. Doch die Ministerpr\u00e4sidenten entschieden im Dezember 2024, den Beitrag f\u00fcr zwei Jahre einzufrieren.<\/p>\n<ul class=\"wp-block-list\">\n<li><strong>Die Klage:<\/strong> ARD und ZDF wehren sich gegen dieses \u201eUnterlassen\u201c. Sie argumentieren, dass ihre bedarfsgerechte Finanzierung gesetzlich garantiert ist und nicht zum Spielball politischer Reformw\u00fcnsche werden darf.<\/li>\n<li><strong>Neue Fakten:<\/strong> Inzwischen liegt bereits der 25. Bericht der KEF (Februar 2026) vor, der f\u00fcr die n\u00e4chste Periode ab 2027 sogar eine moderate Erh\u00f6hung auf <strong>18,64 Euro<\/strong> vorschl\u00e4gt \u2013 also weniger, als urspr\u00fcnglich f\u00fcr 2025 gefordert wurde. Das macht die Lage f\u00fcr das Gericht noch komplizierter.<\/li>\n<\/ul>\n<p>Was bedeutet das f\u00fcr die Beitragszahler?<\/p>\n<p>Sollte das Gericht den Sendern recht geben, k\u00f6nnte es eine <strong>R\u00fcckwirkung<\/strong> geben. Das hie\u00dfe: Der Beitrag m\u00fcsste eventuell r\u00fcckwirkend zum 1. Januar 2025 steigen, was eine Nachzahlung oder eine Verrechnung in der Zukunft zur Folge h\u00e4tte. Ein Urteil wird nach der Verhandlung im Juni meist innerhalb weniger Monate (wahrscheinlich im Herbst 2026) erwartet.<\/p>\n<p>Zuletzt hatte die Nicht-Erh\u00f6hung des Beitrags massive Folgen, ARD-Sender mussten massiv sparen \u2013 die Produktionsbranche leidet unter fehlenden Auftr\u00e4gen. Gegner des \u00d6RR, in der Regel sind das Personen, die finden, dass ARD\/ZDF politisch nicht nach ihrem Gusto berichten, fordern derweil weitere K\u00fcrzungen. <\/p>\n<p>Au\u00dferdem interessant:<\/p>\n<p class=\"isc_image_list_title\">Bildquelle:<\/p>\n<ul class=\"isc_image_list\">\n<li>Geld_Euro: \u00a9 M. Schuppich &#8211; Fotolia.com<\/li>\n<\/ul>\n<p>        &#13;<br \/>\n&#13;<br \/>\n        &#13;<br \/>\n                        &#13;<br \/>\n            &#13;<br \/>\n&#13;<br \/>\n                                    <a href=\"https:\/\/www.digitalfernsehen.de\/author\/maw\/\" aria-label=\"author-photo\" rel=\"nofollow noopener\" target=\"_blank\"><img loading=\"lazy\" alt=\"Manuel Weis\" src=\"https:\/\/www.digitalfernsehen.de\/wp-content\/plugins\/avatar-privacy\/public\/images\/mystery.svg\"  class=\"avatar avatar-96 photo\" height=\"96\" width=\"96\" decoding=\"async\"\/><\/a><\/p>\n<p>Manuel Weis arbeitet seit \u00fcber zwei Jahrzehnten als Medienjournalist und war in dem Zeitraum f\u00fcr unterschiedliche f\u00fchrende Publikationen t\u00e4tig. Er verfolgt die Entwicklungen der Medienbranche intensiv und liefert Analysen, Einblicke und Neuigkeiten.<\/p>\n<p>                            &#13;<br \/>\n&#13;<\/p>\n","protected":false},"excerpt":{"rendered":"&#13; &#13; &#13; &#13; Bild: \u00a9 M. Schuppich &#8211; Fotolia.com Das Gericht hat einen Verhandlungstermin angesetzt. ARD und&hellip;\n","protected":false},"author":2,"featured_media":1020724,"comment_status":"","ping_status":"","sticky":false,"template":"","format":"standard","meta":{"footnotes":"","_share_on_mastodon":"0"},"categories":[1844],"tags":[223,1634,3364,29,30,8903,5849],"class_list":["post-1020723","post","type-post","status-publish","format-standard","has-post-thumbnail","category-karlsruhe","tag-ard","tag-baden-wuerttemberg","tag-de","tag-deutschland","tag-germany","tag-karlsruhe","tag-rundfunkbeitrag"],"share_on_mastodon":{"url":"","error":""},"_links":{"self":[{"href":"https:\/\/www.europesays.com\/de\/wp-json\/wp\/v2\/posts\/1020723","targetHints":{"allow":["GET"]}}],"collection":[{"href":"https:\/\/www.europesays.com\/de\/wp-json\/wp\/v2\/posts"}],"about":[{"href":"https:\/\/www.europesays.com\/de\/wp-json\/wp\/v2\/types\/post"}],"author":[{"embeddable":true,"href":"https:\/\/www.europesays.com\/de\/wp-json\/wp\/v2\/users\/2"}],"replies":[{"embeddable":true,"href":"https:\/\/www.europesays.com\/de\/wp-json\/wp\/v2\/comments?post=1020723"}],"version-history":[{"count":0,"href":"https:\/\/www.europesays.com\/de\/wp-json\/wp\/v2\/posts\/1020723\/revisions"}],"wp:featuredmedia":[{"embeddable":true,"href":"https:\/\/www.europesays.com\/de\/wp-json\/wp\/v2\/media\/1020724"}],"wp:attachment":[{"href":"https:\/\/www.europesays.com\/de\/wp-json\/wp\/v2\/media?parent=1020723"}],"wp:term":[{"taxonomy":"category","embeddable":true,"href":"https:\/\/www.europesays.com\/de\/wp-json\/wp\/v2\/categories?post=1020723"},{"taxonomy":"post_tag","embeddable":true,"href":"https:\/\/www.europesays.com\/de\/wp-json\/wp\/v2\/tags?post=1020723"}],"curies":[{"name":"wp","href":"https:\/\/api.w.org\/{rel}","templated":true}]}}