{"id":1020900,"date":"2026-05-15T12:20:17","date_gmt":"2026-05-15T12:20:17","guid":{"rendered":"https:\/\/www.europesays.com\/de\/1020900\/"},"modified":"2026-05-15T12:20:17","modified_gmt":"2026-05-15T12:20:17","slug":"bundesliga-fc-augsburg-kaempft-gegen-union-berlin-um-europa","status":"publish","type":"post","link":"https:\/\/www.europesays.com\/de\/1020900\/","title":{"rendered":"Bundesliga: FC Augsburg k\u00e4mpft gegen Union Berlin um Europa"},"content":{"rendered":"<p class=\"mb-6 text-xs md:text-m lg:text-l font-serif group-[.font-sans]:font-sans \">\n    Der <a href=\"https:\/\/augsburger-allgemeine.de\/sport\/fc-augsburg\/\" target=\"_self\" class=\"underline \" rel=\"nofollow noopener\">FC Augsburg<\/a> trifft am Samstag, 16. Mai, um 15.30 Uhr auf Union Berlin. Es ist das letzte Spiel der Saison f\u00fcr die Fuggerst\u00e4dter und k\u00f6nnte zudem das letzte Spiel mit Trainer Manuel Baum sein. Vor dem Spiel zeigt sich Baum beinahe zur\u00fcckhaltend, aber dennoch optimistisch. Und das, obwohl f\u00fcnf Spieler am Samstag ausfallen k\u00f6nnten: Arthur Chavez, Dimitris Giannoulis, Elvis Rexhbecaj und Alexis Claude-Maurice. Kristijan Jakic sitzt bis 17. Mai wegen einer Gelbsperre auf der Bank.\n  <\/p>\n<p class=\"mb-6 text-xs md:text-m lg:text-l font-serif group-[.font-sans]:font-sans \">\n    Das sagt Trainer Manuel Baum \u00fcber:\n  <\/p>\n<p class=\"mb-6 text-xs md:text-m lg:text-l font-serif group-[.font-sans]:font-sans \">\n    <strong class=\"font-bold\">&#8230; das letzte Saisonspiel bei Union Berlin:<\/strong>\n  <\/p>\n<p class=\"mb-6 text-xs md:text-m lg:text-l font-serif group-[.font-sans]:font-sans \">\n    W\u00e4hrend der Trainingseinheiten sei das Team \u201eein bissl anders\u201c als in den vergangenen Wochen gewesen. Heute findet das letzte Training vor dem Saisonabschluss statt, aber an der Herangehensweise wird das wohl nichts \u00e4ndern. Baum setzt auf eine \u201egesunde Mischung aus Lockerheit und Fokus\u201c. Er sei kein Freund davon, aus dem Training Leistungen f\u00fcr den Spielgewinn abzuleiten.\n  <\/p>\n<p class=\"mb-6 text-xs md:text-m lg:text-l font-serif group-[.font-sans]:font-sans \">\n    Union Berlin sei ein schwieriger und kampfstarker Gegner, habe \u201erichtig gute Standards\u201c und gute Spieler. Es werde ein \u201ebrutal schwieriges Spiel\u201c, aber das soll das Team nicht aufhalten: \u201eWir sind gut drauf und werden uns reinbei\u00dfen.\u201c Dagegen setzt der Cheftrainer auf die \u201eAugsburger Identit\u00e4t\u201c, was f\u00fcr Baum bedeutet: \u201eWir fighten, wir stehen zusammen, wir erobern B\u00e4lle.\u201c Und diese B\u00e4lle w\u00fcrden dann kreativ umgesetzt. Die Grundlage f\u00fcr das Spiel der Fuggerst\u00e4dter seien die Augsburger Tugenden, alles andere \u201esatteln wir dann drauf\u201c.\n  <\/p>\n<p class=\"mb-6 text-xs md:text-m lg:text-l font-serif group-[.font-sans]:font-sans \">\n    Im Moment sch\u00fcttle der Trainer immer wieder den Kopf vor Fassungslosigkeit: \u201eEs ist brutal, was wir geleistet haben.\u201c Es w\u00e4re \u201ecool\u201c, wenn das Team die Saison jetzt noch vollenden k\u00f6nnte.\n  <\/p>\n<p class=\"mb-6 text-xs md:text-m lg:text-l font-serif group-[.font-sans]:font-sans \">\n    <strong class=\"font-bold\">&#8230; die Ambitionen, mit dem FCA in Europa zu spielen:<\/strong>\n  <\/p>\n<p class=\"mb-6 text-xs md:text-m lg:text-l font-serif group-[.font-sans]:font-sans \">\n    F\u00fcr die Saison hatten sich Trainer und Spieler drei Missionen gesetzt: Klassenerhalt, neunter Platz und nach Europa zu kommen. Zumindest die ersten beiden sind geschafft. Bevor sich der Cheftrainer Gedanken um den Sprung in die Conference League macht, m\u00fcssten sie \u201eerst die Hausaufgaben machen\u201c. F\u00fcr die Mannschaft liege jetzt der volle Fokus auf dem Sieg, \u201edann bin ich guter Dinge, dass wir Tabellenpl\u00e4tze gutmachen\u201c, sagt Baum. Die Mannschaft freue sich \u201eriesig\u201c auf das Spiel.\n  <\/p>\n<p class=\"mb-6 text-xs md:text-m lg:text-l font-serif group-[.font-sans]:font-sans \">\n    F\u00fcr Unterst\u00fctzung und Sch\u00fctzenhilfe hat Baum weder beim VfB Stuttgart noch bei seinem fr\u00fcheren Arbeitgeber RB Leipzig angefragt. Auch er habe bei Spielen gegen \u201edie Gro\u00dfen\u201c eine Nachricht bekommen: \u201eHaut euch rein, w\u00fcrde uns helfen.\u201c Selbst geht Baum den Schritt aber nicht. \u201eWir m\u00fcssen uns selber helfen\u201c, sagt er. Der volle Fokus liege auf der Mannschaft selbst und wenn sie gewinnen, sei er guter Dinge.\n  <\/p>\n<p class=\"mb-6 text-xs md:text-m lg:text-l font-serif group-[.font-sans]:font-sans \">\n    <strong class=\"font-bold\">&#8230; seine Zukunft beim FC Augsburg:<\/strong>\n  <\/p>\n<p class=\"mb-6 text-xs md:text-m lg:text-l font-serif group-[.font-sans]:font-sans \">\n    Zur Frage, ob Baum weiterhin Trainer des FC Augsburg bleibt, will er sich noch nicht \u00e4u\u00dfern. Eine Entscheidung wird voraussichtlich n\u00e4chste Woche verk\u00fcndet. Auch ein Res\u00fcmee zu seiner Zeit m\u00f6chte Baum nicht ziehen. Erst bei der letzten Pressekonferenz k\u00f6nne er dazu etwas sagen. F\u00fcr ihn sei heute nicht der richtige Zeitpunkt.\n  <\/p>\n<p class=\"mb-6 text-xs md:text-m lg:text-l font-serif group-[.font-sans]:font-sans \">\n    Einen kleinen R\u00fcckblick wagt er aber doch. Die Mannschaft sei \u201etotal hei\u00df\u201c gewesen in dieser Saison. Und w\u00e4hrend das Motto f\u00fcr das Spiel gegen Bayern lautete \u201eA Day To Remember\u201c, k\u00f6nnte es mit einem Sieg am Samstag auch die \u201eSeason To Remember\u201c werden. F\u00fcr Baum w\u00e4re das \u201eganz cool\u201c. Gleichzeitig zum Spiel des FCA gegen Union Berlin um 15.30 Uhr finden mehrere Spiele statt:\n  <\/p>\n<ul rel=\"\" class=\"[&amp;&gt;li]:relative list-none  [&amp;&gt;li]:pl-[1.2em] [&amp;&gt;li]:marker:text-[0] [&amp;&gt;li]:relative [&amp;&gt;li]:before:absolute [&amp;&gt;li]:before:w-3 [&amp;&gt;li]:before:h-3 [&amp;&gt;li]:before:bg-brand [&amp;&gt;li]:before:left-0 [&amp;&gt;li]:before:top-[8px] [&amp;&gt;li]:before:rounded-full  my-5\">\n<li class=\" mb-3 text-xs md:text-m lg:text-l\">St. Pauli \u2013 Wolfsburg<\/li>\n<li class=\" mb-3 text-xs md:text-m lg:text-l\">Eintracht Frankfurt \u2013 VfB Stuttgart<\/li>\n<li class=\" mb-3 text-xs md:text-m lg:text-l\">Leverkusen \u2013 HSV<\/li>\n<li class=\" mb-3 text-xs md:text-m lg:text-l\">Bayern \u2013 K\u00f6ln<\/li>\n<li class=\" mb-3 text-xs md:text-m lg:text-l\">Freiburg\u00a0\u2013 RB Leipzig<\/li>\n<li class=\" mb-3 text-xs md:text-m lg:text-l\">Heidenheim\u00a0\u2013 Mainz<\/li>\n<li class=\" mb-3 text-xs md:text-m lg:text-l\">Werder Bremen \u2013 Dortmund<\/li>\n<li class=\" mb-3 text-xs md:text-m lg:text-l\">M\u00f6nchengladbach\u00a0\u2013 Hoffenheim<\/li>\n<\/ul>\n<p class=\"mb-6 text-xs md:text-m lg:text-l font-serif group-[.font-sans]:font-sans \">\n    Zum Ausgang der Spiele wolle Baum w\u00e4hrend der eigenen Spielzeit nichts h\u00f6ren. \u201eWir m\u00fcssen erstmal unser eigenes Ding machen\u201c, sagt er zum Abschluss der Pressekonferenz. Erst nach dem eigenen Spiel schalte er sein Handy ein. F\u00fcr den FCA geht es am Samstag nicht nur um den Sieg eines Fu\u00dfballspiels, sondern auch um m\u00f6gliche Tabellenpl\u00e4tze. Aktuell steht die Mannschaft mit 43 Punkten auf Rang 9 und damit punktgleich mit Eintracht Frankfurt (Rang 8). Die Freiburger haben aktuell nur einen Punkt mehr und liegen auf Rang 7.\n  <\/p>\n","protected":false},"excerpt":{"rendered":"Der FC Augsburg trifft am Samstag, 16. Mai, um 15.30 Uhr auf Union Berlin. Es ist das letzte&hellip;\n","protected":false},"author":2,"featured_media":1020901,"comment_status":"","ping_status":"","sticky":false,"template":"","format":"standard","meta":{"footnotes":"","_share_on_mastodon":"0"},"categories":[3933],"tags":[297,331,332,10589,219419,11733,548,663,158,3934,3935,483,13,17194,92758,14,15,26242,12,219418],"class_list":["post-1020900","post","type-post","status-publish","format-standard","has-post-thumbnail","category-eu","tag-1-fc-union-berlin","tag-aktuelle-nachrichten","tag-aktuelle-news","tag-alexis-claude-maurice","tag-arthur-chavez","tag-conference-league","tag-eu","tag-europa","tag-europaeische-union","tag-europe","tag-european-union","tag-fc-augsburg","tag-headlines","tag-kristijan-jakic","tag-manuel-baum","tag-nachrichten","tag-news","tag-saisonspiel","tag-schlagzeilen","tag-tabellenplatzierung"],"share_on_mastodon":{"url":"https:\/\/pubeurope.com\/@de\/116578564778918477","error":""},"_links":{"self":[{"href":"https:\/\/www.europesays.com\/de\/wp-json\/wp\/v2\/posts\/1020900","targetHints":{"allow":["GET"]}}],"collection":[{"href":"https:\/\/www.europesays.com\/de\/wp-json\/wp\/v2\/posts"}],"about":[{"href":"https:\/\/www.europesays.com\/de\/wp-json\/wp\/v2\/types\/post"}],"author":[{"embeddable":true,"href":"https:\/\/www.europesays.com\/de\/wp-json\/wp\/v2\/users\/2"}],"replies":[{"embeddable":true,"href":"https:\/\/www.europesays.com\/de\/wp-json\/wp\/v2\/comments?post=1020900"}],"version-history":[{"count":0,"href":"https:\/\/www.europesays.com\/de\/wp-json\/wp\/v2\/posts\/1020900\/revisions"}],"wp:featuredmedia":[{"embeddable":true,"href":"https:\/\/www.europesays.com\/de\/wp-json\/wp\/v2\/media\/1020901"}],"wp:attachment":[{"href":"https:\/\/www.europesays.com\/de\/wp-json\/wp\/v2\/media?parent=1020900"}],"wp:term":[{"taxonomy":"category","embeddable":true,"href":"https:\/\/www.europesays.com\/de\/wp-json\/wp\/v2\/categories?post=1020900"},{"taxonomy":"post_tag","embeddable":true,"href":"https:\/\/www.europesays.com\/de\/wp-json\/wp\/v2\/tags?post=1020900"}],"curies":[{"name":"wp","href":"https:\/\/api.w.org\/{rel}","templated":true}]}}