{"id":1021163,"date":"2026-05-15T14:43:19","date_gmt":"2026-05-15T14:43:19","guid":{"rendered":"https:\/\/www.europesays.com\/de\/1021163\/"},"modified":"2026-05-15T14:43:19","modified_gmt":"2026-05-15T14:43:19","slug":"die-eva-stichelt-halt-immer-welche-rolle-nimmt-eva-weber-im-augsburger-stadtrat-ein","status":"publish","type":"post","link":"https:\/\/www.europesays.com\/de\/1021163\/","title":{"rendered":"\u201eDie Eva stichelt halt immer\u201c: Welche Rolle nimmt Eva Weber im Augsburger Stadtrat ein?"},"content":{"rendered":"<p class=\"mb-6 text-xs md:text-m lg:text-l font-serif group-[.font-sans]:font-sans \">\n    Es war kurz vor der ersten Sitzung des Augsburger Stadtrats, als <a href=\"https:\/\/www.augsburger-allgemeine.de\/personen\/aa-eva-weber\" target=\"_self\" class=\"underline \" rel=\"nofollow noopener\">Eva Weber<\/a> in den sozialen Medien einen Post ver\u00f6ffentlichte: \u201eStadtr\u00e4tin Eva Weber meldet sich zum Dienst.\u201c Die abgew\u00e4hlte Oberb\u00fcrgermeisterin zeigte sich im Goldenen Saal und lie\u00df ihre Follower wissen, dass sie sich freue, \u201eihre Expertise weiter f\u00fcr <a href=\"https:\/\/www.augsburger-allgemeine.de\/augsburg\/\" target=\"_self\" class=\"underline \" rel=\"nofollow noopener\">Augsburg<\/a> einbringen zu k\u00f6nnen\u201c. Die Freude in ihrer eigenen Fraktion \u00fcber Webers weiteres Engagement jedoch ist begrenzt. \u201eIch prophezeie jetzt schon, dass es schwierig werden wird\u201c, sagt ein Mitglied. Mit einem Post zu den Gr\u00fcnen auf den sozialen Medien erregte Weber zudem j\u00fcngst Aufmerksamkeit.\n  <\/p>\n","protected":false},"excerpt":{"rendered":"Es war kurz vor der ersten Sitzung des Augsburger Stadtrats, als Eva Weber in den sozialen Medien einen&hellip;\n","protected":false},"author":2,"featured_media":1021164,"comment_status":"","ping_status":"","sticky":false,"template":"","format":"standard","meta":{"footnotes":"","_share_on_mastodon":"0"},"categories":[1846],"tags":[680,772,774,3364,29,548,663,3934,98650,139238,30,13,151533,98651,14,15,219517,12,184,142079],"class_list":["post-1021163","post","type-post","status-publish","format-standard","has-post-thumbnail","category-augsburg","tag-augsburg","tag-bayern","tag-csu","tag-de","tag-deutschland","tag-eu","tag-europa","tag-europe","tag-eva-weber","tag-florian-freund","tag-germany","tag-headlines","tag-leo-dietz","tag-martina-wild","tag-nachrichten","tag-news","tag-sabine-slawik","tag-schlagzeilen","tag-spd","tag-volker-ullrich"],"share_on_mastodon":{"url":"https:\/\/pubeurope.com\/@de\/116579126960062940","error":""},"_links":{"self":[{"href":"https:\/\/www.europesays.com\/de\/wp-json\/wp\/v2\/posts\/1021163","targetHints":{"allow":["GET"]}}],"collection":[{"href":"https:\/\/www.europesays.com\/de\/wp-json\/wp\/v2\/posts"}],"about":[{"href":"https:\/\/www.europesays.com\/de\/wp-json\/wp\/v2\/types\/post"}],"author":[{"embeddable":true,"href":"https:\/\/www.europesays.com\/de\/wp-json\/wp\/v2\/users\/2"}],"replies":[{"embeddable":true,"href":"https:\/\/www.europesays.com\/de\/wp-json\/wp\/v2\/comments?post=1021163"}],"version-history":[{"count":0,"href":"https:\/\/www.europesays.com\/de\/wp-json\/wp\/v2\/posts\/1021163\/revisions"}],"wp:featuredmedia":[{"embeddable":true,"href":"https:\/\/www.europesays.com\/de\/wp-json\/wp\/v2\/media\/1021164"}],"wp:attachment":[{"href":"https:\/\/www.europesays.com\/de\/wp-json\/wp\/v2\/media?parent=1021163"}],"wp:term":[{"taxonomy":"category","embeddable":true,"href":"https:\/\/www.europesays.com\/de\/wp-json\/wp\/v2\/categories?post=1021163"},{"taxonomy":"post_tag","embeddable":true,"href":"https:\/\/www.europesays.com\/de\/wp-json\/wp\/v2\/tags?post=1021163"}],"curies":[{"name":"wp","href":"https:\/\/api.w.org\/{rel}","templated":true}]}}