{"id":102119,"date":"2025-05-11T12:34:11","date_gmt":"2025-05-11T12:34:11","guid":{"rendered":"https:\/\/www.europesays.com\/de\/102119\/"},"modified":"2025-05-11T12:34:11","modified_gmt":"2025-05-11T12:34:11","slug":"dortmunder-u-bleibt-am-sonntag-geschlossen","status":"publish","type":"post","link":"https:\/\/www.europesays.com\/de\/102119\/","title":{"rendered":"Dortmunder U bleibt am Sonntag geschlossen"},"content":{"rendered":"<p>\t\tDortmunder U bleibt am Sonntag geschlossen<br \/>\n\t\t\t\t\tNachricht kurzfristig bekannt gegeben<\/p>\n<p>\t\t<img alt=\"\" src=\"https:\/\/www.europesays.com\/de\/wp-content\/uploads\/2025\/04\/630_0036_1183597_.jpg\"  class=\"avatar avatar-36 photo avatar-default\" height=\"36\" width=\"36\" loading=\"lazy\" decoding=\"async\"\/>\t\t<a class=\"article-author__name\" href=\"https:\/\/www.ruhrnachrichten.de\/author\/julien-maerz\/\" rel=\"author nofollow noopener\" target=\"_blank\">Julien M\u00e4rz<\/a><br \/>\n\t\tFreier Mitarbeiter<\/p>\n<p>\t11.05.2025 13:15 Uhr<\/p>\n<p>\t\tTeilen<\/p>\n<p>\n\tIn Merkliste \u00fcbernehmen\n<\/p>\n<p>    <a href=\"https:\/\/www.ruhrnachrichten.de\/wp-content\/uploads\/2024\/09\/17\/11\/630_0900_4112238_Unionviertel_U_Turm_Dortmunder_U_BIG_Ve-1648x824.jpg\" rel=\"nofollow noopener\" target=\"_blank\"><\/p>\n<p>            <img loading=\"lazy\" decoding=\"async\" src=\"https:\/\/www.europesays.com\/de\/wp-content\/uploads\/2025\/05\/630_0900_4112237_Unionviertel_U_Turm_Dortmunder_U_BIG_Ve-640x428.jpg\" width=\"640\" height=\"428\"  alt=\"Das Dortmunder U.\"\/><\/p>\n<p>    <\/a><br \/>\n    Aufnahmedatum: Juli 2022 im Rahmen der Serie &#8222;\u00dcber den D\u00e4chern von Dortmund&#8220; \u00a9 Thomas Thiel<\/p>\n<p class=\"article__teaser-text\">Das Dortmunder U ist am Sonntag (11. Mai) geschlossen. Noch ist nicht sicher, ob auch die Restaurants Brauturm und Emil betroffen sind.<\/p>\n<p>1 Min Lesezeit<\/p>\n<p>Das <a target=\"_blank\" href=\"https:\/\/www.ruhrnachrichten.de\/dortmund\/dortmunder-u-videos-fliegende-bilder-ballett-xin-peng-wang-w937095-2001374673\/\" data-imported=\"1\" rel=\"nofollow noopener\">Dortmunder U<\/a> bleibt am Sonntag (11. Mai) geschlossen. Diese Nachricht hat das Zentrum f\u00fcr Kunst und Kreativit\u00e4t am Sonntagmorgen \u00fcber seine Website und <a target=\"_blank\" href=\"https:\/\/www.facebook.com\/dortmunderu\/?locale=de_DE\" rel=\"nofollow noopener\">Social-Media-Kan\u00e4le<\/a> ver\u00f6ffentlicht.<\/p>\n<p>\u201eAufgrund eines Unfallgeschehens bleibt das Dortmunder U bis einschlie\u00dflich Montag (12.05.2025) geschlossen\u201c, hei\u00dft es. Der Sonntag ist bei Besuchern des Museums Ostwall im U besonders beliebt. An diesem Tag finden f\u00fcr gew\u00f6hnlich kostenlose F\u00fchrungen statt. Montags ist das Dortmunder U ohnehin dicht.<\/p>\n<p>Unklar ist derzeit, ob auch die Gastronomiebetriebe im U betroffen sind. Eine Tanzveranstaltung im Nachtclub \u201eMoog\u201c wurde am Samstagabend bereits kurzfristig abgesagt. Die Betreiber sprechen in ihrem Statement von einem tragischen Todesfall am Dortmunder U.<\/p>\n<p><img fetchpriority=\"high\" decoding=\"async\" width=\"1024\" height=\"682\" src=\"https:\/\/www.europesays.com\/de\/wp-content\/uploads\/2025\/05\/630_0900_4704778_Dortmunder_U_Einsatz_1-1024x682.jpg\" alt=\"Einsatzfahrzeuge von Polizei und Rettungsdienst stehen vor dem Dortmunder U.\" class=\"wp-image-2001655796\" title=\"Einsatzfahrzeuge von Polizei und Rettungsdienst stehen vor dem Dortmunder U.\"  \/>Am Samstag (10. Mai) waren mehrere Fahrzeuge von Rettungsdienst und Polizei am Dortmunder U im Einsatz.\u00a9 Karsten Wickern<\/p>\n<p>Am Samstagabend hatte es einen Einsatz von <a target=\"_blank\" href=\"https:\/\/ruhrnachrichten.de\/blaulicht-dortmund\/\" data-imported=\"1\" rel=\"nofollow noopener\">Polizei<\/a> und Rettungskr\u00e4ften am gegeben. Mehrere Einsatzfahrzeuge waren auf dem Hof zu sehen.<\/p>\n<p>\n\t<a href=\"https:\/\/www.ruhrnachrichten.de\" class=\"button button--brand button--link home-button\" rel=\"nofollow noopener\" target=\"_blank\">Zur Startseite<\/a><\/p>\n","protected":false},"excerpt":{"rendered":"Dortmunder U bleibt am Sonntag geschlossen Nachricht kurzfristig bekannt gegeben Julien M\u00e4rz Freier Mitarbeiter 11.05.2025 13:15 Uhr Teilen&hellip;\n","protected":false},"author":2,"featured_media":102120,"comment_status":"","ping_status":"","sticky":false,"template":"","format":"standard","meta":{"footnotes":""},"categories":[1833],"tags":[3364,29,217,30,40497,1209,6185],"class_list":{"0":"post-102119","1":"post","2":"type-post","3":"status-publish","4":"format-standard","5":"has-post-thumbnail","7":"category-dortmund","8":"tag-de","9":"tag-deutschland","10":"tag-dortmund","11":"tag-germany","12":"tag-kein-betrieb","13":"tag-nordrhein-westfalen","14":"tag-veranstaltungen-kultur"},"share_on_mastodon":{"url":"https:\/\/pubeurope.com\/@de\/114489227079702467","error":""},"_links":{"self":[{"href":"https:\/\/www.europesays.com\/de\/wp-json\/wp\/v2\/posts\/102119","targetHints":{"allow":["GET"]}}],"collection":[{"href":"https:\/\/www.europesays.com\/de\/wp-json\/wp\/v2\/posts"}],"about":[{"href":"https:\/\/www.europesays.com\/de\/wp-json\/wp\/v2\/types\/post"}],"author":[{"embeddable":true,"href":"https:\/\/www.europesays.com\/de\/wp-json\/wp\/v2\/users\/2"}],"replies":[{"embeddable":true,"href":"https:\/\/www.europesays.com\/de\/wp-json\/wp\/v2\/comments?post=102119"}],"version-history":[{"count":0,"href":"https:\/\/www.europesays.com\/de\/wp-json\/wp\/v2\/posts\/102119\/revisions"}],"wp:featuredmedia":[{"embeddable":true,"href":"https:\/\/www.europesays.com\/de\/wp-json\/wp\/v2\/media\/102120"}],"wp:attachment":[{"href":"https:\/\/www.europesays.com\/de\/wp-json\/wp\/v2\/media?parent=102119"}],"wp:term":[{"taxonomy":"category","embeddable":true,"href":"https:\/\/www.europesays.com\/de\/wp-json\/wp\/v2\/categories?post=102119"},{"taxonomy":"post_tag","embeddable":true,"href":"https:\/\/www.europesays.com\/de\/wp-json\/wp\/v2\/tags?post=102119"}],"curies":[{"name":"wp","href":"https:\/\/api.w.org\/{rel}","templated":true}]}}