{"id":1021875,"date":"2026-05-15T21:16:19","date_gmt":"2026-05-15T21:16:19","guid":{"rendered":"https:\/\/www.europesays.com\/de\/1021875\/"},"modified":"2026-05-15T21:16:19","modified_gmt":"2026-05-15T21:16:19","slug":"fussball-wm-jens-lehmann-und-oliver-kahn-arm-in-arm-sport","status":"publish","type":"post","link":"https:\/\/www.europesays.com\/de\/1021875\/","title":{"rendered":"Fu\u00dfball-WM: Jens Lehmann und Oliver Kahn Arm in Arm | Sport"},"content":{"rendered":"<p><a class=\"skip-content skip-content--link\" href=\"#in-content-skip-link-target-v-0-0\">TTS-Player \u00fcberspringen\u21b5<\/a><a id=\"in-content-skip-link-target-v-0-0\" class=\"skip-content--target-link-hidden skip-content skip-content--target-link\" href=\"#in-content-skip-link-target-v-0-0\">Artikel weiterlesen<\/a><\/p>\n<p><b>Das gro\u00dfe Wiedersehen der Helden von 2006 \u2013 und pl\u00f6tzlich ist dieses Gef\u00fchl wieder da. Es sind Bilder, die Millionen Fu\u00dfball-Fans mitten ins Herz treffen.<\/b><\/p>\n<p><a href=\"https:\/\/www.bild.de\/sport\/leute\/oliver-kahn\/oliver-kahn-alle-infos-76679820.bild.html\" class=\"text-link\" rel=\"nofollow noopener\" target=\"_blank\">Oliver Kahn<\/a> (56), <a href=\"https:\/\/www.bild.de\/sport\/leute\/jens-lehmann\/jens-lehmann-alle-infos-76679428.bild.html\" class=\"text-link\" rel=\"nofollow noopener\" target=\"_blank\">Jens Lehmann<\/a> (56), David Odonkor, <a href=\"https:\/\/www.bild.de\/themen\/personen\/philipp-lahm\/sport-fussball-mix-nachrichten-news-fotos-videos-15817164.bild.html\" class=\"text-link\" rel=\"nofollow noopener\" target=\"_blank\">Philipp Lahm<\/a>, Marcell Jansen \u2013 alte Weggef\u00e4hrten, alte Freunde. M\u00e4nner, die uns vor fast 20 Jahren einen Sommer schenkten, den Deutschland niemals vergessen wird.<\/p>\n<p>Dazu schreibt Titan Oliver Kahn schlicht:<\/p>\n<p>\u201e20 Jahre Sommerm\u00e4rchen. Sch\u00f6n, so viele alte Bekannte wiederzusehen!\u201c<\/p>\n<p><img decoding=\"async\" width=\"992\" height=\"1178\" alt=\"So sehen gl\u00fcckliche WM-Helden aus (von links oben nach rechts unten): Marcell Jansen, Jens Nowotny, Thomas Mai (Zeugwart), Philipp Lahm, Gerald Asamoah, David Odonkor und Oliver Kahn\" src=\"https:\/\/www.europesays.com\/de\/wp-content\/uploads\/2026\/05\/09ab243a34264bacc4245f1649b58ab6,1a01a3f9.jpeg\"   class=\"portrait\" loading=\"lazy\" useforarticleimagegallerylightbox=\"true\"\/><\/p>\n<p class=\"fig__caption__text\">So sehen gl\u00fcckliche WM-Helden aus (von links oben nach rechts unten): Marcell Jansen, Jens Nowotny, Thomas Mai (Zeugwart), Philipp Lahm, Gerald Asamoah, David Odonkor und Oliver Kahn<\/p>\n<p>Foto: Oliver Kahn\/Instagram<\/p>\n<p>Und sofort sind sie wieder da: Die Erinnerungen an laue Sommerabende. An Fahnen aus Autofenstern. An hupende Korsos. An \u201ePublic Viewing\u201c mit wildfremden Menschen, die sich pl\u00f6tzlich in den Armen lagen.<\/p>\n<p>Die <a href=\"https:\/\/www.bild.de\/sport\/fussball\/fifa-wm-2026-QNToDBgFYEJ5vy2KN6mE\" class=\"text-link\" rel=\"nofollow noopener\" target=\"_blank\">WM 2006<\/a> war mehr als nur ein Fu\u00dfballturnier. Sie war ein Gef\u00fchl.<\/p>\n<p>Ganz Deutschland war damals vereint \u2013 in Hoffnung, Euphorie und dieser unglaublichen Lust auf Fu\u00dfball. Wochenlang schien das Land nur noch in Schwarz-Rot-Gold zu leuchten. Menschen feierten friedlich auf den Stra\u00dfen, Familien, Freunde und ganze St\u00e4dte r\u00fcckten zusammen.<\/p>\n<p>Mehr zum Thema<\/p>\n<p>Und mittendrin: J\u00fcrgen Klinsmanns (61) Mannschaft, die niemand so richtig auf dem Zettel hatte \u2013 und die pl\u00f6tzlich ganz Deutschland verzauberte.<\/p>\n<p>Da war Philipp Lahms Traumtor im Er\u00f6ffnungsspiel gegen Costa Rica. Da war das nervenaufreibende Elfmeterschie\u00dfen gegen Argentinien im Viertelfinale \u2013 mit Jens Lehmanns legend\u00e4rem Spickzettel. <\/p>\n<p>Da war Miroslav Klose (47), der Tor um Tor traf und dank f\u00fcnf Treffern den \u201eGoldenen Schuh\u201c erhielt.<\/p>\n<p><img decoding=\"async\" width=\"992\" height=\"1178\" alt=\"Miro Klose und sein Salto nach seinem F\u00fchrungstreffer gegen Ecuador\" src=\"https:\/\/www.europesays.com\/de\/wp-content\/uploads\/2026\/05\/dd90cc821a03391d6b356bd103665f8d,a3d8db03.jpeg\"   class=\"portrait\" loading=\"lazy\" useforarticleimagegallerylightbox=\"true\"\/><\/p>\n<p class=\"fig__caption__text\">Miro Klose und sein Salto nach seinem F\u00fchrungstreffer gegen Ecuador<\/p>\n<p>Foto: Peter M\u00fcller<\/p>\n<p>Und da war dieses Gef\u00fchl: \u201eWir k\u00f6nnen tats\u00e4chlich Weltmeister werden!\u201c<\/p>\n<p>Am Ende platzte der gro\u00dfe Traum im Halbfinale gegen Italien. Zwei sp\u00e4te Gegentore in der Verl\u00e4ngerung \u2013 ein kollektiver Herzschmerz f\u00fcr das ganze Land.<\/p>\n<p>Doch die Mannschaft stand wieder auf. Im Spiel um Platz 3 besiegte Deutschland Portugal mit 3:1. Ein vers\u00f6hnlicher Abschluss. Offiziell nur Bronze. F\u00fcr viele f\u00fchlte es sich damals trotzdem wie ein Titel an.<\/p>\n<p><img decoding=\"async\" width=\"992\" height=\"684\" alt=\"J\u00fcrgen Klinsmann und Joachim L\u00f6w feierte den Sieg im Spiel um Platz 3\" src=\"https:\/\/www.europesays.com\/de\/wp-content\/uploads\/2026\/05\/35431c9f9bfb65d93a42531e17aaf3f9,e82f72e9.jpeg\"   class=\"dynamic\" loading=\"lazy\" useforarticleimagegallerylightbox=\"true\"\/><\/p>\n<p class=\"fig__caption__text\">J\u00fcrgen Klinsmann und Joachim L\u00f6w feierten den Sieg im Spiel um Platz 3 <\/p>\n<p>Foto: dpa<\/p>\n<p>Denn diese WM hat etwas geschafft, das weit \u00fcber <a href=\"https:\/\/www.bild.de\/sport\/fussball\/europameisterschaft\/fussball-em-43703782.bild.html\" class=\"text-link\" rel=\"nofollow noopener\" target=\"_blank\">Fu\u00dfball<\/a> hinausging. Sie hat ein Land begeistert, emotionalisiert und zusammengebracht. Deutschland zeigte sich offen, fr\u00f6hlich und voller Lebensgef\u00fchl \u2013 wie vielleicht nie zuvor. Jetzt, fast zwei Jahrzehnte sp\u00e4ter, treffen sich die Helden von damals wieder. Ein paar graue Haare mehr, ein paar Lachfalten tiefer. Doch auf den Bildern sieht man sofort: Diese Verbindung ist geblieben.<\/p>\n<p>Und mit ihr die Erinnerung an einen Sommer, den wir alle nie vergessen werden.<\/p>\n","protected":false},"excerpt":{"rendered":"TTS-Player \u00fcberspringen\u21b5Artikel weiterlesen Das gro\u00dfe Wiedersehen der Helden von 2006 \u2013 und pl\u00f6tzlich ist dieses Gef\u00fchl wieder da.&hellip;\n","protected":false},"author":2,"featured_media":1021876,"comment_status":"","ping_status":"","sticky":false,"template":"","format":"standard","meta":{"footnotes":"","_share_on_mastodon":"0"},"categories":[136],"tags":[1263,1260,29,481,109223,30,116304,116305,10539,265],"class_list":["post-1021875","post","type-post","status-publish","format-standard","has-post-thumbnail","category-sport","tag-aufmacher-bereich","tag-deutsche-nationalmannschaft","tag-deutschland","tag-dfb","tag-fussball-wm-2006","tag-germany","tag-kahn-oliver","tag-lehmann-jens","tag-loew-joachim","tag-sport"],"share_on_mastodon":{"url":"https:\/\/pubeurope.com\/@de\/116580672715647061","error":""},"_links":{"self":[{"href":"https:\/\/www.europesays.com\/de\/wp-json\/wp\/v2\/posts\/1021875","targetHints":{"allow":["GET"]}}],"collection":[{"href":"https:\/\/www.europesays.com\/de\/wp-json\/wp\/v2\/posts"}],"about":[{"href":"https:\/\/www.europesays.com\/de\/wp-json\/wp\/v2\/types\/post"}],"author":[{"embeddable":true,"href":"https:\/\/www.europesays.com\/de\/wp-json\/wp\/v2\/users\/2"}],"replies":[{"embeddable":true,"href":"https:\/\/www.europesays.com\/de\/wp-json\/wp\/v2\/comments?post=1021875"}],"version-history":[{"count":0,"href":"https:\/\/www.europesays.com\/de\/wp-json\/wp\/v2\/posts\/1021875\/revisions"}],"wp:featuredmedia":[{"embeddable":true,"href":"https:\/\/www.europesays.com\/de\/wp-json\/wp\/v2\/media\/1021876"}],"wp:attachment":[{"href":"https:\/\/www.europesays.com\/de\/wp-json\/wp\/v2\/media?parent=1021875"}],"wp:term":[{"taxonomy":"category","embeddable":true,"href":"https:\/\/www.europesays.com\/de\/wp-json\/wp\/v2\/categories?post=1021875"},{"taxonomy":"post_tag","embeddable":true,"href":"https:\/\/www.europesays.com\/de\/wp-json\/wp\/v2\/tags?post=1021875"}],"curies":[{"name":"wp","href":"https:\/\/api.w.org\/{rel}","templated":true}]}}