{"id":1021907,"date":"2026-05-15T21:35:28","date_gmt":"2026-05-15T21:35:28","guid":{"rendered":"https:\/\/www.europesays.com\/de\/1021907\/"},"modified":"2026-05-15T21:35:28","modified_gmt":"2026-05-15T21:35:28","slug":"rundfunkbeitrag-der-streit-ums-geld-karlsruhe-als-letzte-hoffnung-der-sender","status":"publish","type":"post","link":"https:\/\/www.europesays.com\/de\/1021907\/","title":{"rendered":"Rundfunkbeitrag: Der Streit ums Geld \u2013 Karlsruhe als letzte Hoffnung der Sender"},"content":{"rendered":"<p>                            <img loading=\"lazy\" decoding=\"async\" src=\"https:\/\/www.europesays.com\/de\/wp-content\/uploads\/2026\/05\/master_rundfunk-c6d88d3f851cd067.jpeg\"  width=\"1280\" height=\"720\"  alt=\"Geldschein und M\u00fcnzen und ein Schreiben vom Beitragsservice\" class=\"img-responsive\"\/><\/p>\n<p class=\"caption akwa-caption__text\"><a href=\"https:\/\/www.shutterstock.com\/de\/image-photo\/germany-february-172022-there-change-payment-2124954251?trackingId=fa2216ea-5bd7-4b57-8233-919354e93eae&amp;listId=searchResults\" target=\"_blank\" rel=\"external noopener nofollow\">Bild<\/a>: Shutterstock.com<\/p>\n<p class=\"lead beitraganriss\">ARD und ZDF klagen in Karlsruhe. L\u00e4nder blockieren Beitragserh\u00f6hung. Kann die neue KEF-Empfehlung die Klage zu Fall bringen?<\/p>\n<p>Das lange Warten auf den Termin hat ein Ende: Das Bundesverfassungsgericht hat gestern bekannt gegeben, dass es am <a href=\"https:\/\/www.ariva.de\/news\/bundesverfassungsgericht-verhandelt-im-juni-zum-12006359\" rel=\"external noopener nofollow\" target=\"_blank\">23. Juni \u00fcber Verfassungsbeschwerden von ARD und ZDF<\/a> verhandeln werde.<\/p>\n<p>        Weiterlesen nach der Anzeige<\/p>\n<p>Die \u00f6ffentlich-rechtlichen Sender hatten im November 2024 Klage erhoben, weil die Bundesl\u00e4nder die urspr\u00fcnglich von der Kommission zur Ermittlung des Finanzbedarfs der Rundfunkanstalten (KEF) empfohlene Erh\u00f6hung von 18,36 Euro auf 18,94 Euro pro Monat zum 1. Januar 2025 blockiert hatten.<\/p>\n<p>ARD und ZDF sehen darin eine <a href=\"https:\/\/medien.epd.de\/article\/4659\" rel=\"external noopener nofollow\" target=\"_blank\">Verletzung ihres Grundrechts auf Rundfunkfreiheit<\/a> nach Artikel 5 des Grundgesetzes.<\/p>\n<p><strong>KEF korrigiert Empfehlung nach unten<\/strong><\/p>\n<p>Im Februar 2026 legte die KEF, wie sich bereits Ende 2025 angedeutet hatte, eine neue, deutlich niedrigere Empfehlung vor: Statt einer Erh\u00f6hung auf 18,94 Euro schl\u00e4gt die Kommission nun nur noch 18,64 Euro vor: ab Januar 2027.<\/p>\n<p>Die KEF begr\u00fcndet dies mit <a href=\"https:\/\/kef-online.de\/presse\/detail\/kef-empfiehlt-deutlich-geringere-anhebung-des-rundfunkbeitrag\" rel=\"external noopener nofollow\" target=\"_blank\">unerwartet hohen Mehreinnahmen von rund 504 Millionen Euro bis 2028<\/a>, die vor allem durch mehr beitragspflichtige Haushalte und gestiegene Finanzertr\u00e4ge zustande kommen \u2013 was allerdings nicht f\u00fcr jeden Sender zutrifft, zu sehen etwa an der Situation des MDR.<\/p>\n<p>        Weiterlesen nach der Anzeige<\/p>\n<p>&#8222;Die Feststellungen des 25. Berichts stellen allerdings die Ergebnisse des 24. Berichts nicht in Frage&#8220;, erkl\u00e4rte im Februar der Vorsitzende der Kommission zur Ermittlung des Finanzbedarfs der Rundfunkanstalten, <a href=\"https:\/\/kef-online.de\/presse\/detail\/kef-empfiehlt-deutlich-geringere-anhebung-des-rundfunkbeitrags\" rel=\"external noopener nofollow\" target=\"_blank\">Martin Detzel<\/a>.<\/p>\n<p><strong>Juristische Einsch\u00e4tzung: Klage durch neue KEF-Einsch\u00e4tzung hinf\u00e4llig?<\/strong><\/p>\n<p>Die neue Empfehlung hatte eine juristische Debatte ausgel\u00f6st. Das Rechtsmagazin <a href=\"https:\/\/www.lto.de\/recht\/hintergruende\/h\/neue-empfehlung-kef-kommission-rundfunkbeitrag\" rel=\"external noopener nofollow\" target=\"_blank\">Legal Tribune Online<\/a> bewertete in einem Kommentar vom 23. Februar 2026, der einiges Aufsehen erregte, die Verfassungsbeschwerde von ARD und ZDF als &#8222;pl\u00f6tzlich chancenlos&#8220;.<\/p>\n<p>Der Autor Christian Rath argumentierte: Da die KEF eine Erh\u00f6hung erst ab 2027 f\u00fcr erforderlich halte, lasse sich kaum noch f\u00fcr einen gegenw\u00e4rtigen Finanzierungsverzug f\u00fcr die Jahre 2025 und 2026 argumentieren.<\/p>\n<p>Wenn die L\u00e4nder den Rundfunkbeitrag erst zum Januar 2027 erh\u00f6hen m\u00fcssen, haben sie bisher auch nichts vers\u00e4umt, so die Argumentation. Die Verfassungsbeschwerde, dass die Unt\u00e4tigkeit der L\u00e4nder &#8222;gegenw\u00e4rtig&#8220; die Rundfunkfreiheit verletze, habe damit keine Grundlage mehr.<\/p>\n<p><strong>Sender und KEF widersprechen dieser Einsch\u00e4tzung<\/strong><\/p>\n<p>ARD und ZDF widersprachen dieser Einsch\u00e4tzung. &#8222;Wir haben Verfassungsbeschwerde erhoben, weil die L\u00e4nder das verfassungsrechtlich gesch\u00fctzte staatsferne Finanzierungsverfahren nicht eingehalten haben und eine funktionsgerechte Finanzierung des \u00f6ffentlich-rechtlichen Rundfunks nicht gew\u00e4hrleistet ist&#8220;, teilte die ARD gegen\u00fcber dem Branchenmagazin <a href=\"https:\/\/www.dwdl.de\/magazin\/105891\/neue_kefempfehlung_was_wird_aus_der_verfassungsbeschwerde_\/\" rel=\"external noopener nofollow\" target=\"_blank\">DWDL.de<\/a> mit.<\/p>\n<p class=\"indent rte__abs--indent\">&#8222;Dieser Verfassungsversto\u00df ist mit dem Vorliegen des Entwurfs des 25. KEF-Berichts nicht behoben.&#8220;<\/p>\n<p>Auch die KEF selbst widerspricht der Einsch\u00e4tzung, die Verfassungsbeschwerde sei gegenstandslos geworden. KEF-Gesch\u00e4ftsf\u00fchrer Tim Sch\u00f6nborn erkl\u00e4rte gegen\u00fcber <a href=\"https:\/\/www.dwdl.de\/magazin\/105891\/neue_kefempfehlung_was_wird_aus_der_verfassungsbeschwerde_\/\" rel=\"external noopener nofollow\" target=\"_blank\">DWDL.de<\/a>, die Kommission halte die Verfassungsbeschwerde &#8222;nach wie vor f\u00fcr begr\u00fcndet, da die in der ARD zusammengeschlossenen Landesrundfunkanstalten und das ZDF seit dem 1. Januar 2025 nicht ihrem festgestellten Bedarf entsprechend finanziert und daher in ihrem Grundrecht der Rundfunkfreiheit verletzt sind&#8220;.<\/p>\n<p>Die Begr\u00fcndung: Die KEF betrachtet immer einen vierj\u00e4hrigen Zeitraum. F\u00fcr die gesamte Beitragsperiode 2025 bis 2028 sei die bedarfsgerechte Finanzierung mit den aktuellen 18,36 Euro nicht gegeben.<\/p>\n<p><strong>Grundsatzfragen zur Rundfunkfinanzierung<\/strong><\/p>\n<p>Das Bundesverfassungsgericht wird sich in der Verhandlung am 23. Juni mit grunds\u00e4tzlichen Fragen zur Rundfunkfinanzierung befassen. Es geht unter anderem um die Anforderungen der Rundfunkfreiheit an die Entscheidung \u00fcber die H\u00f6he des Rundfunkbeitrags und an eine Abweichung vom Beitragsvorschlag sowie darum, wie das Gebot der bedarfsgerechten Finanzierung gew\u00e4hrleistet werden kann.<\/p>\n<p>Ein Urteil wird einige Monate nach der Verhandlung erwartet. Der aktuelle Rundfunkbeitrag betr\u00e4gt 18,36 Euro monatlich und finanziert mit rund 8,5 Milliarden Euro j\u00e4hrlich ARD, ZDF und Deutschlandradio.<\/p>\n<p><strong>Politischer Widerstand bleibt bestehen<\/strong><\/p>\n<p>Die politischen Fronten bleiben verh\u00e4rtet. Auch die neue, geringere Beitragsempfehlung von 18,64 Euro st\u00f6\u00dft auf Ablehnung. Sachsens Staatskanzleichef Alexander Handschuh, Sprecher der Medienpolitik der Unionsl\u00e4nder, erkl\u00e4rte auch die 28-Cent-Erh\u00f6hung f\u00fcr <a href=\"https:\/\/www.telepolis.de\/article\/Rundfunkbeitrag-28-Cent-mehr-und-trotzdem-keine-Einigung-in-Sicht-11187660.html\" rel=\"nofollow noopener\" target=\"_blank\">&#8222;nicht vermittelbar&#8220;<\/a>.<\/p>\n<p>Eine geplante Reform des Rundfunkfinanzierungsstaatsvertrags, die das Einstimmigkeitsprinzip bei der Beitragsfestsetzung kippen sollte, scheiterte Ende 2025 an der fehlenden Unterschrift der Ministerpr\u00e4sidenten von Bayern, Sachsen-Anhalt und Sachsen.<\/p>\n<p>F\u00fcr die Beitragszahler bedeutet das vorerst: Der aktuelle Satz von 18,36 Euro bleibt bestehen. Wann eine Erh\u00f6hung kommt und wie hoch sie ausf\u00e4llt, l\u00e4sst sich weiterhin nicht vorhersagen. Alle Augen richten sich nun auf die Entscheidung des Bundesverfassungsgerichts.<\/p>\n","protected":false},"excerpt":{"rendered":"Bild: Shutterstock.com ARD und ZDF klagen in Karlsruhe. L\u00e4nder blockieren Beitragserh\u00f6hung. Kann die neue KEF-Empfehlung die Klage zu&hellip;\n","protected":false},"author":2,"featured_media":1021908,"comment_status":"","ping_status":"","sticky":false,"template":"","format":"standard","meta":{"footnotes":"","_share_on_mastodon":"0"},"categories":[1844],"tags":[1634,5441,3364,29,30,8903,44362,5849],"class_list":["post-1021907","post","type-post","status-publish","format-standard","has-post-thumbnail","category-karlsruhe","tag-baden-wuerttemberg","tag-bundesverfassungsgericht","tag-de","tag-deutschland","tag-germany","tag-karlsruhe","tag-oeffentlich-rechtliche-sender","tag-rundfunkbeitrag"],"share_on_mastodon":{"url":"https:\/\/pubeurope.com\/@de\/116580747183248797","error":""},"_links":{"self":[{"href":"https:\/\/www.europesays.com\/de\/wp-json\/wp\/v2\/posts\/1021907","targetHints":{"allow":["GET"]}}],"collection":[{"href":"https:\/\/www.europesays.com\/de\/wp-json\/wp\/v2\/posts"}],"about":[{"href":"https:\/\/www.europesays.com\/de\/wp-json\/wp\/v2\/types\/post"}],"author":[{"embeddable":true,"href":"https:\/\/www.europesays.com\/de\/wp-json\/wp\/v2\/users\/2"}],"replies":[{"embeddable":true,"href":"https:\/\/www.europesays.com\/de\/wp-json\/wp\/v2\/comments?post=1021907"}],"version-history":[{"count":0,"href":"https:\/\/www.europesays.com\/de\/wp-json\/wp\/v2\/posts\/1021907\/revisions"}],"wp:featuredmedia":[{"embeddable":true,"href":"https:\/\/www.europesays.com\/de\/wp-json\/wp\/v2\/media\/1021908"}],"wp:attachment":[{"href":"https:\/\/www.europesays.com\/de\/wp-json\/wp\/v2\/media?parent=1021907"}],"wp:term":[{"taxonomy":"category","embeddable":true,"href":"https:\/\/www.europesays.com\/de\/wp-json\/wp\/v2\/categories?post=1021907"},{"taxonomy":"post_tag","embeddable":true,"href":"https:\/\/www.europesays.com\/de\/wp-json\/wp\/v2\/tags?post=1021907"}],"curies":[{"name":"wp","href":"https:\/\/api.w.org\/{rel}","templated":true}]}}