{"id":1022026,"date":"2026-05-15T22:41:22","date_gmt":"2026-05-15T22:41:22","guid":{"rendered":"https:\/\/www.europesays.com\/de\/1022026\/"},"modified":"2026-05-15T22:41:22","modified_gmt":"2026-05-15T22:41:22","slug":"tuerkei-oppositioneller-buergermeister-zu-mehr-als-46-jahren-haft-verurteilt","status":"publish","type":"post","link":"https:\/\/www.europesays.com\/de\/1022026\/","title":{"rendered":"T\u00fcrkei: Oppositioneller B\u00fcrgermeister zu mehr als 46 Jahren Haft verurteilt"},"content":{"rendered":"<p class=\"paragraph article__item\">Ein <a href=\"https:\/\/www.zeit.de\/thema\/tuerkei\" target=\"_blank\" rel=\"nofollow noopener\">t\u00fcrkisches<\/a> Gericht hat den fr\u00fcheren Bezirksb\u00fcrgermeister der Stadt Manavgat, Niyazi Nefi Kara, zu mehr als 46 Jahren Gef\u00e4ngnis verurteilt. Kara war Mitglied der gr\u00f6\u00dften Oppositionspartei <a class=\"rtr-entity\" href=\"https:\/\/www.zeit.de\/thema\/cumhuriyet-halk-partisi\" rel=\"nofollow noopener\" target=\"_blank\">CHP<\/a>, bevor er wenige Monate nach seiner Amtsenthebung aus der Partei austrat.\n<\/p>\n<p class=\"paragraph article__item\">Die staatliche Nachrichtenagentur Anadolu berichtete, das Gericht habe ihn unter anderem wegen Korruption, Geldw\u00e4sche und der Leitung einer kriminellen Organisation schuldig gesprochen. Mehr als 40 Personen standen in dem Verfahren vor Gericht. Auch der fr\u00fchere stellvertretende B\u00fcrgermeister von Manavgat wurde zu 40 Jahren Haft sowie einer Geldstrafe verurteilt.\n<\/p>\n<p class=\"paragraph article__item\">Das Urteil steht im Kontext einer Reihe von Strafverfahren gegen kommunale Funktion\u00e4re der CHP. Zahlreiche B\u00fcrgermeister der Partei sitzen derzeit in Untersuchungshaft. Der bekannteste Fall ist der des fr\u00fcheren <a href=\"https:\/\/www.zeit.de\/thema\/istanbul\" target=\"_blank\" rel=\"nofollow noopener\">Istanbuler<\/a> Oberb\u00fcrgermeisters <a href=\"https:\/\/www.zeit.de\/thema\/ekrem-i-mamo-lu\" target=\"_blank\" rel=\"nofollow noopener\">Ekrem \u0130mamo\u011flu<\/a>, der im vergangenen Jahr verhaftet und als B\u00fcrgermeister abgesetzt worden war. Seine Festnahme hatte landesweite Proteste ausgel\u00f6st. Im M\u00e4rz begann <a href=\"https:\/\/www.zeit.de\/politik\/ausland\/2026-05\/ekrem-imamoglu-buergermeister-istanbul-spionagevorwurf-gericht\" target=\"_blank\" rel=\"nofollow noopener\">der Hauptprozess<\/a> gegen ihn. Laut Anadolu drohen ihm mehr als 2.000 Jahre Haft.\n<\/p>\n<p class=\"paragraph article__item\">Die CHP wertet die Verfahren als politisch motivierte Kampagne der Regierung von Pr\u00e4sident Recep Tayyip Erdo\u011fan. Erdo\u011fans Partei AKP hatte bei den Kommunalwahlen die Kontrolle \u00fcber mehrere wichtige Gro\u00dfst\u00e4dte verloren. Erdogan weist jeden Vorwurf der Einflussnahme auf die Justiz zur\u00fcck.\n<\/p>\n<p>Mehr zum Thema <\/p>\n<p>                <a href=\"https:\/\/www.zeit.de\/politik\/ausland\/2025-11\/tuerkei-ekrem-imamoglu-gefaengnis-kurden-friedensverhandlung-5vor8\" data-ct-label=\"T\u00fcrkei: Die einen am Tisch, die anderen im Knast\" data-uuid=\"e558ec24-2f65-47f8-9526-913c4c54422e\" rel=\"nofollow noopener\" target=\"_blank\"><\/p>\n<p>                        T\u00fcrkei:<br \/>\n                        Die einen am Tisch, die anderen im Knast<\/p>\n<p>                <\/a><\/p>\n<p>                <a href=\"https:\/\/www.zeit.de\/politik\/ausland\/2025-11\/tuerkische-opposition-haftstrafe-ekrem-imamoglu-chp-recep-tayyip-erdogan\" data-ct-label=\"T\u00fcrkische Opposition: Lieber nicht mehr mit Erdo\u011fan anlegen\" data-uuid=\"5a642f32-4939-4cb0-83a5-43071c5343f0\" rel=\"nofollow noopener\" target=\"_blank\"><\/p>\n<p>                        T\u00fcrkische Opposition:<br \/>\n                        Lieber nicht mehr mit Erdo\u011fan anlegen<\/p>\n<p>                <\/a><\/p>\n","protected":false},"excerpt":{"rendered":"Ein t\u00fcrkisches Gericht hat den fr\u00fcheren Bezirksb\u00fcrgermeister der Stadt Manavgat, Niyazi Nefi Kara, zu mehr als 46 Jahren&hellip;\n","protected":false},"author":2,"featured_media":1022027,"comment_status":"","ping_status":"","sticky":false,"template":"","format":"standard","meta":{"footnotes":"","_share_on_mastodon":"0"},"categories":[3],"tags":[40787,15941,219638,13,219637,14,15,219636,16,12,10,8,9,11,143,103,104],"class_list":["post-1022026","post","type-post","status-publish","format-standard","has-post-thumbnail","category-welt","tag-anadolu","tag-antalya","tag-cumhuriyet-halk-partisi","tag-headlines","tag-manavgat","tag-nachrichten","tag-news","tag-niyazi-nefi-kara","tag-politik","tag-schlagzeilen","tag-top-news","tag-top-meldungen","tag-topmeldungen","tag-topnews","tag-tuerkei","tag-welt","tag-world"],"share_on_mastodon":{"url":"https:\/\/pubeurope.com\/@de\/116581006469056945","error":""},"_links":{"self":[{"href":"https:\/\/www.europesays.com\/de\/wp-json\/wp\/v2\/posts\/1022026","targetHints":{"allow":["GET"]}}],"collection":[{"href":"https:\/\/www.europesays.com\/de\/wp-json\/wp\/v2\/posts"}],"about":[{"href":"https:\/\/www.europesays.com\/de\/wp-json\/wp\/v2\/types\/post"}],"author":[{"embeddable":true,"href":"https:\/\/www.europesays.com\/de\/wp-json\/wp\/v2\/users\/2"}],"replies":[{"embeddable":true,"href":"https:\/\/www.europesays.com\/de\/wp-json\/wp\/v2\/comments?post=1022026"}],"version-history":[{"count":0,"href":"https:\/\/www.europesays.com\/de\/wp-json\/wp\/v2\/posts\/1022026\/revisions"}],"wp:featuredmedia":[{"embeddable":true,"href":"https:\/\/www.europesays.com\/de\/wp-json\/wp\/v2\/media\/1022027"}],"wp:attachment":[{"href":"https:\/\/www.europesays.com\/de\/wp-json\/wp\/v2\/media?parent=1022026"}],"wp:term":[{"taxonomy":"category","embeddable":true,"href":"https:\/\/www.europesays.com\/de\/wp-json\/wp\/v2\/categories?post=1022026"},{"taxonomy":"post_tag","embeddable":true,"href":"https:\/\/www.europesays.com\/de\/wp-json\/wp\/v2\/tags?post=1022026"}],"curies":[{"name":"wp","href":"https:\/\/api.w.org\/{rel}","templated":true}]}}