{"id":1022164,"date":"2026-05-16T00:05:18","date_gmt":"2026-05-16T00:05:18","guid":{"rendered":"https:\/\/www.europesays.com\/de\/1022164\/"},"modified":"2026-05-16T00:05:18","modified_gmt":"2026-05-16T00:05:18","slug":"sohn-von-hoffenheim-trainer-ilzer-gemobbt","status":"publish","type":"post","link":"https:\/\/www.europesays.com\/de\/1022164\/","title":{"rendered":"Sohn von Hoffenheim-Trainer Ilzer gemobbt"},"content":{"rendered":"<p>&#8222;Reiche Sau&#8220; gerufen und geschlagen <\/p>\n<p>Sohn von Bundesliga-Trainer wegen Vater gemobbt<\/p>\n<p>16.05.2026 &#8211; 01:00 UhrLesedauer: 2 Min.<\/p>\n<p><a href=\"#focus-0\" class=\"transition-colors duration-200 block text-current relative\" data-sctrack=\"FocusGalleryImage.Reference\"><img fetchpriority=\"high\" data-testid=\"Opener.Image\"   loading=\"eager\" src=\"https:\/\/www.europesays.com\/de\/wp-content\/uploads\/2026\/05\/v-l-n-r-trainer-christian-ilzer-tsg-1899-hoffenheim-im-bundesliga-spiel-zwischen-der-tsg-1899-hoffen.jpeg\" alt=\"imago images 1077253752\" title=\"imago images 1077253752\" width=\"4000\" height=\"2250\" class=\"bg-[url:var(--lqipURL)] bg-cover bg-center flex h-full w-full max-w-full\" style=\"--lqipURL:url('https:\/\/images.t-online.de\/2026\/05\/I8O0P3CEGTI0\/0x208:4000x2250\/fit-in\/150x0\/filters:blur(25)\/v-l-n-r-trainer-christian-ilzer-tsg-1899-hoffenheim-im-bundesliga-spiel-zwischen-der-tsg-1899-hoffenheim-sv-werder-bremen-in-der-prezero-arena-sinsheim-deutschland-am-9-mai-2026-in-action-during-the-bundesliga-match-between-tsg-1899-hoffenheim-and-sv-werder-bremen-at-the-prezero-arena-sinsheim-germany-on-may-9-2026-dfb-dfl-regulations-prohibit-any-use-of-photographs-as-image-sequences-and-or-quasi-video-f-l-n-r-coach-christian-ilzer-tsg-1899-hoffenheim-in-the-bundesliga-match-between.jpg')\" decoding=\"async\"\/><img loading=\"lazy\" src=\"https:\/\/www.t-online.de\/s\/paper\/_next\/static\/media\/zoom-in.f7dae02f.svg\" alt=\"Vergr\u00f6\u00dfern des Bildes\" title=\"Vergr\u00f6\u00dfern des Bildes\" class=\"block h-[calc(var(--height)_\/_16_*_1rem)] w-[calc(var(--width)_\/_16_*_1rem)] max-w-none absolute bottom-8 right-8 rounded-4 bg-snow p-8\" style=\"--width:32;--height:32\" decoding=\"async\"\/><\/a><\/p>\n<p>Hoffenheims Christian Ilzer: Sein Sohn wurde wegen seines Familiennamens angegriffen. (Quelle: IMAGO\/Heiko Becker\/imago)<\/p>\n<p><img loading=\"lazy\" src=\"https:\/\/www.t-online.de\/s\/paper\/_next\/static\/media\/audio-volume.6689034c.svg\" alt=\"\" title=\"\" class=\"block h-[calc(var(--height)_\/_16_*_1rem)] w-[calc(var(--width)_\/_16_*_1rem)] max-w-none group-hover:brightness-0 group-hover:invert\" style=\"--width:16;--height:16\" decoding=\"async\"\/>Vorlesen<\/p>\n<p>Aktuelle Zeit:0:00Gesamtdauer:0:00<\/p>\n<p>1x<\/p>\n<p class=\"text-center\">Jetzt neu bei t-online:<\/p>\n<p class=\"text-center\">Schriftgr\u00f6\u00dfe anpassen!<\/p>\n<p><img loading=\"lazy\" src=\"https:\/\/www.t-online.de\/s\/paper\/_next\/static\/media\/font-sizes.32942e33.svg\" alt=\"\" title=\"\" class=\"block h-[calc(var(--height)_\/_16_*_1rem)] w-[calc(var(--width)_\/_16_*_1rem)] max-w-none group-hover:hidden group-aria-expanded:hidden\" style=\"--width:16;--height:16\" decoding=\"async\"\/><img loading=\"lazy\" src=\"https:\/\/www.t-online.de\/s\/paper\/_next\/static\/media\/font-sizes-dark-mode.e382645c.svg\" alt=\"\" title=\"\" class=\"block h-[calc(var(--height)_\/_16_*_1rem)] w-[calc(var(--width)_\/_16_*_1rem)] max-w-none hidden group-hover:block group-aria-expanded:block\" style=\"--width:16;--height:16\" decoding=\"async\"\/><img loading=\"lazy\" src=\"https:\/\/www.t-online.de\/s\/paper\/_next\/static\/media\/sharing-menu-icon.1eb71368.svg\" alt=\"\" title=\"\" class=\"block h-[calc(var(--height)_\/_16_*_1rem)] w-[calc(var(--width)_\/_16_*_1rem)] max-w-none group-hover:brightness-0 group-hover:invert\" style=\"--width:16;--height:16\" decoding=\"async\"\/>Artikel teilen<\/p>\n<p class=\"font-bold text-18 leading-17 user-text-lg:text-22 user-text-xl:text-24\">Sein Vater trainiert in der Bundesliga, er selbst k\u00e4mpft im K\u00e4fig. Doch bevor Romeo Ilzer zum MMA-Fighter wurde, erlebte er in der Schule etwas, das ihn bis heute pr\u00e4gt.<\/p>\n<p class=\"text-18 leading-17 user-text-lg:text-22 user-text-xl:text-24\">Romeo Ilzer hat einen gro\u00dfen Traum: Der 19-J\u00e4hrige will als Profi-K\u00e4mpfer in die UFC, die weltgr\u00f6\u00dfte Mixed-Martial-Arts-Liga. Doch bevor er im K\u00e4fig k\u00e4mpfte, musste der Sohn von Hoffenheim-Trainer <a class=\"transition-colors duration-200 cursor-pointer text-inherit no-underline text-salemsfur md:hover:text-magenta md:hover:border-magenta md:focus:text-magenta border-current border-b border-solid break-words\" data-tracking=\"{&quot;action&quot;:&quot;click&quot;,&quot;category&quot;:&quot;intextLink&quot;,&quot;label&quot;:&quot;\/themen\/christian-ilzer\/&quot;}\" href=\"https:\/\/www.t-online.de\/themen\/christian-ilzer\/\" data-sctrack=\"BodyAnchor\" rel=\"nofollow noopener\" target=\"_blank\">Christian Ilzer<\/a> ganz andere K\u00e4mpfe bestehen \u2013 in der Schule.<\/p>\n<p class=\"text-18 leading-17 user-text-lg:text-22 user-text-xl:text-24\">Im Podcast &#8222;Mind Games&#8220; berichtete der Promi-Sohn, wie er in der Mittelschule wegen des Nachnamens seines Vaters gemobbt wurde. &#8222;Da war es wirklich das erste Mal, wo ich <a class=\"transition-colors duration-200 cursor-pointer text-inherit no-underline text-salemsfur md:hover:text-magenta md:hover:border-magenta md:focus:text-magenta border-current border-b border-solid break-words\" data-tracking=\"{&quot;action&quot;:&quot;click&quot;,&quot;category&quot;:&quot;intextLink&quot;,&quot;label&quot;:&quot;\/leben\/familie\/teens\/id_62897932\/mobbing-in-der-schule-das-sind-warnsignale.html&quot;}\" href=\"https:\/\/www.t-online.de\/leben\/familie\/teens\/id_62897932\/mobbing-in-der-schule-das-sind-warnsignale.html\" data-sctrack=\"BodyAnchor\" rel=\"nofollow noopener\" target=\"_blank\">Mobbing<\/a> erlebt habe. Das war eigentlich der Punkt, an dem ich gesehen habe: Okay, die Welt dreht sich nicht nur um Sonnenschein und Regenbogen, sondern es gibt auch Menschen, die es nicht gut mit dir meinen&#8220;, erinnert sich der \u00d6sterreicher.<\/p>\n<p><a href=\"#focus-1\" class=\"transition-colors duration-200 block text-current relative\" data-sctrack=\"FocusGalleryImage.Reference\"><img   loading=\"lazy\" src=\"https:\/\/www.europesays.com\/de\/wp-content\/uploads\/2026\/05\/romeo-ilzer-beim-training-der-mma-sportler-hatte-in-der-schule-zu-leiden-weil-sein-vater-bundesligat.webp\" alt=\"Romeo Ilzer beim Training: Der MMA-Sportler hatte in der Schule zu leiden, weil sein Vater Bundesligatrainer war.\" title=\"Romeo Ilzer beim Training: Der MMA-Sportler hatte in der Schule zu leiden, weil sein Vater Bundesligatrainer war.\" width=\"1066\" height=\"600\" class=\"h-full w-full max-w-full rounded-8\" decoding=\"async\"\/><img loading=\"lazy\" src=\"https:\/\/www.t-online.de\/s\/paper\/_next\/static\/media\/zoom-in.f7dae02f.svg\" alt=\"Vergr\u00f6\u00dfern des Bildes\" title=\"Vergr\u00f6\u00dfern des Bildes\" class=\"block h-[calc(var(--height)_\/_16_*_1rem)] w-[calc(var(--width)_\/_16_*_1rem)] max-w-none absolute bottom-8 right-8 rounded-4 bg-snow p-8\" style=\"--width:32;--height:32\" decoding=\"async\"\/>Romeo Ilzer beim Training: Der MMA-Sportler hatte in der Schule zu leiden, weil sein Vater Bundesligatrainer war. (Quelle: Phantom Athletics)<\/a><\/p>\n<p class=\"text-18 leading-17 user-text-lg:text-22 user-text-xl:text-24\">Der Vorwurf: Reichtum. Die Realit\u00e4t: eine andere. &#8222;Es gab damals die Spr\u00fcche: &#8218;Der hat so viel Geld, der hat das, der hat das&#8216; \u2013 obwohl es eigentlich gar nicht so war, aber die Leute haben es halt geglaubt. Ich wurde als &#8218;reiche Sau&#8216; bezeichnet und habe wirklich auch mal eine Ohrfeige gekriegt&#8220;, sagte er im Podcast. Sein Vater war damals Trainer in \u00d6sterreich.<\/p>\n<p>Hilfe kam von seiner Mutter<\/p>\n<p class=\"text-18 leading-17 user-text-lg:text-22 user-text-xl:text-24\">Geholfen habe ihm schlie\u00dflich seine Mutter. &#8222;Meine Mutter l\u00e4sst sich nichts gefallen, vor allem, wenn es um ihre Kinder geht. Da sieht sie sofort Rot. Sie ist dann am n\u00e4chsten Tag mit mir in die Schule mitgegangen und hat gefragt: &#8218;Wer war das?&#8216; Und ich so: &#8218;Der, der, der.&#8216; Dann ist sie gleich hin und hat gesagt: &#8218;Wehe, du nennst meinen Bub noch einmal reiche Sau!&#8216; Danach war Ruhe.&#8220;<\/p>\n<p class=\"text-18 leading-17 user-text-lg:text-22 user-text-xl:text-24\">Trotz dieser Erfahrungen ist Romeo heute &#8222;wirklich stolz, den Namen tragen zu d\u00fcrfen.&#8220; Sein Vater sei f\u00fcr ihn ein Vorbild \u2013 vor allem wegen seiner Disziplin. &#8222;Mein Vater ist ein absolutes Arbeitsmonster, es ist unfassbar, wie viel er arbeitet. Ich w\u00fcrde meine Hand daf\u00fcr ins Feuer legen, dass er jeden Tag 12 Stunden arbeitet. Da, wo er ist, ist er nicht aus Zufall&#8220;, sagte der MMA-Sportler.<\/p>\n","protected":false},"excerpt":{"rendered":"&#8222;Reiche Sau&#8220; gerufen und geschlagen Sohn von Bundesliga-Trainer wegen Vater gemobbt 16.05.2026 &#8211; 01:00 UhrLesedauer: 2 Min. Hoffenheims&hellip;\n","protected":false},"author":2,"featured_media":1022165,"comment_status":"","ping_status":"","sticky":false,"template":"","format":"standard","meta":{"footnotes":"","_share_on_mastodon":"0"},"categories":[136],"tags":[1217,969,29,30,8844,14902,7453,17728,1433,966,265],"class_list":["post-1022164","post","type-post","status-publish","format-standard","has-post-thumbnail","category-sport","tag-1217","tag-christian-ilzer","tag-deutschland","tag-germany","tag-hoffenheim","tag-kaefig","tag-kampf","tag-mma","tag-oesterreich","tag-schule","tag-sport"],"share_on_mastodon":{"url":"https:\/\/pubeurope.com\/@de\/116581337690360604","error":""},"_links":{"self":[{"href":"https:\/\/www.europesays.com\/de\/wp-json\/wp\/v2\/posts\/1022164","targetHints":{"allow":["GET"]}}],"collection":[{"href":"https:\/\/www.europesays.com\/de\/wp-json\/wp\/v2\/posts"}],"about":[{"href":"https:\/\/www.europesays.com\/de\/wp-json\/wp\/v2\/types\/post"}],"author":[{"embeddable":true,"href":"https:\/\/www.europesays.com\/de\/wp-json\/wp\/v2\/users\/2"}],"replies":[{"embeddable":true,"href":"https:\/\/www.europesays.com\/de\/wp-json\/wp\/v2\/comments?post=1022164"}],"version-history":[{"count":0,"href":"https:\/\/www.europesays.com\/de\/wp-json\/wp\/v2\/posts\/1022164\/revisions"}],"wp:featuredmedia":[{"embeddable":true,"href":"https:\/\/www.europesays.com\/de\/wp-json\/wp\/v2\/media\/1022165"}],"wp:attachment":[{"href":"https:\/\/www.europesays.com\/de\/wp-json\/wp\/v2\/media?parent=1022164"}],"wp:term":[{"taxonomy":"category","embeddable":true,"href":"https:\/\/www.europesays.com\/de\/wp-json\/wp\/v2\/categories?post=1022164"},{"taxonomy":"post_tag","embeddable":true,"href":"https:\/\/www.europesays.com\/de\/wp-json\/wp\/v2\/tags?post=1022164"}],"curies":[{"name":"wp","href":"https:\/\/api.w.org\/{rel}","templated":true}]}}