{"id":1022342,"date":"2026-05-16T01:57:25","date_gmt":"2026-05-16T01:57:25","guid":{"rendered":"https:\/\/www.europesays.com\/de\/1022342\/"},"modified":"2026-05-16T01:57:25","modified_gmt":"2026-05-16T01:57:25","slug":"badepark-oeffnet-am-28-mai-woerth","status":"publish","type":"post","link":"https:\/\/www.europesays.com\/de\/1022342\/","title":{"rendered":"Badepark \u00f6ffnet am 28. Mai &#8211; W\u00f6rth"},"content":{"rendered":"<p><b\/> Am 28. Mai startet der Badepark <a class=\"rtr-entity\" data-rtr-entity=\"W\u00f6rth\" data-rtr-id=\"c68b4afdf45a0ab361d35b4a6813e0800f76b867\" data-rtr-score=\"43.39142091152815\" data-rtr-etype=\"location\" data-rtr-index=\"4\" href=\"https:\/\/www.rheinpfalz.de\/themen\/woerth-am-rhein?utm_source=rheinpfalz.de&amp;utm_medium=tms&amp;utm_campaign=intext\" rel=\"nofollow noopener\" target=\"_blank\">W\u00f6rth<\/a> in die neue Saison. W\u00e4hrend der Vorsaison bis einschlie\u00dflich Sonntag, 14. Juni, ist der Badepark t\u00e4glich von 10 bis 19 Uhr ge\u00f6ffnet. Ab Montag, 15. Juni, sind die \u00d6ffnungszeiten t\u00e4glich von 9 bis 20 Uhr, an Samstagen und Sonn- und Feiertagen von 9 bis 19 Uhr. Fr\u00fchbadetag ist immer freitags ab 7 Uhr. Der B\u00e4derbetrieb der Stadt W\u00f6rth am r\u00e4t dazu, f\u00fcr den Kauf von Eintrittskarte n den Onlineshop unter https:\/\/shop.baeder-woerth.de zu nutzen. Mit den E-Tickets kann der Badepark direkt \u00fcber die Drehkreuze betreten werden.  Vor Ort ist am Kassenautomaten nur Kartenzahlung m\u00f6glich. Der Eintritt betr\u00e4gt wie im vergangenen Jahr 9 Euro f\u00fcr Erwachsene und 5 Euro f\u00fcr Jugendliche. Die Saisonkarte macht es g\u00fcnstiger: f\u00fcr nur 110 Euro f\u00fcr Erwachsene bzw. 55 Euro f\u00fcr Jugendliche ist sie vom 1. Mai bis 31. Dezember  g\u00fcltig. Aktuelle Informationen sind jederzeit auf der Homepage der B\u00e4der unter www.baeder-woerth.de erh\u00e4ltlich; telefonisch ist der Badepark zu den \u00d6ffnungszeiten unter 07271 131-480 erreichbar. Der letzte \u00d6ffnungstag des Hallenbades ist am Samstag, 23. Mai.<\/p>\n","protected":false},"excerpt":{"rendered":"Am 28. Mai startet der Badepark W\u00f6rth in die neue Saison. W\u00e4hrend der Vorsaison bis einschlie\u00dflich Sonntag, 14.&hellip;\n","protected":false},"author":2,"featured_media":1022343,"comment_status":"","ping_status":"","sticky":false,"template":"","format":"standard","meta":{"footnotes":"","_share_on_mastodon":"0"},"categories":[1844],"tags":[1634,50562,3364,29,30,8903,4060,26148],"class_list":["post-1022342","post","type-post","status-publish","format-standard","has-post-thumbnail","category-karlsruhe","tag-baden-wuerttemberg","tag-badepark","tag-de","tag-deutschland","tag-germany","tag-karlsruhe","tag-lokal","tag-woerth"],"share_on_mastodon":{"url":"https:\/\/pubeurope.com\/@de\/116581777516913513","error":""},"_links":{"self":[{"href":"https:\/\/www.europesays.com\/de\/wp-json\/wp\/v2\/posts\/1022342","targetHints":{"allow":["GET"]}}],"collection":[{"href":"https:\/\/www.europesays.com\/de\/wp-json\/wp\/v2\/posts"}],"about":[{"href":"https:\/\/www.europesays.com\/de\/wp-json\/wp\/v2\/types\/post"}],"author":[{"embeddable":true,"href":"https:\/\/www.europesays.com\/de\/wp-json\/wp\/v2\/users\/2"}],"replies":[{"embeddable":true,"href":"https:\/\/www.europesays.com\/de\/wp-json\/wp\/v2\/comments?post=1022342"}],"version-history":[{"count":0,"href":"https:\/\/www.europesays.com\/de\/wp-json\/wp\/v2\/posts\/1022342\/revisions"}],"wp:featuredmedia":[{"embeddable":true,"href":"https:\/\/www.europesays.com\/de\/wp-json\/wp\/v2\/media\/1022343"}],"wp:attachment":[{"href":"https:\/\/www.europesays.com\/de\/wp-json\/wp\/v2\/media?parent=1022342"}],"wp:term":[{"taxonomy":"category","embeddable":true,"href":"https:\/\/www.europesays.com\/de\/wp-json\/wp\/v2\/categories?post=1022342"},{"taxonomy":"post_tag","embeddable":true,"href":"https:\/\/www.europesays.com\/de\/wp-json\/wp\/v2\/tags?post=1022342"}],"curies":[{"name":"wp","href":"https:\/\/api.w.org\/{rel}","templated":true}]}}