{"id":1022390,"date":"2026-05-16T02:26:14","date_gmt":"2026-05-16T02:26:14","guid":{"rendered":"https:\/\/www.europesays.com\/de\/1022390\/"},"modified":"2026-05-16T02:26:14","modified_gmt":"2026-05-16T02:26:14","slug":"dresden-musical-ueber-magier-der-hitler-verzauberte","status":"publish","type":"post","link":"https:\/\/www.europesays.com\/de\/1022390\/","title":{"rendered":"Dresden: Musical \u00fcber Magier, der Hitler verzauberte"},"content":{"rendered":"<p>Staatsoperette Dresden wird zu Broadway<\/p>\n<p class=\"text\">\nChefdirigent Michael Ellis Ingram erkl\u00e4rte, das St\u00fcck zeige bewusst beide Seiten Schreibers: &#8222;Die gro\u00dfe Show, die Unterhaltung, das Verzaubern \u2013 und andererseits diese dunkleren Kapitel in seiner Lebensgeschichte.&#8220; Zeitlich wie musikalisch gehe das St\u00fcck durch 50 Jahre, etwa von 1910 bis 1960.\n<\/p>\n<p class=\"text\">\nLaut Intendantin Kondaurow wird das Orchester in einer besonderen Klangvielfalt zu erleben sein: &#8222;Mit gro\u00dfen Broadway-Kl\u00e4ngen, herzerw\u00e4rmenden Balladen, auch romantischen Kl\u00e4ngen im Orchester.&#8220;\n<\/p>\n<p><a name=\"Zauberer\">Zauberer<\/a> posierte mit Hitler und Goebbels<\/p>\n<p class=\"text\">\nSchreiber, der 1903 in Stuttgart als Fabrikantensohn zur Welt kam, begann seine Karriere im Filmgesch\u00e4ft. &#8222;Er war Produzent von deutlich antisemitischen Filmen&#8220;, sagte Kondaurow. Parallel dazu habe er &#8222;nebenbei seine Zauberf\u00e4higkeiten perfektioniert&#8220;.\n<\/p>\n<blockquote>\n<p class=\"text\">Er war der Lieblingsmagier des F\u00fchrers.<\/p>\n<p>Kathrin Kondaurow<br \/>\nIntendantin der Staatsoperette Dresden<\/p>\n<\/blockquote>\n<p class=\"text\">\nIm Nationalsozialismus sei Schreiber schnell aufgestiegen, auch durch Auftritte f\u00fcr f\u00fchrende NS-Politiker, so die Intendantin: &#8222;Er war der Lieblingsmagier des F\u00fchrers.&#8220; Fotos zeigten ihn gemeinsam mit Adolf Hitler und Joseph Goebbels auf dem Obersalzberg. Als Pr\u00e4sident des Magischen Zirkels, einer Vereinigung der Zauberk\u00fcnstler, habe Schreiber\u00a0j\u00fcdische Kollegen &#8222;ausgegrenzt und verraten lassen&#8220;.\n<\/p>\n<p class=\"text\">\nNach dem Krieg sei es ihm dennoch gelungen, seine Karriere problemlos fortzusetzen.\u00a0In der Bundesrepublik richtete er in den 50er-Jahren als &#8222;magischer Doktor&#8220; gro\u00dfe Tourneen aus und fasste kurzzeitig auch im Fernsehen Fu\u00df.\n<\/p>\n<p><a name=\"Stilisierte\">Stilisierte<\/a> sich zum Opfer des NS<\/p>\n<p class=\"text\">\nSeine T\u00e4terschaft hat Schreiber immer gekonnt von sich gewiesen. In s\u00e4mtlichen Verh\u00f6rsituationen sei es ihm gelungen, &#8222;die Wahrheit zurechtzubiegen und sich in eine Opferrolle zu begeben und vorzugeben, er sei eher im Widerstand gewesen als tats\u00e4chlich in der T\u00e4terrolle&#8220;, so Kondaurow.\n<\/p>\n<blockquote>\n<p class=\"text\">Er ist ein gro\u00dfer Verf\u00fchrer, ein Magier, der mit allen Mitteln seiner Kunst uns an der Nase herumzuf\u00fchren wei\u00df.<\/p>\n<p>Kathrin Kondaurow<br \/>\nIntendantin der Staatsoperette Dresden<\/p>\n<\/blockquote>\n<p class=\"text\">\nSeine Strategien w\u00fcrden im Musical vorgef\u00fchrt, k\u00fcndigte die Intendantin an: &#8222;Wir werden in unserem St\u00fcck eine wirklich tolle Verh\u00f6rszene sehen, wo drei britische Offiziere ihn in die Mangel nehmen und ihn nach seinem Parteiabzeichen fragen.&#8220; Auf einem Dokument sei dieses deutlich zu erkennen. Schreiber winde sich jedoch heraus und behaupte: &#8222;Das ist gar kein Parteiabzeichen, das ist das Emblem des Magischen Zirkels.&#8220;\n<\/p>\n<p><a name=\"Verfuehrung\">Verf\u00fchrung<\/a> als Stilmittel f\u00fcr Musical<\/p>\n<p class=\"text\">\nVor diesem Hintergrund spiele auch der Titel &#8222;Das magische Leben des Dr. Schreiber&#8220; mit der Tatsache, dass er sich die Wahrheiten immer zurechtbiege, erkl\u00e4rte Kondaurow. &#8222;Er ist ein gro\u00dfer Verf\u00fchrer, ein Magier, der uns mit allen Mitteln seiner Kunst an der Nase herumzuf\u00fchren wei\u00df.&#8220;\n<\/p>\n<p class=\"text\">\nVerf\u00fchrung sei deshalb das stilistische Mittel des Abends. So werde im Musical die vierte Wand bewusst ge\u00f6ffnet: In einem Song richte sich die Figur Helmut Schreiber direkt an das Publikum und stelle die Frage: &#8222;Was w\u00fcrden Sie tun?&#8220; Am Ende sei es am Publikum, &#8222;ihn in die Ecke zu dr\u00e4ngen&#8220; und seine T\u00e4terschaft zu benennen, so die Intendantin.<\/p>\n","protected":false},"excerpt":{"rendered":"Staatsoperette Dresden wird zu Broadway Chefdirigent Michael Ellis Ingram erkl\u00e4rte, das St\u00fcck zeige bewusst beide Seiten Schreibers: &#8222;Die&hellip;\n","protected":false},"author":2,"featured_media":1022391,"comment_status":"","ping_status":"","sticky":false,"template":"","format":"standard","meta":{"footnotes":"","_share_on_mastodon":"0"},"categories":[1835],"tags":[18808,3364,29,2386,30,66,12221,81,12368,859,219699,58561],"class_list":["post-1022390","post","type-post","status-publish","format-standard","has-post-thumbnail","category-dresden","tag-zauberer","tag-de","tag-deutschland","tag-dresden","tag-germany","tag-kulturnachrichten","tag-magie","tag-mdr","tag-musical","tag-sachsen","tag-simsalabim","tag-staatsoperette"],"share_on_mastodon":{"url":"https:\/\/pubeurope.com\/@de\/116581891143779665","error":""},"_links":{"self":[{"href":"https:\/\/www.europesays.com\/de\/wp-json\/wp\/v2\/posts\/1022390","targetHints":{"allow":["GET"]}}],"collection":[{"href":"https:\/\/www.europesays.com\/de\/wp-json\/wp\/v2\/posts"}],"about":[{"href":"https:\/\/www.europesays.com\/de\/wp-json\/wp\/v2\/types\/post"}],"author":[{"embeddable":true,"href":"https:\/\/www.europesays.com\/de\/wp-json\/wp\/v2\/users\/2"}],"replies":[{"embeddable":true,"href":"https:\/\/www.europesays.com\/de\/wp-json\/wp\/v2\/comments?post=1022390"}],"version-history":[{"count":0,"href":"https:\/\/www.europesays.com\/de\/wp-json\/wp\/v2\/posts\/1022390\/revisions"}],"wp:featuredmedia":[{"embeddable":true,"href":"https:\/\/www.europesays.com\/de\/wp-json\/wp\/v2\/media\/1022391"}],"wp:attachment":[{"href":"https:\/\/www.europesays.com\/de\/wp-json\/wp\/v2\/media?parent=1022390"}],"wp:term":[{"taxonomy":"category","embeddable":true,"href":"https:\/\/www.europesays.com\/de\/wp-json\/wp\/v2\/categories?post=1022390"},{"taxonomy":"post_tag","embeddable":true,"href":"https:\/\/www.europesays.com\/de\/wp-json\/wp\/v2\/tags?post=1022390"}],"curies":[{"name":"wp","href":"https:\/\/api.w.org\/{rel}","templated":true}]}}