{"id":1022583,"date":"2026-05-16T04:19:16","date_gmt":"2026-05-16T04:19:16","guid":{"rendered":"https:\/\/www.europesays.com\/de\/1022583\/"},"modified":"2026-05-16T04:19:16","modified_gmt":"2026-05-16T04:19:16","slug":"ambitionierter-wohnbau-in-stuttgart-holz-und-beton-wie-stuttgarter-architekten-das-mehrfamilienhaus-neu-erfanden","status":"publish","type":"post","link":"https:\/\/www.europesays.com\/de\/1022583\/","title":{"rendered":"Ambitionierter Wohnbau in Stuttgart: Holz und Beton: Wie Stuttgarter Architekten das Mehrfamilienhaus neu erfanden"},"content":{"rendered":"<p>Kaum ist man um die Ecke gebogen, wird man angesprochen. Von einer unbekannten Frau, Mitte drei\u00dfig vielleicht, mit Kinderwagen. Ihre schweigende Freundin ist mit dabei. Die Frau mit dem Kinderwagen ist sehr neugierig. <\/p>\n<p>Man h\u00e4tte mich beim Vorbeigehen im angeregten Gespr\u00e4ch mit zwei Herren bemerkt, ich w\u00e4re doch gerade in dem neuen Haus mit der dunkelgrauen Fassade gewesen, nicht wahr, wahrscheinlich wegen einer Wohnungsbesichtigung. Ob es denn noch freie Wohnungen g\u00e4be? Zur Miete oder zum Kauf? Wie gro\u00df die Wohnungen denn w\u00e4ren? Und der Quadratmeterpreis? <\/p>\n<p>Markante Erker, f\u00fcnf Stockwerke <\/p>\n<p>Man k\u00f6nnte nach dieser spontanen Begegnung in <a href=\"https:\/\/www.stuttgarter-zeitung.de\/thema\/Stuttgart\" title=\"Stuttgart\" class=\"art_thema\" rel=\"nofollow noopener\" target=\"_blank\">Stuttgart<\/a>-Wangen durchaus konstatieren: die Statistiken l\u00fcgen nicht. Die Menschen sind tats\u00e4chlich auf der Suche nach Wohnraum, gerade in den urbanen Ballungsr\u00e4umen. Man sucht und findet wenig, <a href=\"https:\/\/www.stuttgarter-zeitung.de\/inhalt.ideen-gegen-wohnungsnot-stuttgart-muss-mehr-wien-wagen-der-traum-von-einer-bezahlbaren-wohnung.0cf985dc-1df5-462c-b0d3-721ad3b47dee.html\" target=\"_blank\" rel=\"nofollow noopener\">denn es wird zu wenig gebaut<\/a>. <a href=\"https:\/\/www.stuttgarter-zeitung.de\/inhalt.wohnungsmarkt-in-stuttgart-alte-villa-soll-einer-wohnmaschine-weichen-anwohner-wehren-sich.c1c7d8f7-7f57-49ce-a9b6-b446793c9c96.html\" target=\"_blank\" rel=\"nofollow noopener\">Gerade Familien suchen oft verzweifelt <\/a>jahrelang nach gr\u00f6\u00dferen Wohnungen im Stadtzentrum, Senioren wiederum finden kaum bezahlbare Bleiben, die barrierefrei gestaltet sind und einen Aufzug besitzen.<\/p>\n<p>Umso auff\u00e4lliger ist das frisch erstellte Wohnhaus in der N\u00e4hterstra\u00dfe. Der <a href=\"https:\/\/www.stuttgarter-zeitung.de\/inhalt.wohnen-in-stuttgart-cooler-klinker-eines-der-schoensten-mietshaeuser-der-stadt-steht-in-feuerbach.02911c87-3fbb-4275-9d97-3f7a17ce4816.html\" target=\"_blank\" rel=\"nofollow noopener\">architektonisch ambitionierte Bau<\/a> ist auch deswegen in dieser Umgebung ungew\u00f6hnlich, weil es eine Holz-Hybridkonstruktion ist. F\u00fcnf Stockwerke, mit markanten Erkern versehen. Unter- und Erdgeschoss bestehen aus Stahlbeton und bilden das Fundament f\u00fcr den dar\u00fcber errichteten Holzbau.<\/p>\n<p>Die eingebauten Holz-Beton-Verbunddecken zwischen den Geschossen sind ebenfalls nicht der handels\u00fcbliche Standard, haben aber den entscheidenden Vorteil gegen\u00fcber herk\u00f6mmlichen Deckensystemen, dass sie in Form von Fertigteilen vorgefertigt und an Ort und Stelle montiert werden k\u00f6nnen. <\/p>\n<p>Relativ schnelle Bauzeit in Stuttgart <\/p>\n<p>Diese Arbeitsweise galt aber nicht nur f\u00fcr die Geschossdecken. \u201eDamit der Rohbau schneller errichtet werden konnte, haben wir mit einem h\u00f6heren Vorfertigungsgrad gearbeitet, etwa bei den Nasszellen. Das erm\u00f6glichte eine schnelle Handhabung auf der Baustelle und den Gewerken ohne allzu lange Wartezeiten.\u201c <\/p>\n<p>Marc Jansen war als Projektleiter f\u00fcr die Gustav Epple Baukonzept GmbH mit Sitz in Ostfildern verantwortlich f\u00fcr die Umsetzung des straff geplanten Baukonzepts. Er ist bei der Besichtigung sichtlich stolz und erleichtert. Nach akribischer Vorbereitung wurde das Haus 2025 fertiggestellt, Baubeginn war 2023. <\/p>\n<p> Jeder Quadratzentimeter z\u00e4hlt in <a href=\"https:\/\/www.stuttgarter-zeitung.de\/thema\/Stuttgart-Wangen\" title=\"Stuttgart-Wangen\" class=\"art_thema\" rel=\"nofollow noopener\" target=\"_blank\">Stuttgart-Wangen<\/a> <\/p>\n<p>Das klingt sportlich, schlie\u00dflich wurde das <a href=\"https:\/\/www.stuttgarter-zeitung.de\/thema\/Mehrfamilienhaus\" title=\"Mehrfamilienhaus\" class=\"art_thema\" rel=\"nofollow noopener\" target=\"_blank\">Mehrfamilienhaus<\/a> mit acht Eigentumswohnungen \u2013 die Einheiten haben 47 bis 99 Quadratmeter Wohnfl\u00e4che \u2013 nicht auf der gr\u00fcnen Wiese realisiert, sondern mitten in Stuttgart-Wangen, zentrumsnah, am Fu\u00dfe der Wangener H\u00f6he, auf einem zuvor unbebauten Grundst\u00fcck. <\/p>\n<p>Stichwort: Nachverdichtung im st\u00e4dtischen Raum. \u201eWir wollten den Wohnraum maximieren\u201c, sagt der technische Leiter Marc Jansen. Gut, dass man keine neuen Stra\u00dfen oder Wege anlegen musste, das war und ist im \u00f6ffentlichen Interesse. Und dennoch wird einem bewusst, dass an so einer neuralgischen Stelle jeder Quadratzentimeter z\u00e4hlt, um ausreichend Wohnraum zu schaffen.<\/p>\n<p> Stuttgarter Balkonbr\u00fcstungen erinnern an Paris <\/p>\n<p>Also geht es hier sehr eng zu, das merkte man sp\u00e4testens bei der Einrichtung der Baustelle. Der Abstand zum Nachbarhaus? Es fehlt nicht viel und man k\u00f6nnte sich von Wohnung zu Wohnung die Hand geben. Und dann w\u00e4ren da noch <a href=\"https:\/\/www.stuttgarter-zeitung.de\/inhalt.schoen-wohnen-in-stuttgart-zwei-brueder-bauen-das-denkmalgeschuetzte-haus-der-oma-um.d17d94f6-94b3-415e-a2b3-533b78826afb.html\" target=\"_blank\" rel=\"nofollow noopener\">die Bestandsbauten aus unterschiedlichsten Bauepochen<\/a> in der unmittelbaren Nachbarschaft, die den Charakter des Viertels pr\u00e4gen. Als Planer kann man das freilich ignorieren. <\/p>\n<p>   <img decoding=\"async\" loading=\"lazy\" src=\"https:\/\/www.europesays.com\/de\/wp-content\/uploads\/2026\/05\/media.media.16765b5d-e59e-4f13-ab2b-7fc02c314173.original1024.media.jpeg\"\/>     Nachverdichtung in gewachsener Siedlung: der Neubau in Stuttgart-Wangen    Foto: Pakula &amp; Fischer    <\/p>\n<p>Oder darauf eingehen, dass die H\u00e4userzeile nebenan<a href=\"https:\/\/www.stuttgarter-zeitung.de\/inhalt.schoen-wohnen-in-stuttgart-eine-junge-familie-zeigt-ihre-perfekt-sanierte-stadtvilla-aus-den-30er-jahren.511b36e5-63bd-4ad9-9833-f6f4c69e03fc.html\" target=\"_blank\" rel=\"nofollow noopener\"> wahrscheinlich aus den 1930er Jahren <\/a> <a href=\"\" target=\"_blank\"\/>eine pr\u00e4gnante Fassade aufweist. \u201eMit den Erkern reagieren wir auf den Kontext der Umgebung\u201c, sagt Eduard Fischer von Pakula &amp; Fischer Architekten, als er vor dem Haus steht und auf die L\u00e4rchenholzfassade zeigt. <\/p>\n<p>Die Details wirken \u00fcberzeugend. Das Satteldach schlie\u00dft b\u00fcndig ab, die abgerundete Ecke zur Stra\u00dfe verleiht dem Bauk\u00f6rper etwas Spielerisches, die filigranen Balkonbr\u00fcstungen erinnern an Pariser Fenster, da hat sich jemand wirklich etwas gedacht. \u201eMan sieht es an der Aufst\u00e4nderung oder an der aufgel\u00f6sten Ecke \u2013 das Geb\u00e4ude sollte eine gewisse Leichtigkeit erhalten\u201c, sagt Eduard Fischer. <\/p>\n<p> Architekturb\u00fcro im Stuttgarter Westen  <\/p>\n<p>Pakula &amp; Fischer wurde vor zehn Jahren von Jakub Pakula und Eduard Fischer gegr\u00fcndet, das B\u00fcro findet sich im Stuttgarter Westen. Und wie das so ist, hat man sich als noch relativ junges Team im Westen eingerichtet, der Arbeitsplatz, die Schulen f\u00fcr die Kinder. Trotzdem h\u00e4tte Eduard Fischer nach der Fertigstellung des Geb\u00e4udes in Stuttgart-Wangen beinahe die Umzugskartons gepackt. \u201eWir sind sehr gl\u00fccklich mit dem architektonischen Ergebnis. Ich selbst habe ernsthaft dar\u00fcber nachgedacht, mit meiner Familie in eine der Wohnungen zu ziehen.\u201c <\/p>\n<p> Helles Parkett, dunkle K\u00fcche  <\/p>\n<p>Das ist schon mal ein gutes Zeichen, wenn ein Architekt mit seinen Liebsten bereitwillig in jenes Haus ziehen w\u00fcrde, f\u00fcr das es gestalterisch verantwortlich zeichnet. Und wenn man dann in einer der noch nicht verkauften Wohnungen steht, wei\u00df man auch, warum. Knapp 80 Quadratmeter gro\u00df, heller Parkettboden, ein Balkon \u2013 und die dunkle K\u00fcchenzeile im offenen Wohn- und Essbereich mit den hochwertigen Ger\u00e4ten wartet bereits auf die neuen Eigent\u00fcmer. <\/p>\n<p>Das Bad samt bodengleicher Dusche, gro\u00dfformatige Fliesen und kleinem L\u00fcftungsfenster ist wie schon erw\u00e4hnt vorgefertigt eingebaut worden, aber das sieht man an keiner Stelle. Alles wirkt sehr wertig. Die Fu\u00dfbodenheizung wird \u00fcber eine <a href=\"https:\/\/www.stuttgarter-zeitung.de\/thema\/W%C3%A4rmepumpe\" title=\"W\u00e4rmepumpe\" class=\"art_thema\" rel=\"nofollow noopener\" target=\"_blank\">W\u00e4rmepumpe<\/a> im Hof betrieben. Und vor der Wohnungst\u00fcr ist der Aufzug, was das <a href=\"https:\/\/www.stuttgarter-zeitung.de\/thema\/Wohnen\" title=\"Wohnen\" class=\"art_thema\" rel=\"nofollow noopener\" target=\"_blank\">Wohnen<\/a> im Alter leichter macht. <\/p>\n<p>Dass das Haus durch seine Bauweise und architektonische Konsequenz \u00fcberzeugt, ist offensichtlich. Dennoch wirkt das Geb\u00e4ude nicht wie ein Fremdk\u00f6rper, im Gegenteil. Der Entwurf von Pakula &amp; Fischer wertet das Quartier dezent auf. Dass das Geb\u00e4ude von jeder Seite aus betrachtet ein Gewinn ist und die \u00f6kologisch-rustikale Materialanmutung durchweg stimmt, hat am Ende dennoch einen Preis. \u201eKeine Frage, wir stehen zum nachhaltigen Bauen, doch ehrlicherweise muss man sagen: Es ist unterm Strich teurer als eine konventionelle Bauweise\u201c, sagt Marc Jansen. <\/p>\n<p> Praktisch geschnittene Wohnungen mitten in der City <\/p>\n<p>Und das wiederum spiegelt sich im Quadratmeterpreis, den sich nicht jede Familie leisten k\u00f6nnen wird. Die ersten sind trotzdem schon eingezogen. Das Absurde ist aber, dass der Bedarf an genau solchen energieeffizienten Mehrfamilienh\u00e4usern trotz aller Diskussionen und Appelle weiterhin immens ist und Menschen nicht nur in Stuttgart von genau solchen praktisch geschnittenen Wohnungen in gut gestalteten Geb\u00e4uden tr\u00e4umen. Mitten in der Stadt, f\u00fcnf Gehminuten bis zur n\u00e4chsten Stadtbahnhaltestelle, zwei Superm\u00e4rkte gleich nebenan. Einfach nur einziehen und wohnen. <\/p>\n","protected":false},"excerpt":{"rendered":"Kaum ist man um die Ecke gebogen, wird man angesprochen. Von einer unbekannten Frau, Mitte drei\u00dfig vielleicht, mit&hellip;\n","protected":false},"author":2,"featured_media":1022584,"comment_status":"","ping_status":"","sticky":false,"template":"","format":"standard","meta":{"footnotes":"","_share_on_mastodon":"0"},"categories":[1775],"tags":[2250,103613,1793,7600,29,214,21907,30,1794,12182,16363,1441,42338,215,1139,1463],"class_list":["post-1022583","post","type-post","status-publish","format-standard","has-post-thumbnail","category-kunst-und-design","tag-architektur","tag-architektur-und-wohnen","tag-art-and-design","tag-bauen","tag-deutschland","tag-entertainment","tag-extra","tag-germany","tag-kunst-und-design","tag-mehrfamilienhaus","tag-nachverdichtung","tag-stuttgart","tag-stuttgart-wangen","tag-unterhaltung","tag-waermepumpe","tag-wohnen"],"share_on_mastodon":{"url":"https:\/\/pubeurope.com\/@de\/116582335490569709","error":""},"_links":{"self":[{"href":"https:\/\/www.europesays.com\/de\/wp-json\/wp\/v2\/posts\/1022583","targetHints":{"allow":["GET"]}}],"collection":[{"href":"https:\/\/www.europesays.com\/de\/wp-json\/wp\/v2\/posts"}],"about":[{"href":"https:\/\/www.europesays.com\/de\/wp-json\/wp\/v2\/types\/post"}],"author":[{"embeddable":true,"href":"https:\/\/www.europesays.com\/de\/wp-json\/wp\/v2\/users\/2"}],"replies":[{"embeddable":true,"href":"https:\/\/www.europesays.com\/de\/wp-json\/wp\/v2\/comments?post=1022583"}],"version-history":[{"count":0,"href":"https:\/\/www.europesays.com\/de\/wp-json\/wp\/v2\/posts\/1022583\/revisions"}],"wp:featuredmedia":[{"embeddable":true,"href":"https:\/\/www.europesays.com\/de\/wp-json\/wp\/v2\/media\/1022584"}],"wp:attachment":[{"href":"https:\/\/www.europesays.com\/de\/wp-json\/wp\/v2\/media?parent=1022583"}],"wp:term":[{"taxonomy":"category","embeddable":true,"href":"https:\/\/www.europesays.com\/de\/wp-json\/wp\/v2\/categories?post=1022583"},{"taxonomy":"post_tag","embeddable":true,"href":"https:\/\/www.europesays.com\/de\/wp-json\/wp\/v2\/tags?post=1022583"}],"curies":[{"name":"wp","href":"https:\/\/api.w.org\/{rel}","templated":true}]}}