{"id":1022759,"date":"2026-05-16T06:06:15","date_gmt":"2026-05-16T06:06:15","guid":{"rendered":"https:\/\/www.europesays.com\/de\/1022759\/"},"modified":"2026-05-16T06:06:15","modified_gmt":"2026-05-16T06:06:15","slug":"fc-augsburg-emotionen-sensationen-und-das-wunder-von-belgrad-paul-verhaegh-erinnert-an-magische-naechte-mit-dem-fca","status":"publish","type":"post","link":"https:\/\/www.europesays.com\/de\/1022759\/","title":{"rendered":"FC Augsburg: Emotionen, Sensationen und das Wunder von Belgrad: Paul Verhaegh erinnert an magische N\u00e4chte mit dem FCA"},"content":{"rendered":"<p class=\"mb-6 text-xs md:text-m lg:text-l font-serif group-[.font-sans]:font-sans \">\n    Am Samstag um 15.30 Uhr hat sich Paul Verhaegh nichts vorgenommen. Dann m\u00f6chte der einstige Kapit\u00e4n des <a href=\"https:\/\/augsburger-allgemeine.de\/sport\/fc-augsburg\/\" target=\"_self\" class=\"underline \" rel=\"nofollow noopener\">FC Augsburg<\/a> in seinem Haus nahe \u2019s-Hertogenbosch sein, wenn der FCA bei Union Berlin um den Einzug in die Conference League k\u00e4mpft: \u201eIch werde es am Samstag verfolgen und dr\u00fccke dem FCA die Daumen. Es w\u00e4re sch\u00f6n, wenn es der Klub wieder schaffen w\u00fcrde\u201c, schickt der 42-J\u00e4hrige emotionale Gr\u00fc\u00dfe nach <a href=\"https:\/\/www.augsburger-allgemeine.de\/augsburg\/\" target=\"_self\" class=\"underline \" rel=\"nofollow noopener\">Augsburg<\/a>.\n  <\/p>\n","protected":false},"excerpt":{"rendered":"Am Samstag um 15.30 Uhr hat sich Paul Verhaegh nichts vorgenommen. Dann m\u00f6chte der einstige Kapit\u00e4n des FC&hellip;\n","protected":false},"author":2,"featured_media":1022760,"comment_status":"","ping_status":"","sticky":false,"template":"","format":"standard","meta":{"footnotes":"","_share_on_mastodon":"0"},"categories":[1846],"tags":[297,680,772,7114,11733,3364,29,548,663,5855,3934,483,30,13,219787,14,15,219786,12,11213,89369],"class_list":["post-1022759","post","type-post","status-publish","format-standard","has-post-thumbnail","category-augsburg","tag-1-fc-union-berlin","tag-augsburg","tag-bayern","tag-belgrad","tag-conference-league","tag-de","tag-deutschland","tag-eu","tag-europa","tag-europa-league","tag-europe","tag-fc-augsburg","tag-germany","tag-headlines","tag-jos-luhukay","tag-nachrichten","tag-news","tag-paul-verhaegh","tag-schlagzeilen","tag-sensation","tag-vitesse-arnheim"],"share_on_mastodon":{"url":"https:\/\/pubeurope.com\/@de\/116582756447367319","error":""},"_links":{"self":[{"href":"https:\/\/www.europesays.com\/de\/wp-json\/wp\/v2\/posts\/1022759","targetHints":{"allow":["GET"]}}],"collection":[{"href":"https:\/\/www.europesays.com\/de\/wp-json\/wp\/v2\/posts"}],"about":[{"href":"https:\/\/www.europesays.com\/de\/wp-json\/wp\/v2\/types\/post"}],"author":[{"embeddable":true,"href":"https:\/\/www.europesays.com\/de\/wp-json\/wp\/v2\/users\/2"}],"replies":[{"embeddable":true,"href":"https:\/\/www.europesays.com\/de\/wp-json\/wp\/v2\/comments?post=1022759"}],"version-history":[{"count":0,"href":"https:\/\/www.europesays.com\/de\/wp-json\/wp\/v2\/posts\/1022759\/revisions"}],"wp:featuredmedia":[{"embeddable":true,"href":"https:\/\/www.europesays.com\/de\/wp-json\/wp\/v2\/media\/1022760"}],"wp:attachment":[{"href":"https:\/\/www.europesays.com\/de\/wp-json\/wp\/v2\/media?parent=1022759"}],"wp:term":[{"taxonomy":"category","embeddable":true,"href":"https:\/\/www.europesays.com\/de\/wp-json\/wp\/v2\/categories?post=1022759"},{"taxonomy":"post_tag","embeddable":true,"href":"https:\/\/www.europesays.com\/de\/wp-json\/wp\/v2\/tags?post=1022759"}],"curies":[{"name":"wp","href":"https:\/\/api.w.org\/{rel}","templated":true}]}}