{"id":1022882,"date":"2026-05-16T07:18:17","date_gmt":"2026-05-16T07:18:17","guid":{"rendered":"https:\/\/www.europesays.com\/de\/1022882\/"},"modified":"2026-05-16T07:18:17","modified_gmt":"2026-05-16T07:18:17","slug":"aktivster-terrorist-der-welt-trump-militaer-eliminiert-vize-chef-der-is-miliz","status":"publish","type":"post","link":"https:\/\/www.europesays.com\/de\/1022882\/","title":{"rendered":"&#8222;Aktivster Terrorist der Welt&#8220;: Trump: Milit\u00e4r &#8222;eliminiert&#8220; Vize-Chef der IS-Miliz"},"content":{"rendered":"<p>&#8222;Aktivster Terrorist der Welt&#8220;Trump: Milit\u00e4r &#8222;eliminiert&#8220; Vize-Chef der IS-Miliz <\/p>\n<p>16.05.2026, 07:47 Uhr <\/p>\n<p>Artikel anh\u00f6ren(03:48 min)<\/p>\n<p><img decoding=\"async\" class=\"Image_img__fQCi0 Image_Img_16_9__4BLfH widget-picture-inline_maximizable__t_E7h\" loading=\"eager\" fetchpriority=\"high\" src=\"https:\/\/www.europesays.com\/de\/wp-content\/uploads\/2026\/05\/Auf-diesem-vom-US-Verteidigungsministerium-veroeffentlichten-Bild-eskortiert-ein-F-16-Fighting-Falco.webp\" alt=\"Auf-diesem-vom-US-Verteidigungsministerium-veroeffentlichten-Bild-eskortiert-ein-F-16-Fighting-Falcon-Kampfflugzeug-des-North-American-Aerospace-Defense-Command-Nordamerikanisches-Luft-und-Raumfahrtverteidigungskommando-NORAD-vorne-ein-russisches-Su-35-Kampfflugzeug-M-und-einen-Tu-95-Bear-Bomber-durch-die-Luftverteidigungs-Identifizierungszone-von-Alaska-ueber-dem-Beringmeer\"\/>Es ist unklar, ob es sich bei dem Vorgehen der US-Streitkr\u00e4fte um einen unterst\u00fctzenden Einsatz aus der Luft handelt. (Foto: picture alliance\/dpa\/Department of Defense)TeilenFolgen auf:<a href=\"https:\/\/www.whatsapp.com\/channel\/0029Va5cdVJD8SDp5YZgYF01\" title=\"Auf WhatsApp folgen\" target=\"_blank\" rel=\"nofollow noopener\"><img decoding=\"async\" src=\"https:\/\/www.n-tv.de\/socialIcons\/whatsapp.svg\" alt=\"whatsapp\" class=\"ArticleShare_icon__FsrC2\"\/><\/a><a href=\"https:\/\/www.google.com\/preferences\/source?q=n-tv.de\" title=\"ntv als bevorzugte Quelle auf Google hinzuf\u00fcgen\" target=\"_blank\" rel=\"nofollow noopener\"><img decoding=\"async\" src=\"https:\/\/www.n-tv.de\/socialIcons\/google.svg\" alt=\"whatsapp\" class=\"ArticleShare_icon__FsrC2\"\/><\/a><\/p>\n<p class=\"Typography_text-m__XI0da Typography_weight-bold__uT6mq storyline_lead_text_leadtext__q_wg8\">Nigeria wird von zahlreichen Konflikten zwischen verschiedenen Bev\u00f6lkerungsgruppen ersch\u00fcttert. US-Pr\u00e4sident Trump wirft dem Land vor, nicht genug gegen die T\u00f6tung von Christen durch den Islamischen Staat zu unternehmen. Nun verk\u00fcndet er einen Schlag gegen die Miliz. <\/p>\n<p class=\"Typography_text-default__P3otY Typography_weight-normal__pqUbH storyline_paragraph_p__qSR5N\">Bei einem gemeinsamen Einsatz der nigerianischen Streitkr\u00e4fte und des US-Milit\u00e4rs ist nach Angaben von Pr\u00e4sident Donald Trump der Vizechef der Terrororganisation Islamischer Staat (IS) &#8222;eliminiert&#8220; worden. Die Truppen h\u00e4tten Abu-Bilal al-Minuki, den &#8222;aktivsten Terroristen der Welt&#8220;, &#8222;vom Schlachtfeld entfernt&#8220;, schrieb Trump auf seiner Plattform Truth Social. &#8222;Er wird die Menschen in Afrika nicht l\u00e4nger terrorisieren oder dabei helfen, Eins\u00e4tze gegen Amerikaner zu planen&#8220;, schrieb der US-Pr\u00e4sident. <\/p>\n<p class=\"Typography_text-default__P3otY Typography_weight-normal__pqUbH storyline_paragraph_p__qSR5N\">Die weltweite Handlungsf\u00e4higkeit des IS sei damit deutlich geschw\u00e4cht worden, schrieb Trump. In seinem Post machte er keine weiteren Angaben zu dem Milit\u00e4reinsatz &#8211; weder zum Zeitpunkt und Ort noch zu m\u00f6glichen weiteren Opfern. Es blieb auch unklar, ob es sich bei dem Vorgehen der US-Streitkr\u00e4fte eher um einen unterst\u00fctzenden Einsatz aus der Luft handelte oder ob auch US-Soldaten am Boden im Einsatz waren.<\/p>\n<p class=\"Typography_text-default__P3otY Typography_weight-normal__pqUbH storyline_paragraph_p__qSR5N\">Trump dankte der nigerianischen Regierung f\u00fcr die Zusammenarbeit. Daher dr\u00e4ngt sich die Vermutung auf, dass der Milit\u00e4reinsatz in Nigeria stattgefunden hatte. Im Norden und Nordosten des westafrikanischen Landes sind mehrere Terrorgruppen aktiv, darunter die Islamisten von Boko Haram und auch IS-Ableger. Der Norden Nigerias grenzt zudem an den Sahelstaat Niger, wo ebenfalls mehrere Terrorgruppen wie der Islamische Staat aktiv sind.<\/p>\n<p class=\"Typography_text-default__P3otY Typography_weight-normal__pqUbH storyline_paragraph_p__qSR5N\">Die US-Regierung hatte den nunmehr get\u00f6teten IS-Kommandeur unter der international gel\u00e4ufigeren Namensschreibweise Al-Mainuki bereits mit Sanktionen belegt. Er soll demnach 1982 als nigerianischer Staatsb\u00fcrger geboren worden sein. Al-Minuki habe geglaubt, sich &#8222;in Afrika verstecken zu k\u00f6nnen, aber er wusste nicht, dass wir \u00fcber Quellen verf\u00fcgen, die uns \u00fcber alles, was er tat, auf dem Laufenden hielten&#8220;, so Trump. Auf seine Anweisung hin h\u00e4tten die Truppen eine minuti\u00f6s geplante und sehr komplexe Mission fehlerfrei ausgef\u00fchrt. <\/p>\n<p class=\"Typography_text-default__P3otY Typography_weight-normal__pqUbH storyline_paragraph_p__qSR5N\">Oberster Chef der Terrororganisation ist nach US-Angaben seit 2023 Abu Hafis al-Haschimi al-Kuraischi. Er ist der inzwischen f\u00fcnfte Mann an der Spitze der Terrormiliz, seit diese im Sommer 2014 in Syrien und im Irak ein &#8222;Kalifat&#8220; ausrief.<\/p>\n<p>Ersch\u00fcttert von Konflikten <\/p>\n<p class=\"Typography_text-default__P3otY Typography_weight-normal__pqUbH storyline_paragraph_p__qSR5N\">Das westafrikanische Nigeria wird von zahlreichen Konflikten zwischen verschiedenen Ethnien und Bev\u00f6lkerungsgruppen ersch\u00fcttert, denen Christen wie Muslime gleicherma\u00dfen zum Opfer fallen. Das bev\u00f6lkerungsreichste Land Afrikas ist in einen mehrheitlich muslimischen Norden und einen weitgehend christlichen S\u00fcden geteilt. Die nigerianischen Beh\u00f6rden weisen Vorw\u00fcrfe zur\u00fcck, die Christen im Land w\u00fcrden verfolgt.<\/p>\n<p class=\"Typography_text-default__P3otY Typography_weight-normal__pqUbH storyline_paragraph_p__qSR5N\">Nigerias Armee k\u00e4mpft gegen bewaffnete Banditen und Dschihadisten gleicherma\u00dfen, darunter der regionale IS-Ableger Islamischer Staat in Westafrika (ISWAP) sowie die rivalisierende Islamisten-Miliz Boko Haram. Obwohl die &#8222;Banditen&#8220; von finanziellen Interessen motiviert sind, arbeiten sie zunehmend mit Dschihadisten aus dem Nordosten zusammen.<\/p>\n<p class=\"Typography_text-default__P3otY Typography_weight-normal__pqUbH storyline_paragraph_p__qSR5N\">Die US-Armee hatte am ersten Weihnachtstag IS-Ziele im Nordwesten Nigerias angegriffen und dabei mehrere mutma\u00dfliche IS-K\u00e4mpfer get\u00f6tet. Zur Begr\u00fcndung der Angriffe f\u00fchrte US-Pr\u00e4sident Donald Trump die T\u00f6tung &#8222;unschuldiger Christen&#8220; an. Zuvor hatte er mehrfach die angebliche &#8222;gezielte T\u00f6tung&#8220; von Christen in Nigeria angeprangert, und<a class=\"inline_link\" href=\"https:\/\/www.n-tv.de\/politik\/Trump-droht-Nigeria-mit-US-Militaereinsatz-article26135442.html\" target=\"_blank\" rel=\"nofollow noopener\"> mit einem Einmarsch <\/a>von US-Truppen gedroht. <\/p>\n<p class=\"Typography_text-s__wu_cm Typography_weight-normal__pqUbH Typography_color-darkgrey__sZEnP article-detail-footer_source__KslPc\">Quelle: ntv.de, gut\/dpa\/AFP\/rts<\/p>\n","protected":false},"excerpt":{"rendered":"&#8222;Aktivster Terrorist der Welt&#8220;Trump: Milit\u00e4r &#8222;eliminiert&#8220; Vize-Chef der IS-Miliz 16.05.2026, 07:47 Uhr Artikel anh\u00f6ren(03:48 min) Es ist unklar,&hellip;\n","protected":false},"author":2,"featured_media":1022883,"comment_status":"","ping_status":"","sticky":false,"template":"","format":"standard","meta":{"footnotes":"","_share_on_mastodon":"0"},"categories":[3],"tags":[21130,106,13,556,33260,14,15,13235,16,12,2544,10,8,9,11,14953,103,104],"class_list":["post-1022882","post","type-post","status-publish","format-standard","has-post-thumbnail","category-welt","tag-islamischer-staat","tag-donald-trump","tag-headlines","tag-islamismus","tag-islamisten","tag-nachrichten","tag-news","tag-nigeria","tag-politik","tag-schlagzeilen","tag-terrorismus","tag-top-news","tag-top-meldungen","tag-topmeldungen","tag-topnews","tag-us-militaer","tag-welt","tag-world"],"share_on_mastodon":{"url":"https:\/\/pubeurope.com\/@de\/116583040881754947","error":""},"_links":{"self":[{"href":"https:\/\/www.europesays.com\/de\/wp-json\/wp\/v2\/posts\/1022882","targetHints":{"allow":["GET"]}}],"collection":[{"href":"https:\/\/www.europesays.com\/de\/wp-json\/wp\/v2\/posts"}],"about":[{"href":"https:\/\/www.europesays.com\/de\/wp-json\/wp\/v2\/types\/post"}],"author":[{"embeddable":true,"href":"https:\/\/www.europesays.com\/de\/wp-json\/wp\/v2\/users\/2"}],"replies":[{"embeddable":true,"href":"https:\/\/www.europesays.com\/de\/wp-json\/wp\/v2\/comments?post=1022882"}],"version-history":[{"count":0,"href":"https:\/\/www.europesays.com\/de\/wp-json\/wp\/v2\/posts\/1022882\/revisions"}],"wp:featuredmedia":[{"embeddable":true,"href":"https:\/\/www.europesays.com\/de\/wp-json\/wp\/v2\/media\/1022883"}],"wp:attachment":[{"href":"https:\/\/www.europesays.com\/de\/wp-json\/wp\/v2\/media?parent=1022882"}],"wp:term":[{"taxonomy":"category","embeddable":true,"href":"https:\/\/www.europesays.com\/de\/wp-json\/wp\/v2\/categories?post=1022882"},{"taxonomy":"post_tag","embeddable":true,"href":"https:\/\/www.europesays.com\/de\/wp-json\/wp\/v2\/tags?post=1022882"}],"curies":[{"name":"wp","href":"https:\/\/api.w.org\/{rel}","templated":true}]}}