{"id":1022909,"date":"2026-05-16T07:36:16","date_gmt":"2026-05-16T07:36:16","guid":{"rendered":"https:\/\/www.europesays.com\/de\/1022909\/"},"modified":"2026-05-16T07:36:16","modified_gmt":"2026-05-16T07:36:16","slug":"halle-droht-beim-ex-hammer-markt-jahrelange-gewerbebrache-haller-kreisblatt","status":"publish","type":"post","link":"https:\/\/www.europesays.com\/de\/1022909\/","title":{"rendered":"Halle droht beim Ex-Hammer-Markt jahrelange Gewerbebrache | Haller Kreisblatt"},"content":{"rendered":"<p id=\"absatz1\" class=\"em_text\">Es ist keine gute Nachricht f\u00fcr den Wirtschaftsstandort Halle. Denn mit dem Hammer-Markt verschwindet eine bekannte Marke \u2013 und dar\u00fcber hinaus ein Gesch\u00e4ft mit einem eigentlich gefragten Sortiment. \u00dcber das Management der Unternehmensgruppe lie\u00dfe sich an dieser Stelle trefflich streiten, wenn man bedenkt, dass eigentlich jede kleine bis mittlere Stadt nach Baum\u00e4rkten und Einrichtungsh\u00e4usern lechzt.<\/p>\n<p id=\"absatz2\" class=\"em_text\">Die Nachfrage nach den Produkten war grunds\u00e4tzlich da \u2013 doch anstatt hoher Kundenfrequenz und voller Regale steht an der Bundesstra\u00dfe 68 jetzt ein leerer Klotz, ges\u00e4umt von Einkaufswagen, f\u00fcr die sich so schnell kein Kunde mehr finden wird.<\/p>\n<p id=\"absatz3\" class=\"em_text\">Die Gegenwart an dieser Adresse kommt also schon tr\u00fcbe daher \u2013 die kurz- bis mittelfristigen Aussichten k\u00f6nnte man sogar als d\u00fcster bezeichnen. Denn der Stadt Halle droht an dieser doch eigentlich prominenten Adresse eine gro\u00dfe Gewerbebrache. W\u00e4hrend das Borgers-Gel\u00e4nde in der Innenstadt anders als geplant nun schon seit Jahren schlummert und auf der fr\u00fcheren Edeka-Fl\u00e4che am Klingenhagen erst nach schier ewigen Debatten und des Gezerres erste Perspektiven skizziert werden, stehen Stadt und Politik bei Ex-Hammer nun vor der n\u00e4chsten Baustelle.<\/p>\n<p>Halle setzt auf Schutz f\u00fcr seine Innenstadt &#8211; zu welchem Preis?<\/p>\n<p>        <a href=\"https:\/\/www.haller-kreisblatt.de\/_em_daten\/_cache\/image\/1xay90VnNUSm5Jak04MUlHRUU3QWhsVkF1Qy9lQzNVeXZRYk1BcjNORlZlMTJLMFcyYWxuY2hwaXZmdVNTU3h4b01nWkdmOGRJS0U1SWs4TWY0UzBJeGdGMkRRNDE2b2orZzB5T3JzbWdqRDQ9\/260513-1512-898721927.jpg\" class=\"nw-article-image\" title=\"Vor fast 20 Jahren gab die Textilrecyclingfirma Borgers den Haller Standort auf. Auch hier herrscht nun seit geraumer Zeit Stillstand.\" data-glightbox=\"type: image; description: Vor fast 20 Jahren gab die Textilrecyclingfirma Borgers den Haller Standort auf. Auch hier herrscht nun seit geraumer Zeit Stillstand.  | \u00a9 Uwe Pollmeier \" rel=\"nofollow noopener\" target=\"_blank\"><br \/>\n            <img decoding=\"async\" src=\"https:\/\/www.europesays.com\/de\/wp-content\/uploads\/2026\/05\/260513-1512-898721927.jpg\" class=\"nw-img-fluid nw-w-full nw-lazy nw-rounded-t-md\" alt=\"Vor fast 20 Jahren gab die Textilrecyclingfirma Borgers den Haller Standort auf. Auch hier herrscht nun seit geraumer Zeit Stillstand. - \u00a9 Uwe Pollmeier\" data-format=\"16:9\"\/><br \/>\n        <\/a><\/p>\n<p>                Vor fast 20 Jahren gab die Textilrecyclingfirma Borgers den Haller Standort auf. Auch hier herrscht nun seit geraumer Zeit Stillstand.<br \/>\n                                    | \u00a9 Uwe Pollmeier<\/p>\n<p id=\"absatz5\" class=\"em_text\">Die Situation ist das klassische Beispiel daf\u00fcr, wie zahlreiche nachvollziehbare Einzelinteressen zu einem \u00e4rgerlichen Gesamtergebnis f\u00fchren k\u00f6nnen. Und wie die Menschen in Deutschland nach und nach an der Komplexit\u00e4t und b\u00fcrokratischen Beh\u00e4bigkeit unseres Systems verzweifeln. Warum m\u00fcssen die Dinge nur so kompliziert sein, mag man sich fragen.<\/p>\n<p id=\"absatz6\" class=\"em_text\">Nun ja, es ist schon nachvollziehbar, dass an dieser Stelle ein spezieller Bebauungsplan verabschiedet wurde, um den Einzelhandel in der Innenstadt vor Konkurrenz vor der eigenen T\u00fcr zu sch\u00fctzen. Wenn man beobachtet, mit welchen Argusaugen die Haller H\u00e4ndler<a href=\"https:\/\/Konfrontation%20oder%20Kooperation?%20Haller%20Kaufleute%20kritisieren%20weiter%20das%20Outlet%20im%20Ravenna-Park\" rel=\"nofollow\"> jede Entwicklung im Outlet im Ravenna-Park<\/a> verfolgen, wird deutlich, wie bedroht sich die Kaufleute ohnehin schon f\u00fchlen.<\/p>\n<p id=\"absatz7\" class=\"em_text\">Problem nur: Dieser Bebauungsplan erm\u00f6glicht eigentlich nur einen Fachmarkt, wie es Hammer war. Der ist aber nun weg. Und wie schwer es ist, Gesch\u00e4fte rund um den handwerklichen Hausbedarf in eine kleine Stadt wie Halle zu locken, hat das jahrelange D\u00fcrsten nach einem Baumarkt bewiesen, das mit dem \u201eSonderpreis\u201c am K\u00fcnsebecker Weg nun zumindest auf Sparflamme befriedigt werden wird.<\/p>\n<p>Situation beim Ex-Hammer-Markt ist ein Sinnbild f\u00fcr Stillstand<\/p>\n<p>        <a href=\"https:\/\/www.haller-kreisblatt.de\/_em_daten\/_cache\/image\/1xay90VnNUSm5Jak04MUlHRUU3QWhsVkF1Qy9lQzNVeXZRYk1BcjNORlZlMTJLMFcyYWxuY2hwaXZmdVNTU3h4b0JrZ2JYZ0p1VkpmcFFFc3o5YjlGc3ZWeHltQy9tZFZtYWxnYVNFWDJ3aXc9\/260513-1512-898722105.jpg\" class=\"nw-article-image\" title=\"Das Outlet im Ravenna-Park wird von den Haller H\u00e4ndlern seit geraumer Zeit als Konkurrenz wahrgenommen.\" data-glightbox=\"type: image; description: Das Outlet im Ravenna-Park wird von den Haller H\u00e4ndlern seit geraumer Zeit als Konkurrenz wahrgenommen.  | \u00a9 Uwe Pollmeier \" rel=\"nofollow noopener\" target=\"_blank\"><br \/>\n            <img decoding=\"async\" src=\"https:\/\/www.europesays.com\/de\/wp-content\/uploads\/2026\/05\/260513-1512-898722105.jpg\" class=\"nw-img-fluid nw-w-full nw-lazy nw-rounded-t-md\" alt=\"Das Outlet im Ravenna-Park wird von den Haller H\u00e4ndlern seit geraumer Zeit als Konkurrenz wahrgenommen. - \u00a9 Uwe Pollmeier\" data-format=\"16:9\"\/><br \/>\n        <\/a><\/p>\n<p>                Das Outlet im Ravenna-Park wird von den Haller H\u00e4ndlern seit geraumer Zeit als Konkurrenz wahrgenommen.<br \/>\n                                    | \u00a9 Uwe Pollmeier<\/p>\n<p id=\"absatz9\" class=\"em_text\">Nun kommt also kein neuer Hammer an die B68 \u2013 aber was bleibt dann? Den Bebauungsplan zu \u00e4ndern klingt logisch, aber jetzt kommt eben der Punkt, in dem viele Menschen unsere B\u00fcrokratie kritisieren. Ein \u00c4nderungsverfahren wird mindestens 18 bis 24 Monate dauern \u2013 sollte ein Investor eine konflikttr\u00e4chtige Nutzung anstreben, sogar noch l\u00e4nger.<\/p>\n<p id=\"absatz10\"><b class=\"bold\">Zum Hintergrund: <\/b><a href=\"https:\/\/www.haller-kreisblatt.de\/lokal\/halle\/24328513_Darum-ist-die-Nachfolge-Suche-fuer-Halles-Hammer-Markt-so-schwierig.html\" rel=\"nofollow noopener\" target=\"_blank\">Darum ist die Nachfolge-Suche f\u00fcr Halles Hammer-Markt so schwierig<\/a><\/p>\n<p id=\"absatz11\" class=\"em_text\">Weil eben erst alles seinen Gang gehen muss. Was will man an dieser Stelle erlauben, das die Innenstadt nicht schw\u00e4cht und trotzdem interessante Optionen f\u00fcr anzusiedelnde Betriebe er\u00f6ffnet, lautet die entscheidende Frage. Und nat\u00fcrlich muss es einer Kommune auch obliegen, ihren Wirtschaftsstandort sinnvoll zu entwickeln und kein \u201eWild-West\u201c zu erm\u00f6glichen. Es gilt also, zahlreiche Argumente verschiedener Akteure abzuw\u00e4gen.<\/p>\n<p id=\"absatz12\" class=\"em_text\">Aber f\u00fcr welches Unternehmen \u2013 und es gibt offenbar verschiedene Interessenten \u2013 ist es denn attraktiv, mit wom\u00f6glich mehr als zwei Jahren Wartezeit zu kalkulieren, bis das Grundst\u00fcck zur Verf\u00fcgung steht? Bis hier wieder etwas entstehen kann, bl\u00e4ttert l\u00e4ngst der Putz beim einstigen Farbenspezialisten. Das Sinnbild f\u00fcr Stillstand.<\/p>\n<p>Verfahren wie die in Halle m\u00fcssen beschleunigt werden<\/p>\n<p id=\"absatz13\" class=\"em_text\">Viel wird in diesen Tagen dar\u00fcber gesprochen, wie wir die Abl\u00e4ufe in unserer Wirtschaft beschleunigen k\u00f6nnen. Es muss doch Wege geben, solche beh\u00f6rdlichen Verfahren zu beschleunigen, ohne ihre Wirksamkeit zu besch\u00e4digen. Andernfalls wird die Hammer-Brache auf Jahre Verwaltung, Politik, Immobilienbesitzer und potenzielle Investoren frustrieren.<\/p>\n<p id=\"absatz14\"><b class=\"bold\">Aktuelle News bekommen Sie t\u00e4glich \u00fcber den <\/b><a data-auth=\"NotApplicable\" data-linkindex=\"0\" href=\"https:\/\/whatsapp.com\/channel\/0029VagU0FW1SWsxhmHz2v0q\" rel=\"noreferrer noopener nofollow\" target=\"_blank\" title=\"https:\/\/whatsapp.com\/channel\/0029VagU0FW1SWsxhmHz2v0q\">WhatsApp-Kanal des HK<\/a> <\/p>\n","protected":false},"excerpt":{"rendered":"Es ist keine gute Nachricht f\u00fcr den Wirtschaftsstandort Halle. Denn mit dem Hammer-Markt verschwindet eine bekannte Marke \u2013&hellip;\n","protected":false},"author":2,"featured_media":1022910,"comment_status":"","ping_status":"","sticky":false,"template":"","format":"standard","meta":{"footnotes":"","_share_on_mastodon":"0"},"categories":[1841],"tags":[14314,1605,102404,3364,29,84599,30,219805,4062,9307,732,216840,42500,16896,198610,19081,164252,1612,16405,1209,20642,22870],"class_list":["post-1022909","post","type-post","status-publish","format-standard","has-post-thumbnail","category-bielefeld","tag-bebauungsplan","tag-bielefeld","tag-cnt_top-artikel","tag-de","tag-deutschland","tag-fachmarkt","tag-germany","tag-gewerbebrache","tag-halle","tag-label_foto","tag-label_frei","tag-label_ordne-fuer-mich-ein","tag-label_wirtschaft","tag-label_xl-160","tag-meta_artikelklasse_debatte","tag-meta_copyrights_hk","tag-meta_eo_zusammenfassung","tag-meta_themen_wirtschaft","tag-meta_userneeds_ordneein","tag-nordrhein-westfalen","tag-wirtschaftsstandort","tag-wochenkommentar"],"share_on_mastodon":{"url":"","error":""},"_links":{"self":[{"href":"https:\/\/www.europesays.com\/de\/wp-json\/wp\/v2\/posts\/1022909","targetHints":{"allow":["GET"]}}],"collection":[{"href":"https:\/\/www.europesays.com\/de\/wp-json\/wp\/v2\/posts"}],"about":[{"href":"https:\/\/www.europesays.com\/de\/wp-json\/wp\/v2\/types\/post"}],"author":[{"embeddable":true,"href":"https:\/\/www.europesays.com\/de\/wp-json\/wp\/v2\/users\/2"}],"replies":[{"embeddable":true,"href":"https:\/\/www.europesays.com\/de\/wp-json\/wp\/v2\/comments?post=1022909"}],"version-history":[{"count":0,"href":"https:\/\/www.europesays.com\/de\/wp-json\/wp\/v2\/posts\/1022909\/revisions"}],"wp:featuredmedia":[{"embeddable":true,"href":"https:\/\/www.europesays.com\/de\/wp-json\/wp\/v2\/media\/1022910"}],"wp:attachment":[{"href":"https:\/\/www.europesays.com\/de\/wp-json\/wp\/v2\/media?parent=1022909"}],"wp:term":[{"taxonomy":"category","embeddable":true,"href":"https:\/\/www.europesays.com\/de\/wp-json\/wp\/v2\/categories?post=1022909"},{"taxonomy":"post_tag","embeddable":true,"href":"https:\/\/www.europesays.com\/de\/wp-json\/wp\/v2\/tags?post=1022909"}],"curies":[{"name":"wp","href":"https:\/\/api.w.org\/{rel}","templated":true}]}}