{"id":1023808,"date":"2026-05-16T16:09:10","date_gmt":"2026-05-16T16:09:10","guid":{"rendered":"https:\/\/www.europesays.com\/de\/1023808\/"},"modified":"2026-05-16T16:09:10","modified_gmt":"2026-05-16T16:09:10","slug":"ratingen-50-jahre-werbegemeinschaft-lintorf","status":"publish","type":"post","link":"https:\/\/www.europesays.com\/de\/1023808\/","title":{"rendered":"Ratingen: 50 Jahre Werbegemeinschaft Lintorf"},"content":{"rendered":"<p class=\"text_ohne_einzug richtext text-em-55 !leading-serif mx-6 desktop:mx-0\">Amerika machte es vor: Auf der gr\u00fcnen Wiese vor den Toren der St\u00e4dte entstanden in den 1950er-Jahren gro\u00dfe \u00fcberdachte Einkaufszentren, die Shopping Malls. Mit rund zehn Jahren Verz\u00f6gerung schwappte der Trend auch nach Deutschland. Eigentlich gedacht, um die Versorgung in den neuen Vororten zu sichern, die oft kein Stadtzentrum hatten, bedrohten die Zentren hierzulande den Einzelhandel der \u00fcber viele Jahre gewachsenen Stadtteile. Die Gemeindereform 1975 tat ihr \u00dcbriges, um den lokalen Einzelhandel um seine Existenz bangen zu lassen. In vielen St\u00e4dten war dies die Geburtsstunde der Werbegemeinschaften.<\/p>\n","protected":false},"excerpt":{"rendered":"Amerika machte es vor: Auf der gr\u00fcnen Wiese vor den Toren der St\u00e4dte entstanden in den 1950er-Jahren gro\u00dfe&hellip;\n","protected":false},"author":2,"featured_media":1023809,"comment_status":"","ping_status":"","sticky":false,"template":"","format":"standard","meta":{"footnotes":"","_share_on_mastodon":"0"},"categories":[1838],"tags":[3364,29,3715,30,22838,19113,1209,9625],"class_list":["post-1023808","post","type-post","status-publish","format-standard","has-post-thumbnail","category-duisburg","tag-de","tag-deutschland","tag-duisburg","tag-germany","tag-ideen","tag-lintorf","tag-nordrhein-westfalen","tag-werbegemeinschaft"],"share_on_mastodon":{"url":"https:\/\/pubeurope.com\/@de\/116585127301943277","error":""},"_links":{"self":[{"href":"https:\/\/www.europesays.com\/de\/wp-json\/wp\/v2\/posts\/1023808","targetHints":{"allow":["GET"]}}],"collection":[{"href":"https:\/\/www.europesays.com\/de\/wp-json\/wp\/v2\/posts"}],"about":[{"href":"https:\/\/www.europesays.com\/de\/wp-json\/wp\/v2\/types\/post"}],"author":[{"embeddable":true,"href":"https:\/\/www.europesays.com\/de\/wp-json\/wp\/v2\/users\/2"}],"replies":[{"embeddable":true,"href":"https:\/\/www.europesays.com\/de\/wp-json\/wp\/v2\/comments?post=1023808"}],"version-history":[{"count":0,"href":"https:\/\/www.europesays.com\/de\/wp-json\/wp\/v2\/posts\/1023808\/revisions"}],"wp:featuredmedia":[{"embeddable":true,"href":"https:\/\/www.europesays.com\/de\/wp-json\/wp\/v2\/media\/1023809"}],"wp:attachment":[{"href":"https:\/\/www.europesays.com\/de\/wp-json\/wp\/v2\/media?parent=1023808"}],"wp:term":[{"taxonomy":"category","embeddable":true,"href":"https:\/\/www.europesays.com\/de\/wp-json\/wp\/v2\/categories?post=1023808"},{"taxonomy":"post_tag","embeddable":true,"href":"https:\/\/www.europesays.com\/de\/wp-json\/wp\/v2\/tags?post=1023808"}],"curies":[{"name":"wp","href":"https:\/\/api.w.org\/{rel}","templated":true}]}}