{"id":102381,"date":"2025-05-11T14:55:13","date_gmt":"2025-05-11T14:55:13","guid":{"rendered":"https:\/\/www.europesays.com\/de\/102381\/"},"modified":"2025-05-11T14:55:13","modified_gmt":"2025-05-11T14:55:13","slug":"mclaren-wird-auch-in-europa-schwer-zu-schlagen-sein","status":"publish","type":"post","link":"https:\/\/www.europesays.com\/de\/102381\/","title":{"rendered":"McLaren wird auch in Europa &#8222;schwer zu schlagen&#8220; sein"},"content":{"rendered":"<p>Ein kleiner Nackenschlag f\u00fcr Red Bull war er schon, der <a href=\"https:\/\/de.motorsport.com\/f1\/results\/\" target=\"_blank\" rel=\"noopener\">gro\u00dfe R\u00fcckstand<\/a> auf die Doppelsieger von McLaren zuletzt in Miami. Zur Erinnerung: Zweimal startete Max Verstappen zuletzt von der Pole aus ins Rennen &#8211; doch w\u00e4hrend in Dschidda nur seine Strafe f\u00fcr das Man\u00f6ver am Start die F\u00fchrung gegen Oscar Piastri kostete, und der Red-Bull-Pilot mit gerade einmal 2,8 Sekunden R\u00fcckstand Zweiter wurde, so fuhr ihm der Australier in Miami satte 40 Sekunden davon!<\/p>\n<p>Zu allem \u00dcberfluss musste Verstappen dabei nicht nur beide McLaren-Piloten letztlich klar ziehen lassen, sondern auch noch Mercedes-Pilot George Russell, <a href=\"https:\/\/de.motorsport.com\/f1\/news\/russell-mit-dem-glueck-des-tuechtigen-so-gelang-der-podiums-coup-in-miami-25050613\/3426585\/\" target=\"_blank\" rel=\"noopener\">der Gl\u00fcck mit dem virtuellen Safety-Car hatte<\/a>, und so ebenfalls durchrutschte.<\/p>\n<p>Die Positionen im Endklassement mal au\u00dfen vor gelassen &#8211; doch die Zeitabst\u00e4nde l\u00fcgen nicht, und offenbarten in Florida zuletzt einen deutlichen Einbruch bei der relativen Performance Red Bulls, den sich Teamchef Christian Horner nur so erkl\u00e4ren kann: &#8222;Ich denke, das ist streckenspezifisch. Wir wissen, dass diese Reifen sehr temperaturempfindlich sind &#8211; und hier liefen sie hei\u00dfer als in Dschidda&#8220;, sagt der Brite.<\/p>\n<p>Horner: &#8222;Glaube nicht an pl\u00f6tzlichen Aha-Moment&#8220;<\/p>\n<p>Derlei Feinheiten &#8222;k\u00f6nnen die Dinge sehr schnell \u00e4ndern&#8220;, wei\u00df Horner: &#8222;Wenn man sich die Rennverl\u00e4ufe der anderen Teams anschaut, sieht man, dass alle \u00e4hnliche Probleme hatten oder sich beschwert haben &#8211; nur McLaren hat die Situation besser in den Griff bekommen.&#8220; Das habe sich dann eben auch in der Endabrechnung gezeigt.<\/p>\n<p>Dabei halfen Red Bull auch die j\u00fcngsten Updates nicht, etwa am Unterboden &#8211; wenngleich Horner gegen\u00fcber Motorsport-Total.com in Bezug auf die neuen Teile beteuert: &#8222;Ich denke, sie haben die charakteristischen Eigenschaften geliefert, die wir gesucht haben. Sie sind Teil einer Reihe von Updates, die in den kommenden Rennen schrittweise eingef\u00fchrt werden.&#8220;<\/p>\n<p><img decoding=\"async\" draggable=\"false\" src=\"https:\/\/www.europesays.com\/de\/wp-content\/uploads\/2025\/05\/311357.jpg\" alt=\"F\u00fcr die chice Sonnenbrille ist das warme Wetter gut, sonst schadet es Red Bull eher\"\/><\/p>\n<p class=\"title text-fg-default text-body font-bold\">F\u00fcr die chice Sonnenbrille ist das warme Wetter gut, sonst schadet es Red Bull eher<\/p>\n<p class=\"photographer text-fg-muted text-body-sm\">Foto: LAT Images<\/p>\n<p>An einen schnellen Turnaround mag Horner aber nicht glauben, da gerade das thermische Management der Reifen derzeit eben schwer ins Gewicht falle, aber gleichzeitig von einer Vielzahl an Faktoren abh\u00e4nge: &#8222;Ich glaube nicht an einen pl\u00f6tzlichen Aha-Moment &#8211; es sind sehr feine Unterschiede&#8220;, erinnert der Brite abermals daran: &#8222;Wenn man nach Dschidda schaut: Unsere Rennpace und der Reifenverschlei\u00df waren dort mindestens genauso gut, wenn nicht leicht besser als bei McLaren.&#8220;<\/p>\n<p>&#8222;Zwei Wochen sp\u00e4ter &#8211; ohne dass sie gro\u00dfe \u00c4nderungen am Auto vorgenommen haben &#8211; zeigt sich einfach, dass die Strecke [in Miami] unsere Schw\u00e4chen st\u00e4rker zum Vorschein bringt&#8220;, erkl\u00e4rt Horner &#8211; und f\u00fcgt hinzu: &#8222;Obendrauf kamen unsere Bremsprobleme, die die Situation versch\u00e4rft haben. Dann verliert man die Kontrolle, und alles \u00fcberhitzt.&#8220;<\/p>\n<p>McLaren weniger sensibel: &#8222;Das ist ziemlich offensichtlich&#8220;<\/p>\n<p>Zwar komme einem prinzipiell entgegen, dass es nun in Europa &#8211; und damit vorerst mit etwas gem\u00e4\u00dfigteren Temperaturen als zuletzt in Miami oder Dschidda &#8211; weitergehe, best\u00e4tigt Horner: &#8222;Ich denke schon, deutlich sogar. Wir kehren nach Europa zur\u00fcck, auf andere Streckentypen.&#8220;<\/p>\n<p>Wunderdinge erwartet er aber auch hier nicht, denn: &#8222;Das Auto, das es derzeit zu schlagen gilt, hat einen anderen Charakter&#8220;, unterstreicht Red Bulls Teamchef, dass der McLaren als deutlich weniger wetteranf\u00e4llig gilt: &#8222;Das ist ziemlich offensichtlich.&#8220; Schlussfolgerung Horner: &#8222;Sie werden auch in den kommenden Rennen schwer zu schlagen sein.&#8220; Egal wie hoch das Thermometer im europ\u00e4ischen Fr\u00fchsommer dann auch klettert&#8230;<\/p>\n<p><img loading=\"lazy\" decoding=\"async\" src=\"https:\/\/www.europesays.com\/de\/wp-content\/uploads\/2025\/05\/d2add25fb1fb45bd904138f529ecf187.gif\" width=\"1\" height=\"1\" alt=\"\"\/>            <\/p>\n<p>In diesem Artikel<\/p>\n<p>    Frederik Hackbarth\n<\/p>\n<p>    Formel 1\n<\/p>\n<p>    Christian Horner\n<\/p>\n<p>    Red Bull\n<\/p>\n<p>    McLaren\n<\/p>\n<p>Abonniere News-Benachrichtungen per E-Mail! Damit bleibst Du bei den ausgew\u00e4hlten Themen immer auf dem aktuellen Stand!<\/p>\n<p>    News-Benachrichtigungen abonnieren<\/p>\n","protected":false},"excerpt":{"rendered":"Ein kleiner Nackenschlag f\u00fcr Red Bull war er schon, der gro\u00dfe R\u00fcckstand auf die Doppelsieger von McLaren zuletzt&hellip;\n","protected":false},"author":2,"featured_media":102382,"comment_status":"","ping_status":"","sticky":false,"template":"","format":"standard","meta":{"footnotes":""},"categories":[3933],"tags":[331,332,40559,548,663,158,3934,3935,1572,13,14635,14,15,1651,12],"class_list":{"0":"post-102381","1":"post","2":"type-post","3":"status-publish","4":"format-standard","5":"has-post-thumbnail","7":"category-eu","8":"tag-aktuelle-nachrichten","9":"tag-aktuelle-news","10":"tag-christian-horner","11":"tag-eu","12":"tag-europa","13":"tag-europaeische-union","14":"tag-europe","15":"tag-european-union","16":"tag-formel-1","17":"tag-headlines","18":"tag-mclaren","19":"tag-nachrichten","20":"tag-news","21":"tag-red-bull","22":"tag-schlagzeilen"},"share_on_mastodon":{"url":"https:\/\/pubeurope.com\/@de\/114489781347970349","error":""},"_links":{"self":[{"href":"https:\/\/www.europesays.com\/de\/wp-json\/wp\/v2\/posts\/102381","targetHints":{"allow":["GET"]}}],"collection":[{"href":"https:\/\/www.europesays.com\/de\/wp-json\/wp\/v2\/posts"}],"about":[{"href":"https:\/\/www.europesays.com\/de\/wp-json\/wp\/v2\/types\/post"}],"author":[{"embeddable":true,"href":"https:\/\/www.europesays.com\/de\/wp-json\/wp\/v2\/users\/2"}],"replies":[{"embeddable":true,"href":"https:\/\/www.europesays.com\/de\/wp-json\/wp\/v2\/comments?post=102381"}],"version-history":[{"count":0,"href":"https:\/\/www.europesays.com\/de\/wp-json\/wp\/v2\/posts\/102381\/revisions"}],"wp:featuredmedia":[{"embeddable":true,"href":"https:\/\/www.europesays.com\/de\/wp-json\/wp\/v2\/media\/102382"}],"wp:attachment":[{"href":"https:\/\/www.europesays.com\/de\/wp-json\/wp\/v2\/media?parent=102381"}],"wp:term":[{"taxonomy":"category","embeddable":true,"href":"https:\/\/www.europesays.com\/de\/wp-json\/wp\/v2\/categories?post=102381"},{"taxonomy":"post_tag","embeddable":true,"href":"https:\/\/www.europesays.com\/de\/wp-json\/wp\/v2\/tags?post=102381"}],"curies":[{"name":"wp","href":"https:\/\/api.w.org\/{rel}","templated":true}]}}