{"id":1024771,"date":"2026-05-17T02:08:21","date_gmt":"2026-05-17T02:08:21","guid":{"rendered":"https:\/\/www.europesays.com\/de\/1024771\/"},"modified":"2026-05-17T02:08:21","modified_gmt":"2026-05-17T02:08:21","slug":"ukraine-krieg-russland-attackiert-kiew-schlaegt-zurueck-neue-eskalation","status":"publish","type":"post","link":"https:\/\/www.europesays.com\/de\/1024771\/","title":{"rendered":"Ukraine-Krieg: Russland attackiert, Kiew schl\u00e4gt zur\u00fcck \u2013 neue Eskalation?"},"content":{"rendered":"<p class=\"text-18 leading-17 user-text-lg:text-22 user-text-xl:text-24\">Nach ukrainischen Angaben wurden zudem russische Ziele in Jejsk am Asowschen Meer sowie in den besetzten Gebieten in Luhansk und auf der Krim getroffen. Dabei handelte es sich demnach um ein Amphibienflugzeug Be-200 Altair, einen Ka-27-Hubschrauber, ein Flugabwehrsystem des Typs Pantsir sowie ein Frachtschiff, das Munition geladen haben soll. Moskau sprach von 355 abgefangenen Drohnen. Die Angaben beider Kriegsparteien lassen sich nicht unabh\u00e4ngig \u00fcberpr\u00fcfen.<\/p>\n<p class=\"text-18 leading-17 user-text-lg:text-22 user-text-xl:text-24\">Abzuwarten bleibt, wie eine Reaktion des Kreml aussehen k\u00f6nnte, sollte es der Ukraine gelingen, den Druck auf die russische R\u00fcstungs- und Energieindustrie zu erh\u00f6hen. Auch von russischer Seite k\u00f6nnte eine neue Eskalation drohen: Schon jetzt steht Putin zunehmend mit dem R\u00fccken zur Wand. Denn die Lage auf den Schlachtfeldern in der Ukraine entwickelt sich zuungunsten der Kremltruppen.<\/p>\n<p>Russland droht \u2013 und kommt milit\u00e4risch nicht voran<\/p>\n<p class=\"text-18 leading-17 user-text-lg:text-22 user-text-xl:text-24\">Laut den Analysten der US-Denkfabrik Institute for the Study of War haben die Ukrainer im April mehr Territorium zur\u00fcckerobert als verloren. Demnach betrugen die Gewinne etwa 116 Quadratkilometer, also in etwa die Fl\u00e4che der M\u00fcritz. Zudem konnte Russland dem Bericht nach den f\u00fcnften Monat in Folge seine hohen Verluste an Soldaten (im April laut der Ukraine rund 35.000 Tote, Vermisste und Verletzte) nicht durch Neurekrutierungen ausgleichen.<\/p>\n<p><a href=\"#focus-3\" class=\"transition-colors duration-200 block text-current relative\" data-sctrack=\"FocusGalleryImage.Reference\"><img   loading=\"lazy\" src=\"https:\/\/www.europesays.com\/de\/wp-content\/uploads\/2026\/05\/russia-regions-wwii-victory-day-parade-9160605-09-052026-russian-servicemen-stand-in-formation-durin.jpeg\" alt=\"imago images 0856073773\" title=\"imago images 0856073773\" width=\"4000\" height=\"2250\" class=\"h-full w-full max-w-full rounded-8\" decoding=\"async\"\/><img loading=\"lazy\" src=\"https:\/\/www.t-online.de\/s\/paper\/_next\/static\/media\/zoom-in.f7dae02f.svg\" alt=\"Vergr\u00f6\u00dfern des Bildes\" title=\"Vergr\u00f6\u00dfern des Bildes\" class=\"block h-[calc(var(--height)_\/_16_*_1rem)] w-[calc(var(--width)_\/_16_*_1rem)] max-w-none absolute bottom-8 right-8 rounded-4 bg-snow p-8\" style=\"--width:32;--height:32\" decoding=\"async\"\/>Russische Soldaten bei einer Milit\u00e4rparade zum &#8222;Tag des Sieges&#8220; in Jekaterinburg. (Quelle: IMAGO\/Irina Semenova\/imago)<\/a><\/p>\n<p class=\"text-18 leading-17 user-text-lg:text-22 user-text-xl:text-24\">Angesichts dessen sendet Moskau aktuell mehrere Signale, die wohl Eskalationspotenzial unterstreichen sollen. Einerseits drohte der Kreml im Zuge des &#8222;Tag des Sieges&#8220; westlichen Botschaften in Kiew mit Angriffen und implizierte dabei Attacken mit der nuklear best\u00fcckbaren Oreschnik-Rakete.<\/p>\n<p class=\"text-18 leading-17 user-text-lg:text-22 user-text-xl:text-24\">Am Dienstag lie\u00df Putin seine Milit\u00e4rs dann demonstrativ von einem gelungenen Test der neuen Atomrakete RS-28 Sarmat berichten. Sie solle Ende des Jahres in Dauereinsatz gehen, sagte er. Allerdings ist die angebliche Einsatzbereitschaft beider Raketentypen fraglich.<\/p>\n<p>&#8222;Frage des politischen Willens&#8220;<\/p>\n<p class=\"text-18 leading-17 user-text-lg:text-22 user-text-xl:text-24\">Einsch\u00fcchtern will sich die Ukraine davon nicht. Selenskyjs B\u00fcrochef, der ehemalige Geheimdienstleiter Kyrylo Budanow, sagte der &#8222;Times&#8220; mit Blick auf die M\u00f6glichkeit eines russischen Atomangriffs: &#8222;Russland ist zweifellos in der Lage, jederzeit und aus jeder Entfernung einen Atomschlag durchzuf\u00fchren.&#8220; Moskau habe die Kapazit\u00e4ten dazu. &#8222;Aber dies ist in erster Linie eine Frage des politischen Willens&#8220;, sagte er. &#8222;Ich habe keine Anzeichen f\u00fcr Vorbereitungen auf einen Atomschlag gesehen. Wenn es solche g\u00e4be, w\u00fcsste ich davon.&#8220;<\/p>\n","protected":false},"excerpt":{"rendered":"Nach ukrainischen Angaben wurden zudem russische Ziele in Jejsk am Asowschen Meer sowie in den besetzten Gebieten in&hellip;\n","protected":false},"author":2,"featured_media":1023063,"comment_status":"","ping_status":"","sticky":false,"template":"","format":"standard","meta":{"footnotes":"","_share_on_mastodon":"0"},"categories":[4013],"tags":[326,331,332,2140,3110,106,1478,2026,22461,13,5793,5020,4962,1480,308,14,15,1614,4043,4044,850,307,12,317,312,306,107],"class_list":["post-1024771","post","type-post","status-publish","format-standard","has-post-thumbnail","category-russland","tag-326","tag-aktuelle-nachrichten","tag-aktuelle-news","tag-angriff","tag-attacke","tag-donald-trump","tag-drohne","tag-eskalation","tag-feuerpause","tag-headlines","tag-kiew","tag-kreml","tag-luftangriff","tag-luftwaffe","tag-moskau","tag-nachrichten","tag-news","tag-peking","tag-russia","tag-russian-federation","tag-russische-foederation","tag-russland","tag-schlagzeilen","tag-ukraine","tag-ukrainekrieg","tag-wladimir-putin","tag-wolodymyr-selenskyj"],"share_on_mastodon":{"url":"https:\/\/pubeurope.com\/@de\/116587482800535443","error":""},"_links":{"self":[{"href":"https:\/\/www.europesays.com\/de\/wp-json\/wp\/v2\/posts\/1024771","targetHints":{"allow":["GET"]}}],"collection":[{"href":"https:\/\/www.europesays.com\/de\/wp-json\/wp\/v2\/posts"}],"about":[{"href":"https:\/\/www.europesays.com\/de\/wp-json\/wp\/v2\/types\/post"}],"author":[{"embeddable":true,"href":"https:\/\/www.europesays.com\/de\/wp-json\/wp\/v2\/users\/2"}],"replies":[{"embeddable":true,"href":"https:\/\/www.europesays.com\/de\/wp-json\/wp\/v2\/comments?post=1024771"}],"version-history":[{"count":0,"href":"https:\/\/www.europesays.com\/de\/wp-json\/wp\/v2\/posts\/1024771\/revisions"}],"wp:featuredmedia":[{"embeddable":true,"href":"https:\/\/www.europesays.com\/de\/wp-json\/wp\/v2\/media\/1023063"}],"wp:attachment":[{"href":"https:\/\/www.europesays.com\/de\/wp-json\/wp\/v2\/media?parent=1024771"}],"wp:term":[{"taxonomy":"category","embeddable":true,"href":"https:\/\/www.europesays.com\/de\/wp-json\/wp\/v2\/categories?post=1024771"},{"taxonomy":"post_tag","embeddable":true,"href":"https:\/\/www.europesays.com\/de\/wp-json\/wp\/v2\/tags?post=1024771"}],"curies":[{"name":"wp","href":"https:\/\/api.w.org\/{rel}","templated":true}]}}